{"id":3635,"date":"2019-02-25T14:47:22","date_gmt":"2019-02-25T13:47:22","guid":{"rendered":"http:\/\/agora.xtec.cat\/ielesvinyes\/?p=3635"},"modified":"2022-09-28T06:50:45","modified_gmt":"2022-09-28T04:50:45","slug":"xerrada-la-transformacio-educativa-una-visio-global-i-colloqui-amb-eduard-vallory","status":"publish","type":"post","link":"https:\/\/agora.xtec.cat\/ielesvinyes\/portada\/xerrada-la-transformacio-educativa-una-visio-global-i-colloqui-amb-eduard-vallory\/","title":{"rendered":"Xerrada &#8220;La transformaci\u00f3 educativa, una visi\u00f3 global&#8221; i col\u00b7loqui amb Eduard Vallory"},"content":{"rendered":"<p><img loading=\"lazy\" decoding=\"async\" class=\"aligncenter size-full wp-image-3637\" src=\"https:\/\/agora.xtec.cat\/ielesvinyes\/wp-content\/uploads\/usu1433\/2019\/02\/LaVeremaEduardVallory.jpg\" alt=\"\" width=\"967\" height=\"725\" srcset=\"https:\/\/agora.xtec.cat\/ielesvinyes\/wp-content\/uploads\/usu1433\/2019\/02\/LaVeremaEduardVallory.jpg 967w, https:\/\/agora.xtec.cat\/ielesvinyes\/wp-content\/uploads\/usu1433\/2019\/02\/LaVeremaEduardVallory-300x225.jpg 300w, https:\/\/agora.xtec.cat\/ielesvinyes\/wp-content\/uploads\/usu1433\/2019\/02\/LaVeremaEduardVallory-768x576.jpg 768w, https:\/\/agora.xtec.cat\/ielesvinyes\/wp-content\/uploads\/usu1433\/2019\/02\/LaVeremaEduardVallory-200x150.jpg 200w\" sizes=\"auto, (max-width: 967px) 100vw, 967px\" \/><\/p>\n<figure style=\"width: 267px\" class=\"wp-caption alignright\"><img loading=\"lazy\" decoding=\"async\" src=\"http:\/\/laverema.net\/wp-content\/uploads\/2019\/02\/eduard.png\" alt=\"\" width=\"267\" height=\"278\" \/><figcaption class=\"wp-caption-text\">Eduard Vallory, director de Escola Nova 21<\/figcaption><\/figure>\n<p>L\u2019<strong>Associaci\u00f3 La Verema<\/strong> s\u2019estrena amb un acte p\u00fablic organitzant una\u00a0<strong>confer\u00e8ncia i col\u00b7loqui amb Eduard Vallory<\/strong>, president del Centre UNESCO de Catalunya i director del programa Escola Nova 21 sobre la necessitat de transformaci\u00f3 educativa arreu del m\u00f3n.<\/p>\n<p>La xerrada tindr\u00e0 lloc\u00a0<strong>el dimecres 6 de mar\u00e7 de 18 h a 19.30 h<\/strong>\u00a0a\u00a0l\u2019Institut-Escola Les Vinyes.\u00a0<strong>L\u2019acte \u00e9s obert a tothom\u00a0<\/strong>per\u00f2 cal\u00a0<strong><a href=\"https:\/\/www.eventbrite.es\/e\/entradas-la-transformacio-educativa-un-canvi-global-54819601905\">inscripci\u00f3 pr\u00e8via.<\/a><\/strong><\/p>\n<p>Si t\u2019interessa l\u2019educaci\u00f3 i comprendre la transformaci\u00f3 educativa que s\u2019est\u00e0 produint arreu del m\u00f3n (i a casa nostra!) no et pots perdre la xerrada.\u00a0<a href=\"https:\/\/www.eventbrite.es\/e\/entradas-la-transformacio-educativa-un-canvi-global-54819601905https:\/\/www.eventbrite.es\/e\/entradas-la-transformacio-educativa-un-canvi-global-54819601905\">T\u2019hi esperem!<\/a><\/p>\n<p>Hi haur\u00e0 servei gratu\u00eft d\u2019acollida si vens amb infants de 3 a 11 anys de Les Vinyes.<\/p>\n<p>&nbsp;<\/p>\n","protected":false},"excerpt":{"rendered":"<p>L\u2019Associaci\u00f3 La Verema s\u2019estrena amb un acte p\u00fablic organitzant una\u00a0confer\u00e8ncia i col\u00b7loqui amb Eduard Vallory, president del Centre UNESCO de Catalunya i director del programa Escola Nova 21 sobre la necessitat de transformaci\u00f3 educativa arreu del m\u00f3n. La xerrada tindr\u00e0 lloc\u00a0el dimecres 6 de mar\u00e7 de 18 h a 19.30 h\u00a0a\u00a0l\u2019Institut-Escola Les Vinyes.\u00a0L\u2019acte \u00e9s obert [&hellip;]<\/p>\n","protected":false},"author":6,"featured_media":3637,"comment_status":"open","ping_status":"closed","sticky":false,"template":"","format":"standard","meta":{"_bbp_topic_count":0,"_bbp_reply_count":0,"_bbp_total_topic_count":0,"_bbp_total_reply_count":0,"_bbp_voice_count":0,"_bbp_anonymous_reply_count":0,"_bbp_topic_count_hidden":0,"_bbp_reply_count_hidden":0,"_bbp_forum_subforum_count":0,"site-sidebar-layout":"default","site-content-layout":"","ast-site-content-layout":"","site-content-style":"default","site-sidebar-style":"default","ast-global-header-display":"","ast-banner-title-visibility":"","ast-main-header-display":"","ast-hfb-above-header-display":"","ast-hfb-below-header-display":"","ast-hfb-mobile-header-display":"","site-post-title":"","ast-breadcrumbs-content":"","ast-featured-img":"","footer-sml-layout":"","theme-transparent-header-meta":"","adv-header-id-meta":"","stick-header-meta":"","header-above-stick-meta":"","header-main-stick-meta":"","header-below-stick-meta":"","astra-migrate-meta-layouts":"default","ast-page-background-enabled":"default","ast-page-background-meta":{"desktop":{"background-color":"var(--ast-global-color-4)","background-image":"","background-repeat":"repeat","background-position":"center center","background-size":"auto","background-attachment":"scroll","background-type":"","background-media":"","overlay-type":"","overlay-color":"","overlay-opacity":"","overlay-gradient":""},"tablet":{"background-color":"","background-image":"","background-repeat":"repeat","background-position":"center center","background-size":"auto","background-attachment":"scroll","background-type":"","background-media":"","overlay-type":"","overlay-color":"","overlay-opacity":"","overlay-gradient":""},"mobile":{"background-color":"","background-image":"","background-repeat":"repeat","background-position":"center center","background-size":"auto","background-attachment":"scroll","background-type":"","background-media":"","overlay-type":"","overlay-color":"","overlay-opacity":"","overlay-gradient":""}},"ast-content-background-meta":{"desktop":{"background-color":"var(--ast-global-color-5)","background-image":"","background-repeat":"repeat","background-position":"center center","background-size":"auto","background-attachment":"scroll","background-type":"","background-media":"","overlay-type":"","overlay-color":"","overlay-opacity":"","overlay-gradient":""},"tablet":{"background-color":"var(--ast-global-color-5)","background-image":"","background-repeat":"repeat","background-position":"center center","background-size":"auto","background-attachment":"scroll","background-type":"","background-media":"","overlay-type":"","overlay-color":"","overlay-opacity":"","overlay-gradient":""},"mobile":{"background-color":"var(--ast-global-color-5)","background-image":"","background-repeat":"repeat","background-position":"center center","background-size":"auto","background-attachment":"scroll","background-type":"","background-media":"","overlay-type":"","overlay-color":"","overlay-opacity":"","overlay-gradient":""}},"footnotes":""},"categories":[412,31,100,397,29,301],"tags":[],"class_list":["post-3635","post","type-post","status-publish","format-standard","has-post-thumbnail","hentry","category-2018-19","category-afa","category-infipri","category-la-verema","category-portada","category-secundaria"],"post_mailing_queue_ids":[],"_links":{"self":[{"href":"https:\/\/agora.xtec.cat\/ielesvinyes\/wp-json\/wp\/v2\/posts\/3635","targetHints":{"allow":["GET"]}}],"collection":[{"href":"https:\/\/agora.xtec.cat\/ielesvinyes\/wp-json\/wp\/v2\/posts"}],"about":[{"href":"https:\/\/agora.xtec.cat\/ielesvinyes\/wp-json\/wp\/v2\/types\/post"}],"author":[{"embeddable":true,"href":"https:\/\/agora.xtec.cat\/ielesvinyes\/wp-json\/wp\/v2\/users\/6"}],"replies":[{"embeddable":true,"href":"https:\/\/agora.xtec.cat\/ielesvinyes\/wp-json\/wp\/v2\/comments?post=3635"}],"version-history":[{"count":3,"href":"https:\/\/agora.xtec.cat\/ielesvinyes\/wp-json\/wp\/v2\/posts\/3635\/revisions"}],"predecessor-version":[{"id":3642,"href":"https:\/\/agora.xtec.cat\/ielesvinyes\/wp-json\/wp\/v2\/posts\/3635\/revisions\/3642"}],"wp:featuredmedia":[{"embeddable":true,"href":"https:\/\/agora.xtec.cat\/ielesvinyes\/wp-json\/wp\/v2\/media\/3637"}],"wp:attachment":[{"href":"https:\/\/agora.xtec.cat\/ielesvinyes\/wp-json\/wp\/v2\/media?parent=3635"}],"wp:term":[{"taxonomy":"category","embeddable":true,"href":"https:\/\/agora.xtec.cat\/ielesvinyes\/wp-json\/wp\/v2\/categories?post=3635"},{"taxonomy":"post_tag","embeddable":true,"href":"https:\/\/agora.xtec.cat\/ielesvinyes\/wp-json\/wp\/v2\/tags?post=3635"}],"curies":[{"name":"wp","href":"https:\/\/api.w.org\/{rel}","templated":true}]}}