{"id":3616,"date":"2019-02-19T12:49:53","date_gmt":"2019-02-19T11:49:53","guid":{"rendered":"http:\/\/agora.xtec.cat\/ielesvinyes\/?p=3616"},"modified":"2022-09-28T07:08:06","modified_gmt":"2022-09-28T05:08:06","slug":"exhibicio-publica-dels-projectes-transversals-del-2t","status":"publish","type":"post","link":"https:\/\/agora.xtec.cat\/ielesvinyes\/general\/exhibicio-publica-dels-projectes-transversals-del-2t\/","title":{"rendered":"Exhibici\u00f3 p\u00fablica dels Projectes transversals del 2T"},"content":{"rendered":"<p><a href=\"https:\/\/agora.xtec.cat\/ielesvinyes\/wp-content\/uploads\/usu1433\/2019\/02\/46358020424_3d924d1b6e_k.jpg\"><img loading=\"lazy\" decoding=\"async\" class=\"aligncenter wp-image-3617 size-full\" src=\"https:\/\/agora.xtec.cat\/ielesvinyes\/wp-content\/uploads\/usu1433\/2019\/02\/46358020424_3d924d1b6e_k.jpg\" alt=\"\" width=\"2048\" height=\"1536\" srcset=\"https:\/\/agora.xtec.cat\/ielesvinyes\/wp-content\/uploads\/usu1433\/2019\/02\/46358020424_3d924d1b6e_k.jpg 2048w, https:\/\/agora.xtec.cat\/ielesvinyes\/wp-content\/uploads\/usu1433\/2019\/02\/46358020424_3d924d1b6e_k-300x225.jpg 300w, https:\/\/agora.xtec.cat\/ielesvinyes\/wp-content\/uploads\/usu1433\/2019\/02\/46358020424_3d924d1b6e_k-768x576.jpg 768w, https:\/\/agora.xtec.cat\/ielesvinyes\/wp-content\/uploads\/usu1433\/2019\/02\/46358020424_3d924d1b6e_k-1024x768.jpg 1024w, https:\/\/agora.xtec.cat\/ielesvinyes\/wp-content\/uploads\/usu1433\/2019\/02\/46358020424_3d924d1b6e_k-200x150.jpg 200w\" sizes=\"auto, (max-width: 2048px) 100vw, 2048px\" \/><\/a><\/p>\n<p>Familiars, coneguts i col\u00b7laboradors, els segons <strong>Projectes transversals<\/strong>\u00a0d&#8217;aquest curs estan arribant al final. Dem\u00e0 <strong>dimecres 20 de febrer<\/strong> de 16:15 a 18:15 h tindran lloc les <strong>exhibicions p\u00fabliques<\/strong>. Us hi esperem a tots i totes!<\/p>\n<p>De la m\u00e0 dels vostres fills i filles, podreu escoltar les can\u00e7ons del <strong>Festival musical <\/strong>(aqu\u00ed la <a href=\"https:\/\/docs.google.com\/document\/d\/14n1vN-EzAEDMhyIo8Kh4bLCcz6eRnYWehYf3UUnf7Ps\/edit?usp=sharing\" target=\"_blank\" rel=\"noopener\">programaci\u00f3 espec\u00edfica<\/a>), lletres i bases musicals creades pels nois i noies de 1r d&#8217;ESO. A 2n, podreu gaudir d&#8217;<strong>intervencions art\u00edstiques distribu\u00efdes per diferents espais del centre<\/strong>, totes elles inspirades en Joan Brossa. Els nois i noies de 3r d&#8217;ESO s&#8217;han proposat superar el record de<strong> donacions de sang<\/strong>, volen demostrar un cop m\u00e9s com de solid\u00e0ria \u00e9s la comuntitat educativa de Les Vinyes. I 4t, en aquest projecte, els tenim de <strong>viatge per It\u00e0lia<\/strong>. Aix\u00ed que els enviem molts records!<\/p>\n<p>Tingueu present a l&#8217;obertura de portes (16:15 h) \u00e9s quan hi ha m\u00e9s acumulaci\u00f3 de gent. Tanmateix, consulteu el programa de m\u00e0 adjunt per saber horaris espec\u00edfics i localitzacions. Adjuntem tamb\u00e9 una programaci\u00f3 espec\u00edfica pel Festival musical de 1r d&#8217;ESO.<\/p>\n<p><strong>Per \u00faltim, recordeu que es podran fer donacions de sang fins a les 20 h<\/strong>.<br \/>\n<strong>Una gota d\u2019amor, un batec de cor. DONEU SANG!<\/strong><\/p>\n<h2>Si us plau, no us ho podeu perdre!<\/h2>\n<div id='gallery-1' class='gallery galleryid-3616 gallery-columns-2 gallery-size-large'><figure class='gallery-item'>\n\t\t\t<div class='gallery-icon portrait'>\n\t\t\t\t<a href='https:\/\/agora.xtec.cat\/ielesvinyes\/wp-content\/uploads\/usu1433\/2019\/02\/pt1-e1550576848135.jpg'><img loading=\"lazy\" decoding=\"async\" width=\"665\" height=\"888\" src=\"https:\/\/agora.xtec.cat\/ielesvinyes\/wp-content\/uploads\/usu1433\/2019\/02\/pt1-e1550576848135.jpg\" class=\"attachment-large size-large\" alt=\"\" srcset=\"https:\/\/agora.xtec.cat\/ielesvinyes\/wp-content\/uploads\/usu1433\/2019\/02\/pt1-e1550576848135.jpg 665w, https:\/\/agora.xtec.cat\/ielesvinyes\/wp-content\/uploads\/usu1433\/2019\/02\/pt1-e1550576848135-225x300.jpg 225w\" sizes=\"auto, (max-width: 665px) 100vw, 665px\" \/><\/a>\n\t\t\t<\/div><\/figure><figure class='gallery-item'>\n\t\t\t<div class='gallery-icon portrait'>\n\t\t\t\t<a href='https:\/\/agora.xtec.cat\/ielesvinyes\/wp-content\/uploads\/usu1433\/2019\/02\/pt2-e1550576800950.jpg'><img loading=\"lazy\" decoding=\"async\" width=\"717\" height=\"955\" src=\"https:\/\/agora.xtec.cat\/ielesvinyes\/wp-content\/uploads\/usu1433\/2019\/02\/pt2-e1550576800950.jpg\" class=\"attachment-large size-large\" alt=\"\" srcset=\"https:\/\/agora.xtec.cat\/ielesvinyes\/wp-content\/uploads\/usu1433\/2019\/02\/pt2-e1550576800950.jpg 717w, https:\/\/agora.xtec.cat\/ielesvinyes\/wp-content\/uploads\/usu1433\/2019\/02\/pt2-e1550576800950-225x300.jpg 225w\" sizes=\"auto, (max-width: 717px) 100vw, 717px\" \/><\/a>\n\t\t\t<\/div><\/figure><figure class='gallery-item'>\n\t\t\t<div class='gallery-icon portrait'>\n\t\t\t\t<a href='https:\/\/agora.xtec.cat\/ielesvinyes\/wp-content\/uploads\/usu1433\/2019\/02\/pt3-e1550576869876.jpg'><img loading=\"lazy\" decoding=\"async\" width=\"681\" height=\"908\" src=\"https:\/\/agora.xtec.cat\/ielesvinyes\/wp-content\/uploads\/usu1433\/2019\/02\/pt3-e1550576869876.jpg\" class=\"attachment-large size-large\" alt=\"\" srcset=\"https:\/\/agora.xtec.cat\/ielesvinyes\/wp-content\/uploads\/usu1433\/2019\/02\/pt3-e1550576869876.jpg 681w, https:\/\/agora.xtec.cat\/ielesvinyes\/wp-content\/uploads\/usu1433\/2019\/02\/pt3-e1550576869876-225x300.jpg 225w\" sizes=\"auto, (max-width: 681px) 100vw, 681px\" \/><\/a>\n\t\t\t<\/div><\/figure><figure class='gallery-item'>\n\t\t\t<div class='gallery-icon portrait'>\n\t\t\t\t<a href='https:\/\/agora.xtec.cat\/ielesvinyes\/wp-content\/uploads\/usu1433\/2019\/02\/pt4-e1550576886609.jpg'><img loading=\"lazy\" decoding=\"async\" width=\"707\" height=\"942\" src=\"https:\/\/agora.xtec.cat\/ielesvinyes\/wp-content\/uploads\/usu1433\/2019\/02\/pt4-e1550576886609.jpg\" class=\"attachment-large size-large\" alt=\"\" srcset=\"https:\/\/agora.xtec.cat\/ielesvinyes\/wp-content\/uploads\/usu1433\/2019\/02\/pt4-e1550576886609.jpg 707w, https:\/\/agora.xtec.cat\/ielesvinyes\/wp-content\/uploads\/usu1433\/2019\/02\/pt4-e1550576886609-225x300.jpg 225w\" sizes=\"auto, (max-width: 707px) 100vw, 707px\" \/><\/a>\n\t\t\t<\/div><\/figure>\n\t\t<\/div>\n\n","protected":false},"excerpt":{"rendered":"<p>Familiars, coneguts i col\u00b7laboradors, els segons Projectes transversals\u00a0d&#8217;aquest curs estan arribant al final. Dem\u00e0 dimecres 20 de febrer de 16:15 a 18:15 h tindran lloc les exhibicions p\u00fabliques. Us hi esperem a tots i totes! De la m\u00e0 dels vostres fills i filles, podreu escoltar les can\u00e7ons del Festival musical (aqu\u00ed la programaci\u00f3 espec\u00edfica), lletres [&hellip;]<\/p>\n","protected":false},"author":6,"featured_media":3617,"comment_status":"open","ping_status":"closed","sticky":false,"template":"","format":"standard","meta":{"_bbp_topic_count":0,"_bbp_reply_count":0,"_bbp_total_topic_count":0,"_bbp_total_reply_count":0,"_bbp_voice_count":0,"_bbp_anonymous_reply_count":0,"_bbp_topic_count_hidden":0,"_bbp_reply_count_hidden":0,"_bbp_forum_subforum_count":0,"site-sidebar-layout":"default","site-content-layout":"","ast-site-content-layout":"","site-content-style":"default","site-sidebar-style":"default","ast-global-header-display":"","ast-banner-title-visibility":"","ast-main-header-display":"","ast-hfb-above-header-display":"","ast-hfb-below-header-display":"","ast-hfb-mobile-header-display":"","site-post-title":"","ast-breadcrumbs-content":"","ast-featured-img":"","footer-sml-layout":"","theme-transparent-header-meta":"","adv-header-id-meta":"","stick-header-meta":"","header-above-stick-meta":"","header-main-stick-meta":"","header-below-stick-meta":"","astra-migrate-meta-layouts":"default","ast-page-background-enabled":"default","ast-page-background-meta":{"desktop":{"background-color":"var(--ast-global-color-4)","background-image":"","background-repeat":"repeat","background-position":"center center","background-size":"auto","background-attachment":"scroll","background-type":"","background-media":"","overlay-type":"","overlay-color":"","overlay-opacity":"","overlay-gradient":""},"tablet":{"background-color":"","background-image":"","background-repeat":"repeat","background-position":"center center","background-size":"auto","background-attachment":"scroll","background-type":"","background-media":"","overlay-type":"","overlay-color":"","overlay-opacity":"","overlay-gradient":""},"mobile":{"background-color":"","background-image":"","background-repeat":"repeat","background-position":"center center","background-size":"auto","background-attachment":"scroll","background-type":"","background-media":"","overlay-type":"","overlay-color":"","overlay-opacity":"","overlay-gradient":""}},"ast-content-background-meta":{"desktop":{"background-color":"var(--ast-global-color-5)","background-image":"","background-repeat":"repeat","background-position":"center center","background-size":"auto","background-attachment":"scroll","background-type":"","background-media":"","overlay-type":"","overlay-color":"","overlay-opacity":"","overlay-gradient":""},"tablet":{"background-color":"var(--ast-global-color-5)","background-image":"","background-repeat":"repeat","background-position":"center center","background-size":"auto","background-attachment":"scroll","background-type":"","background-media":"","overlay-type":"","overlay-color":"","overlay-opacity":"","overlay-gradient":""},"mobile":{"background-color":"var(--ast-global-color-5)","background-image":"","background-repeat":"repeat","background-position":"center center","background-size":"auto","background-attachment":"scroll","background-type":"","background-media":"","overlay-type":"","overlay-color":"","overlay-opacity":"","overlay-gradient":""}},"footnotes":""},"categories":[412,1,29,358,301],"tags":[394,395,391,390,392,393],"class_list":["post-3616","post","type-post","status-publish","format-standard","has-post-thumbnail","hentry","category-2018-19","category-general","category-portada","category-projectes-transversals","category-secundaria","tag-donaciosang","tag-ptdiariodiviaggio","tag-projectestransversals","tag-pt2t","tag-ptfestivalmusical","tag-ptlesbinyesambbdebrossa"],"post_mailing_queue_ids":[],"_links":{"self":[{"href":"https:\/\/agora.xtec.cat\/ielesvinyes\/wp-json\/wp\/v2\/posts\/3616","targetHints":{"allow":["GET"]}}],"collection":[{"href":"https:\/\/agora.xtec.cat\/ielesvinyes\/wp-json\/wp\/v2\/posts"}],"about":[{"href":"https:\/\/agora.xtec.cat\/ielesvinyes\/wp-json\/wp\/v2\/types\/post"}],"author":[{"embeddable":true,"href":"https:\/\/agora.xtec.cat\/ielesvinyes\/wp-json\/wp\/v2\/users\/6"}],"replies":[{"embeddable":true,"href":"https:\/\/agora.xtec.cat\/ielesvinyes\/wp-json\/wp\/v2\/comments?post=3616"}],"version-history":[{"count":3,"href":"https:\/\/agora.xtec.cat\/ielesvinyes\/wp-json\/wp\/v2\/posts\/3616\/revisions"}],"predecessor-version":[{"id":3625,"href":"https:\/\/agora.xtec.cat\/ielesvinyes\/wp-json\/wp\/v2\/posts\/3616\/revisions\/3625"}],"wp:featuredmedia":[{"embeddable":true,"href":"https:\/\/agora.xtec.cat\/ielesvinyes\/wp-json\/wp\/v2\/media\/3617"}],"wp:attachment":[{"href":"https:\/\/agora.xtec.cat\/ielesvinyes\/wp-json\/wp\/v2\/media?parent=3616"}],"wp:term":[{"taxonomy":"category","embeddable":true,"href":"https:\/\/agora.xtec.cat\/ielesvinyes\/wp-json\/wp\/v2\/categories?post=3616"},{"taxonomy":"post_tag","embeddable":true,"href":"https:\/\/agora.xtec.cat\/ielesvinyes\/wp-json\/wp\/v2\/tags?post=3616"}],"curies":[{"name":"wp","href":"https:\/\/api.w.org\/{rel}","templated":true}]}}