{"id":3471,"date":"2018-11-27T19:42:06","date_gmt":"2018-11-27T18:42:06","guid":{"rendered":"http:\/\/agora.xtec.cat\/ielesvinyes\/?p=3471"},"modified":"2018-11-27T19:43:34","modified_gmt":"2018-11-27T18:43:34","slug":"projecte-transversal-la-magia-del-cinema","status":"publish","type":"post","link":"https:\/\/agora.xtec.cat\/ielesvinyes\/portada\/projecte-transversal-la-magia-del-cinema\/","title":{"rendered":"Projecte transversal &#8220;La m\u00e0gia del cinema&#8221;"},"content":{"rendered":"<p><span style=\"font-weight: 400;\">En aquest primer projecte transversal, l\u2019alumnat de 2n d\u2019ESO s\u2019ha endinsat en la m\u00e0gia del cinema de la m\u00e0 de Georges M\u00e9li\u00e8s. Aquest mag, inventor i director esc\u00e8nic va ser la primera persona en introduir els efectes especials en el cinema i va ser tamb\u00e9 la llavor d\u2019infinites produccions audiovisuals que ens han fet somiar, imaginar, emocionar-nos\u2026<\/span><\/p>\n<p><span style=\"font-weight: 400;\">El repte consistia en filmar un curt propi utilitzant algunes de les t\u00e8cniques que utilitzava el gran mestre. Per a fer-ho calia crear una bona hist\u00f2ria tenint en compte les caracter\u00edstiques narratives b\u00e0siques. Per\u00f2 per convertir aquesta hist\u00f2ria en pel\u00b7l\u00edcula havien de tenir molts altres elements en compte a nivell d\u2019imatge, d\u2019escenografia, de rodatge&#8230; Les caracter\u00edstiques del projecte feien necessari posar en joc moltes altres destreses i coneixements a nivell d\u2019edici\u00f3. I sobretot calia treballar junts: parlar, fer, imaginar, discutir a vegades, repartir-se i organitzar la feina, arribar a acords&#8230;i moltes altres coses que fan del treball en equip un gran aprenentatge. <\/span><\/p>\n<p><span style=\"font-weight: 400;\">Durant el proc\u00e9s de treball hem comptat amb l\u2019ajut de diferents persones expertes com Iaco Subirats, cineasta i educador, Helena Salvador i Joan Salvador, escen\u00f2grafs i mestres amb una llarga traject\u00f2ria creant mons imaginaris. La seva feina, les seves idees i el seu saber fer han estat absolutament imprescindibles per al resultat final que ara us presentem. <\/span><\/p>\n<p><span style=\"font-weight: 400;\">Durant la presentaci\u00f3 p\u00fablica les fam\u00edlies van trobar tres espais expositius diferents: <\/span><\/p>\n<ul>\n<li style=\"font-weight: 400;\"><b>Sala de cinema<\/b><span style=\"font-weight: 400;\">: ambientaci\u00f3 d\u2019una sala de cinema antiga on es podien veure els curts realitzats. \u00a0<\/span><\/li>\n<li style=\"font-weight: 400;\"><b>Sala expositiva:<\/b><span style=\"font-weight: 400;\"> on podien trobar una recreaci\u00f3 de l\u2019estudi de Georges M\u00e9li\u00e8s i altres plafons informatius sobre l\u2019orige del cinema i el seu univers imaginatiu. <\/span><\/li>\n<li style=\"font-weight: 400;\"><b>Sala \u201ccom ho hem fet\u201d <\/b><span style=\"font-weight: 400;\">: on cada grup explicava el seu proc\u00e9s de treball i aprenentatge durant aquest projecte, i responia tamb\u00e9 a les q\u00fcestions que plantej\u00e0ven les fam\u00edlies. Els visitants tenien un formulari per avaluar la feina feta i fer propostes i suggeriments. En aquest espai, es mostrava tamb\u00e9 part de l\u2019escenografia que s\u2019havia creat per a gravar els curts. <\/span><\/li>\n<\/ul>\n<p style=\"text-align: center;\"><iframe loading=\"lazy\" src=\"\/\/www.youtube.com\/embed\/MSYB-2AhCnc\" width=\"560\" height=\"314\" allowfullscreen=\"allowfullscreen\" data-mce-fragment=\"1\"><\/iframe><\/p>\n<p><span style=\"font-weight: 400;\">Despr\u00e9s del visionat dels curts les fam\u00edlies van votar les diferents produccions. <\/span><\/p>\n<p><span style=\"font-weight: 400;\">Volem aprofitar aquest espai per donar a con\u00e8ixer el veredicte del p\u00fablic i la cr\u00edtica que considera que els dos millors curts s\u00f3n: <\/span><\/p>\n<ul>\n<li style=\"font-weight: 400;\"><span style=\"font-weight: 400;\">La gran evasi\u00f3<\/span><\/li>\n<li style=\"font-weight: 400;\"><span style=\"font-weight: 400;\">Feelings <\/span><\/li>\n<\/ul>\n<p><span style=\"font-weight: 400;\">Els dos equips guanyadors representaran a l\u2019escola al <\/span><a href=\"https:\/\/www.participamelies.com\/ca\/\"><span style=\"font-weight: 400;\">Concurs Participa M\u00e9li\u00e8s<\/span><\/a><span style=\"font-weight: 400;\"> i els seus membres tindran tamb\u00e9 \u201cun regal de cine\u201d. <\/span><\/p>\n<p><span style=\"font-weight: 400;\">Han estat deu dies intensos, plens d\u2019an\u00e9cdotes, d\u2019aprenentatges, de disfresses i hist\u00f2ries, d\u2019escenes que ja no oblidarem (algunes a la plantalla, i altres a l\u2019aula)&#8230;<\/span><\/p>\n<p><span style=\"font-weight: 400;\">Aqu\u00ed us deixem una emprempta de tot aix\u00f2.<\/span><\/p>\n<p><a title=\"PT 21 LA MAGIA DEL CINEMA\" href=\"https:\/\/www.flickr.com\/photos\/ielesvinyes\/albums\/72157701491695311\" data-flickr-embed=\"true\"><img decoding=\"async\" src=\"https:\/\/farm5.staticflickr.com\/4910\/45119420494_de7caa5628_z.jpg\" alt=\"PT 21 LA MAGIA DEL CINEMA\" \/><\/a><script async=\"\" src=\"\/\/embedr.flickr.com\/assets\/client-code.js\" charset=\"utf-8\"><\/script><\/p>\n<p><span style=\"font-weight: 400;\">Amb el cinema es fa m\u00e0gia, ho sabieu? <\/span><\/p>\n","protected":false},"excerpt":{"rendered":"<p>En aquest primer projecte transversal, l\u2019alumnat de 2n d\u2019ESO s\u2019ha endinsat en la m\u00e0gia del cinema de la m\u00e0 de Georges M\u00e9li\u00e8s. Aquest mag, inventor i director esc\u00e8nic va ser la primera persona en introduir els efectes especials en el cinema i va ser tamb\u00e9 la llavor d\u2019infinites produccions audiovisuals que ens han fet somiar, [&hellip;]<\/p>\n","protected":false},"author":6,"featured_media":3478,"comment_status":"open","ping_status":"closed","sticky":false,"template":"","format":"standard","meta":{"_bbp_topic_count":0,"_bbp_reply_count":0,"_bbp_total_topic_count":0,"_bbp_total_reply_count":0,"_bbp_voice_count":0,"_bbp_anonymous_reply_count":0,"_bbp_topic_count_hidden":0,"_bbp_reply_count_hidden":0,"_bbp_forum_subforum_count":0,"site-sidebar-layout":"default","site-content-layout":"","ast-site-content-layout":"","site-content-style":"default","site-sidebar-style":"default","ast-global-header-display":"","ast-banner-title-visibility":"","ast-main-header-display":"","ast-hfb-above-header-display":"","ast-hfb-below-header-display":"","ast-hfb-mobile-header-display":"","site-post-title":"","ast-breadcrumbs-content":"","ast-featured-img":"","footer-sml-layout":"","theme-transparent-header-meta":"","adv-header-id-meta":"","stick-header-meta":"","header-above-stick-meta":"","header-main-stick-meta":"","header-below-stick-meta":"","astra-migrate-meta-layouts":"default","ast-page-background-enabled":"default","ast-page-background-meta":{"desktop":{"background-color":"var(--ast-global-color-4)","background-image":"","background-repeat":"repeat","background-position":"center center","background-size":"auto","background-attachment":"scroll","background-type":"","background-media":"","overlay-type":"","overlay-color":"","overlay-opacity":"","overlay-gradient":""},"tablet":{"background-color":"","background-image":"","background-repeat":"repeat","background-position":"center center","background-size":"auto","background-attachment":"scroll","background-type":"","background-media":"","overlay-type":"","overlay-color":"","overlay-opacity":"","overlay-gradient":""},"mobile":{"background-color":"","background-image":"","background-repeat":"repeat","background-position":"center center","background-size":"auto","background-attachment":"scroll","background-type":"","background-media":"","overlay-type":"","overlay-color":"","overlay-opacity":"","overlay-gradient":""}},"ast-content-background-meta":{"desktop":{"background-color":"var(--ast-global-color-5)","background-image":"","background-repeat":"repeat","background-position":"center center","background-size":"auto","background-attachment":"scroll","background-type":"","background-media":"","overlay-type":"","overlay-color":"","overlay-opacity":"","overlay-gradient":""},"tablet":{"background-color":"var(--ast-global-color-5)","background-image":"","background-repeat":"repeat","background-position":"center center","background-size":"auto","background-attachment":"scroll","background-type":"","background-media":"","overlay-type":"","overlay-color":"","overlay-opacity":"","overlay-gradient":""},"mobile":{"background-color":"var(--ast-global-color-5)","background-image":"","background-repeat":"repeat","background-position":"center center","background-size":"auto","background-attachment":"scroll","background-type":"","background-media":"","overlay-type":"","overlay-color":"","overlay-opacity":"","overlay-gradient":""}},"footnotes":""},"categories":[29,301],"tags":[384],"class_list":["post-3471","post","type-post","status-publish","format-standard","has-post-thumbnail","hentry","category-portada","category-secundaria","tag-pt21-1819"],"post_mailing_queue_ids":[],"_links":{"self":[{"href":"https:\/\/agora.xtec.cat\/ielesvinyes\/wp-json\/wp\/v2\/posts\/3471","targetHints":{"allow":["GET"]}}],"collection":[{"href":"https:\/\/agora.xtec.cat\/ielesvinyes\/wp-json\/wp\/v2\/posts"}],"about":[{"href":"https:\/\/agora.xtec.cat\/ielesvinyes\/wp-json\/wp\/v2\/types\/post"}],"author":[{"embeddable":true,"href":"https:\/\/agora.xtec.cat\/ielesvinyes\/wp-json\/wp\/v2\/users\/6"}],"replies":[{"embeddable":true,"href":"https:\/\/agora.xtec.cat\/ielesvinyes\/wp-json\/wp\/v2\/comments?post=3471"}],"version-history":[{"count":3,"href":"https:\/\/agora.xtec.cat\/ielesvinyes\/wp-json\/wp\/v2\/posts\/3471\/revisions"}],"predecessor-version":[{"id":3477,"href":"https:\/\/agora.xtec.cat\/ielesvinyes\/wp-json\/wp\/v2\/posts\/3471\/revisions\/3477"}],"wp:featuredmedia":[{"embeddable":true,"href":"https:\/\/agora.xtec.cat\/ielesvinyes\/wp-json\/wp\/v2\/media\/3478"}],"wp:attachment":[{"href":"https:\/\/agora.xtec.cat\/ielesvinyes\/wp-json\/wp\/v2\/media?parent=3471"}],"wp:term":[{"taxonomy":"category","embeddable":true,"href":"https:\/\/agora.xtec.cat\/ielesvinyes\/wp-json\/wp\/v2\/categories?post=3471"},{"taxonomy":"post_tag","embeddable":true,"href":"https:\/\/agora.xtec.cat\/ielesvinyes\/wp-json\/wp\/v2\/tags?post=3471"}],"curies":[{"name":"wp","href":"https:\/\/api.w.org\/{rel}","templated":true}]}}