{"id":3429,"date":"2018-07-23T11:16:47","date_gmt":"2018-07-23T09:16:47","guid":{"rendered":"http:\/\/agora.xtec.cat\/ielesvinyes\/?p=3429"},"modified":"2018-07-23T11:25:22","modified_gmt":"2018-07-23T09:25:22","slug":"informacions-dinici-del-curs-2018-19","status":"publish","type":"post","link":"https:\/\/agora.xtec.cat\/ielesvinyes\/portada\/informacions-dinici-del-curs-2018-19\/","title":{"rendered":"Informacions d&#8217;inici del curs 2018-19"},"content":{"rendered":"<p>Us comuniquem informacions importants de cara a la planificaci\u00f3 de l&#8217;inici del proper curs 2018-19.<\/p>\n<p><strong>Inici de curs:<\/strong>\u00a0dimecres 12 de setembre<\/p>\n<h3><strong>Horari<\/strong><\/h3>\n<p><strong>Infantil i Prim\u00e0ria<\/strong><br \/>\nMatins: de 9 a 12:30 h.<br \/>\nTardes: de 15 a 16:30 h.<br \/>\nEI3 fa horari d\u2019adaptaci\u00f3 els dies 12, 13 i 14 de setembre.<\/p>\n<p><strong>Secund\u00e0ria<\/strong><br \/>\n1r ESO. Els dies 12 i 13 faran un horari especial pel Pla d\u2019acollida: de 9 a 13:30 h. A partir del dia 14, iniciaran l\u2019horari lectiu habitual a tots els cursos, de 8 a 14:30 h.<br \/>\n2n, 3r i 4t ESO. Comencen el dia 12 amb l\u2019horari lectiu habitual de 8 a 14:30 h.<\/p>\n<h3><strong>Recuperacions a secund\u00e0ria<\/strong><\/h3>\n<p>Us recordem que els dies <b>3 i 4 de setembre<\/b> hi ha les recuperacions, i que els criteris de recuperaci\u00f3 us els han proporcionat els vostres tutors\/es individuals i\/o estan disponibles a la plataforma de seguiment pertinent.<\/p>\n<p style=\"padding-left: 30px;\"><em>3 de setembre<\/em><br \/>\n11 a 12:30 h &#8211; Socials<br \/>\n12 a 13 h &#8211; Matem\u00e0tiques<br \/>\n13 a 14 h &#8211; Angl\u00e8s &#8211; Educaci\u00f3 f\u00edsica<\/p>\n<p style=\"padding-left: 30px;\"><em>4 de setembre<\/em><br \/>\n9 a 10 h Ci\u00e8ncies<br \/>\n10 a 11 h Catal\u00e0<br \/>\n11:30 a 12:30 Filosofia &#8211; Eticoc\u00edvica<br \/>\n12:30 a 13:30\u00a0Castell\u00e0<\/p>\n<p>Les recuperacions es realitzaran a les aules de 1r d\u2019ESO.<\/p>\n<p>Cal que els alumnes que hagin de recuperar Matem\u00e0tiques amb la Merc\u00e8 portin l\u2019ordinador per fer les recuperacions.<\/p>\n<p>Si per recuperar cal fer prova de recuperaci\u00f3 i dossier, aquest es lliurar\u00e0 en el moment de fer la prova. En cas que nom\u00e9s calgui lliurar dossier caldr\u00e0 lliurar-lo a consergeria el dia 3 de setembre de 10 a 13:30.<\/p>\n<p>El <strong>lliurament de butlletins<\/strong> es far\u00e0 a l\u2019aula de tutoria assignada durant el curs 2017-18 el dia 5 a les 12:30 h per als alumnes de 4t i la resta de cursos el dia 6 a les 10 h.<\/p>\n<p>El <strong>per\u00edode de reclamacions<\/strong> ser\u00e0 el dia 6 per a 4t d\u2019ESO i el dia 7 per a la resta de grups, de 9 a 11 h en tots dos casos.<\/p>\n<p>&nbsp;<\/p>\n<h3><strong>Servei de menjador<\/strong><\/h3>\n<p><strong>EI3:<\/strong>\u00a0Inici el 17 de setembre (es recomana esperar com a m\u00ednim al dia 24)<br \/>\n<strong>EI4, EI5 i Prim\u00e0ria:<\/strong>\u00a0Inici el dia 12 de setembre<br \/>\n<strong>ESO:<\/strong>\u00a0les fam\u00edlies interessades heu d\u2019enviar un mail a l\u2019AMPA (ampa@ielesvinyes.net).<\/p>\n<h3><strong>Recollida d&#8217;ordinadors 1r ESO<\/strong><\/h3>\n<p>Dilluns 10 de setembre de 18 a 19 h a les aules de 1r d&#8217;ESO.<\/p>\n<h3><strong>Agenda<br \/>\n<\/strong><\/h3>\n<p>Us recordem que no cal que en compreu cap. En comen\u00e7ar el curs en donarem una a tot l\u2019alumnat de prim\u00e0ria i secund\u00e0ria.<\/p>\n<h4>Aquest curs va comen\u00e7ar ple de desitjos, que ens han acompanyat fins al final. De bon segur que molts d&#8217;ells ja s&#8217;han acomplert, i d&#8217;altres queden pendents, aix\u00ed que aprofitem per desitjar-vos, juntament amb l\u2019equip de professors\/es i la resta de personal del centre, que acabeu de passar un bon estiu i que vingueu al setembre amb la motxilla plena de nous i millors desitjos!<\/h4>\n<p><a href=\"http:\/\/agora.xtec.cat\/ielesvinyes\/wp-content\/uploads\/usu1433\/2018\/07\/37060764741_c8e50b7df3_k.jpg\"><img loading=\"lazy\" decoding=\"async\" class=\"alignnone size-large wp-image-3435\" src=\"http:\/\/agora.xtec.cat\/ielesvinyes\/wp-content\/uploads\/usu1433\/2018\/07\/37060764741_c8e50b7df3_k-1024x576.jpg\" alt=\"\" width=\"1024\" height=\"576\" srcset=\"https:\/\/agora.xtec.cat\/ielesvinyes\/wp-content\/uploads\/usu1433\/2018\/07\/37060764741_c8e50b7df3_k-1024x576.jpg 1024w, https:\/\/agora.xtec.cat\/ielesvinyes\/wp-content\/uploads\/usu1433\/2018\/07\/37060764741_c8e50b7df3_k-300x169.jpg 300w, https:\/\/agora.xtec.cat\/ielesvinyes\/wp-content\/uploads\/usu1433\/2018\/07\/37060764741_c8e50b7df3_k-768x432.jpg 768w, https:\/\/agora.xtec.cat\/ielesvinyes\/wp-content\/uploads\/usu1433\/2018\/07\/37060764741_c8e50b7df3_k.jpg 2048w\" sizes=\"auto, (max-width: 1024px) 100vw, 1024px\" \/><\/a><\/p>\n<p>Equip directiu<\/p>\n","protected":false},"excerpt":{"rendered":"<p>Us comuniquem informacions importants de cara a la planificaci\u00f3 de l&#8217;inici del proper curs 2018-19. Inici de curs:\u00a0dimecres 12 de setembre Horari Infantil i Prim\u00e0ria Matins: de 9 a 12:30 h. Tardes: de 15 a 16:30 h. EI3 fa horari d\u2019adaptaci\u00f3 els dies 12, 13 i 14 de setembre. Secund\u00e0ria 1r ESO. Els dies 12 [&hellip;]<\/p>\n","protected":false},"author":1,"featured_media":3435,"comment_status":"open","ping_status":"closed","sticky":false,"template":"","format":"standard","meta":{"_bbp_topic_count":0,"_bbp_reply_count":0,"_bbp_total_topic_count":0,"_bbp_total_reply_count":0,"_bbp_voice_count":0,"_bbp_anonymous_reply_count":0,"_bbp_topic_count_hidden":0,"_bbp_reply_count_hidden":0,"_bbp_forum_subforum_count":0,"site-sidebar-layout":"default","site-content-layout":"","ast-site-content-layout":"","site-content-style":"default","site-sidebar-style":"default","ast-global-header-display":"","ast-banner-title-visibility":"","ast-main-header-display":"","ast-hfb-above-header-display":"","ast-hfb-below-header-display":"","ast-hfb-mobile-header-display":"","site-post-title":"","ast-breadcrumbs-content":"","ast-featured-img":"","footer-sml-layout":"","theme-transparent-header-meta":"","adv-header-id-meta":"","stick-header-meta":"","header-above-stick-meta":"","header-main-stick-meta":"","header-below-stick-meta":"","astra-migrate-meta-layouts":"default","ast-page-background-enabled":"default","ast-page-background-meta":{"desktop":{"background-color":"var(--ast-global-color-4)","background-image":"","background-repeat":"repeat","background-position":"center center","background-size":"auto","background-attachment":"scroll","background-type":"","background-media":"","overlay-type":"","overlay-color":"","overlay-opacity":"","overlay-gradient":""},"tablet":{"background-color":"","background-image":"","background-repeat":"repeat","background-position":"center center","background-size":"auto","background-attachment":"scroll","background-type":"","background-media":"","overlay-type":"","overlay-color":"","overlay-opacity":"","overlay-gradient":""},"mobile":{"background-color":"","background-image":"","background-repeat":"repeat","background-position":"center center","background-size":"auto","background-attachment":"scroll","background-type":"","background-media":"","overlay-type":"","overlay-color":"","overlay-opacity":"","overlay-gradient":""}},"ast-content-background-meta":{"desktop":{"background-color":"var(--ast-global-color-5)","background-image":"","background-repeat":"repeat","background-position":"center center","background-size":"auto","background-attachment":"scroll","background-type":"","background-media":"","overlay-type":"","overlay-color":"","overlay-opacity":"","overlay-gradient":""},"tablet":{"background-color":"var(--ast-global-color-5)","background-image":"","background-repeat":"repeat","background-position":"center center","background-size":"auto","background-attachment":"scroll","background-type":"","background-media":"","overlay-type":"","overlay-color":"","overlay-opacity":"","overlay-gradient":""},"mobile":{"background-color":"var(--ast-global-color-5)","background-image":"","background-repeat":"repeat","background-position":"center center","background-size":"auto","background-attachment":"scroll","background-type":"","background-media":"","overlay-type":"","overlay-color":"","overlay-opacity":"","overlay-gradient":""}},"footnotes":""},"categories":[100,29,301],"tags":[],"class_list":["post-3429","post","type-post","status-publish","format-standard","has-post-thumbnail","hentry","category-infipri","category-portada","category-secundaria"],"post_mailing_queue_ids":[],"_links":{"self":[{"href":"https:\/\/agora.xtec.cat\/ielesvinyes\/wp-json\/wp\/v2\/posts\/3429","targetHints":{"allow":["GET"]}}],"collection":[{"href":"https:\/\/agora.xtec.cat\/ielesvinyes\/wp-json\/wp\/v2\/posts"}],"about":[{"href":"https:\/\/agora.xtec.cat\/ielesvinyes\/wp-json\/wp\/v2\/types\/post"}],"author":[{"embeddable":true,"href":"https:\/\/agora.xtec.cat\/ielesvinyes\/wp-json\/wp\/v2\/users\/1"}],"replies":[{"embeddable":true,"href":"https:\/\/agora.xtec.cat\/ielesvinyes\/wp-json\/wp\/v2\/comments?post=3429"}],"version-history":[{"count":4,"href":"https:\/\/agora.xtec.cat\/ielesvinyes\/wp-json\/wp\/v2\/posts\/3429\/revisions"}],"predecessor-version":[{"id":3439,"href":"https:\/\/agora.xtec.cat\/ielesvinyes\/wp-json\/wp\/v2\/posts\/3429\/revisions\/3439"}],"wp:featuredmedia":[{"embeddable":true,"href":"https:\/\/agora.xtec.cat\/ielesvinyes\/wp-json\/wp\/v2\/media\/3435"}],"wp:attachment":[{"href":"https:\/\/agora.xtec.cat\/ielesvinyes\/wp-json\/wp\/v2\/media?parent=3429"}],"wp:term":[{"taxonomy":"category","embeddable":true,"href":"https:\/\/agora.xtec.cat\/ielesvinyes\/wp-json\/wp\/v2\/categories?post=3429"},{"taxonomy":"post_tag","embeddable":true,"href":"https:\/\/agora.xtec.cat\/ielesvinyes\/wp-json\/wp\/v2\/tags?post=3429"}],"curies":[{"name":"wp","href":"https:\/\/api.w.org\/{rel}","templated":true}]}}