{"id":3359,"date":"2018-06-18T15:58:59","date_gmt":"2018-06-18T13:58:59","guid":{"rendered":"http:\/\/agora.xtec.cat\/ielesvinyes\/?p=3359"},"modified":"2018-07-13T19:28:08","modified_gmt":"2018-07-13T17:28:08","slug":"exhibicio-publica-dels-projectes-transversals-2","status":"publish","type":"post","link":"https:\/\/agora.xtec.cat\/ielesvinyes\/portada\/exhibicio-publica-dels-projectes-transversals-2\/","title":{"rendered":"Exhibici\u00f3 p\u00fablica dels Projectes transversals!"},"content":{"rendered":"<p><a href=\"http:\/\/agora.xtec.cat\/ielesvinyes\/wp-content\/uploads\/usu1433\/2018\/06\/29001874048_afd2ae5810_k1.jpg\"><img loading=\"lazy\" decoding=\"async\" class=\"alignnone wp-image-3363 size-large\" src=\"http:\/\/agora.xtec.cat\/ielesvinyes\/wp-content\/uploads\/usu1433\/2018\/06\/29001874048_afd2ae5810_k1-e1529330297879-1024x489.jpg\" alt=\"\" width=\"1024\" height=\"489\" srcset=\"https:\/\/agora.xtec.cat\/ielesvinyes\/wp-content\/uploads\/usu1433\/2018\/06\/29001874048_afd2ae5810_k1-e1529330297879-1024x489.jpg 1024w, https:\/\/agora.xtec.cat\/ielesvinyes\/wp-content\/uploads\/usu1433\/2018\/06\/29001874048_afd2ae5810_k1-e1529330297879-300x143.jpg 300w, https:\/\/agora.xtec.cat\/ielesvinyes\/wp-content\/uploads\/usu1433\/2018\/06\/29001874048_afd2ae5810_k1-e1529330297879-768x366.jpg 768w, https:\/\/agora.xtec.cat\/ielesvinyes\/wp-content\/uploads\/usu1433\/2018\/06\/29001874048_afd2ae5810_k1-e1529330297879.jpg 2048w\" sizes=\"auto, (max-width: 1024px) 100vw, 1024px\" \/><\/a><\/p>\n<h3>Itineraris &#8211; 1r d&#8217;ESO<\/h3>\n<p><b><a href=\"http:\/\/agora.xtec.cat\/ielesvinyes\/wp-content\/uploads\/usu1433\/2018\/06\/IMG-20180608-WA0051-e1529330128106.jpg\"><img loading=\"lazy\" decoding=\"async\" class=\" wp-image-3369 alignright\" src=\"http:\/\/agora.xtec.cat\/ielesvinyes\/wp-content\/uploads\/usu1433\/2018\/06\/IMG-20180608-WA0051-e1529330128106-1024x371.jpg\" alt=\"\" width=\"632\" height=\"229\" srcset=\"https:\/\/agora.xtec.cat\/ielesvinyes\/wp-content\/uploads\/usu1433\/2018\/06\/IMG-20180608-WA0051-e1529330128106-1024x371.jpg 1024w, https:\/\/agora.xtec.cat\/ielesvinyes\/wp-content\/uploads\/usu1433\/2018\/06\/IMG-20180608-WA0051-e1529330128106-300x109.jpg 300w, https:\/\/agora.xtec.cat\/ielesvinyes\/wp-content\/uploads\/usu1433\/2018\/06\/IMG-20180608-WA0051-e1529330128106-768x278.jpg 768w, https:\/\/agora.xtec.cat\/ielesvinyes\/wp-content\/uploads\/usu1433\/2018\/06\/IMG-20180608-WA0051-e1529330128106.jpg 1600w\" sizes=\"auto, (max-width: 632px) 100vw, 632px\" \/><\/a>Castellbisbal<\/b> est\u00e0 farcit d\u2019indrets amb un enorme inter\u00e8s cultural, social i natural. Els nois i noies de 1r d\u2019ESO els han investigat i han dissenyat diferents <b>itineraris<\/b>. Dimecres els propis alumnes us acompanyaran a descobrir l\u2019itinerari que us interessi!<\/p>\n<p><b>Horari.<\/b> Dimecres 20 de juny, de 17 a 19 h.<\/p>\n<p><b>Lloc de trobada. <\/b>Aules de 1r d\u2019ESO.<\/p>\n<p><b>Informaci\u00f3 addicional.<\/b> Els itineraris s\u00f3n a l\u2019aire lliure i tenen una durada aproximada d\u2019una hora. Porteu roba c\u00f2mode i protecci\u00f3 solar (gorra i crema). Els vostres guies us proporcionaran aigua!<\/p>\n<h3>R\u00e0dio Les Vinyes en directe &#8211; 2n d&#8217;ESO<\/h3>\n<p><a href=\"http:\/\/agora.xtec.cat\/ielesvinyes\/wp-content\/uploads\/usu1433\/2018\/06\/40779133830_8af10958e8_z.jpg\"><img loading=\"lazy\" decoding=\"async\" class=\"wp-image-3365 alignright\" src=\"http:\/\/agora.xtec.cat\/ielesvinyes\/wp-content\/uploads\/usu1433\/2018\/06\/40779133830_8af10958e8_z-e1529329966832.jpg\" alt=\"\" width=\"632\" height=\"233\" srcset=\"https:\/\/agora.xtec.cat\/ielesvinyes\/wp-content\/uploads\/usu1433\/2018\/06\/40779133830_8af10958e8_z-e1529329966832.jpg 640w, https:\/\/agora.xtec.cat\/ielesvinyes\/wp-content\/uploads\/usu1433\/2018\/06\/40779133830_8af10958e8_z-e1529329966832-300x111.jpg 300w\" sizes=\"auto, (max-width: 632px) 100vw, 632px\" \/><\/a>La r\u00e0dio \u00e9s un mitj\u00e0 de comunicaci\u00f3 que ens pot acompanyar a tothora i a tot arreu. Els nois i noies de 2n d\u2019ESO han estat creant programes de r\u00e0dio per explicar les seves experi\u00e8ncies a L\u2019Escala i talls d\u2019altres projectes. El dimecres faran un programa en directe!<\/p>\n<p><b>Horari.<\/b> Dimecres 20 de juny, de 17 a 19 h. Un cop comen\u00e7at el programa us demanem que entreu en silenci.<\/p>\n<p><b>Lloc de trobada. <\/b>Biblioteca del centre.<\/p>\n<p><b>Informaci\u00f3 addicional.<\/b> Podreu escoltar el programa en directe o gravat a:\u00a0<a href=\"http:\/\/bit.ly\/RadioLesVinyesPT\">bit.ly\/RadioLesVinyesPT<\/a>\u00a0. Tamb\u00e9 hi podreu trobar els altres projectes del curs.<\/p>\n<h3>LesVinyes World Race &#8211; 3r d&#8217;ESO<\/h3>\n<p><a href=\"http:\/\/agora.xtec.cat\/ielesvinyes\/wp-content\/uploads\/usu1433\/2018\/06\/41062971750_6d4afd589d_k.jpg\"><img loading=\"lazy\" decoding=\"async\" class=\"alignright wp-image-3367 \" src=\"http:\/\/agora.xtec.cat\/ielesvinyes\/wp-content\/uploads\/usu1433\/2018\/06\/41062971750_6d4afd589d_k-e1529330069337-1024x389.jpg\" alt=\"\" width=\"631\" height=\"240\" srcset=\"https:\/\/agora.xtec.cat\/ielesvinyes\/wp-content\/uploads\/usu1433\/2018\/06\/41062971750_6d4afd589d_k-e1529330069337-1024x389.jpg 1024w, https:\/\/agora.xtec.cat\/ielesvinyes\/wp-content\/uploads\/usu1433\/2018\/06\/41062971750_6d4afd589d_k-e1529330069337-300x114.jpg 300w, https:\/\/agora.xtec.cat\/ielesvinyes\/wp-content\/uploads\/usu1433\/2018\/06\/41062971750_6d4afd589d_k-e1529330069337-768x292.jpg 768w, https:\/\/agora.xtec.cat\/ielesvinyes\/wp-content\/uploads\/usu1433\/2018\/06\/41062971750_6d4afd589d_k-e1529330069337.jpg 2048w\" sizes=\"auto, (max-width: 631px) 100vw, 631px\" \/><\/a>Navegaci\u00f3, construcci\u00f3 naval, competici\u00f3 n\u00e0utica\u2026 Els nois i noies de 3r d\u2019ESO s\u2019han apropat a la mar, han descobert el <b>principi d\u2019Arqu\u00edmedes<\/b> i han constru\u00eft les seves pr\u00f2pies embarcacions. Ara cal fer l\u2019avarada oficial i per aix\u00f2 han organitzat una regata, on hauran de superar les proves de <b>flotabilitat<\/b>, <b>estabilitat<\/b> i <b>navegabilitat<\/b>!<\/p>\n<p><b>Horari.<\/b> Dimecres 20 de juny, de 17 a 19 h.<\/p>\n<p><b>Lloc de trobada. <\/b>Piscina municipal.<\/p>\n<p><b>Informaci\u00f3 addicional.<\/b> Cal venir protegits del Sol (gorra i crema solar) i amb cal\u00e7at adient (xancles). Consulteu l\u2019horari dels avaraments aqu\u00ed: <a href=\"http:\/\/bit.ly\/LesVinyesWorldRacePT\">bit.ly\/LesVinyesWorldRacePT<\/a><\/p>\n<h3>Gala solid\u00e0ria &#8211; 4t d&#8217;ESO<\/h3>\n<p><a href=\"http:\/\/agora.xtec.cat\/ielesvinyes\/wp-content\/uploads\/usu1433\/2018\/06\/Captura-de-2018-06-18-15-56-48-e1529330255720.png\"><img loading=\"lazy\" decoding=\"async\" class=\" wp-image-3370 alignright\" src=\"http:\/\/agora.xtec.cat\/ielesvinyes\/wp-content\/uploads\/usu1433\/2018\/06\/Captura-de-2018-06-18-15-56-48-e1529330255720.png\" alt=\"\" width=\"630\" height=\"257\" srcset=\"https:\/\/agora.xtec.cat\/ielesvinyes\/wp-content\/uploads\/usu1433\/2018\/06\/Captura-de-2018-06-18-15-56-48-e1529330255720.png 897w, https:\/\/agora.xtec.cat\/ielesvinyes\/wp-content\/uploads\/usu1433\/2018\/06\/Captura-de-2018-06-18-15-56-48-e1529330255720-300x122.png 300w, https:\/\/agora.xtec.cat\/ielesvinyes\/wp-content\/uploads\/usu1433\/2018\/06\/Captura-de-2018-06-18-15-56-48-e1529330255720-768x313.png 768w\" sizes=\"auto, (max-width: 630px) 100vw, 630px\" \/><\/a>Els alumnes de 4t d\u2019ESO han preparat una gala solid\u00e0ria amb l\u2019objectiu de dur a terme un projecte de cooperaci\u00f3 juntament amb les <b>ONG \u00c0nemos<\/b> i <b>Petits Detalls<\/b>. Els diners recollits es destinaran a les comunitats de El Sauce (Nicaragua) i Luuka (Uganda). A continuaci\u00f3 de la gala es far\u00e0 l\u2019acte de <b>comiat de 4t d\u2019ESO<\/b>.<\/p>\n<p><b>Horari.<\/b> <b>Atenci\u00f3! <\/b>Gala solid\u00e0ria, <b>dijous 21 de juny<\/b> de 17 a 19 h. Comiat de 4t d\u2019ESO, 19:30 h.<\/p>\n<p><b>Informaci\u00f3 addicional. <\/b>Donatiu de 3 \u20ac per l\u2019entrada i 2 \u20ac per la panera solid\u00e0ria.<\/p>\n<p><b>Lloc de trobada. <\/b>Auditori Els Costals.<\/p>\n<p>Aqu\u00ed podeu visualitzar i descarregar el <strong>programa de m\u00e0<\/strong>.<\/p>\n<p><iframe loading=\"lazy\" style=\"border: 1px solid #CCC; border-width: 1px; margin-bottom: 5px; max-width: 100%;\" src=\"\/\/www.slideshare.net\/slideshow\/embed_code\/key\/tNzUK2MHMeb0PR\" width=\"595\" height=\"485\" frameborder=\"0\" marginwidth=\"0\" marginheight=\"0\" scrolling=\"no\" allowfullscreen=\"allowfullscreen\"> <\/iframe><\/p>\n","protected":false},"excerpt":{"rendered":"<p>Itineraris &#8211; 1r d&#8217;ESO Castellbisbal est\u00e0 farcit d\u2019indrets amb un enorme inter\u00e8s cultural, social i natural. Els nois i noies de 1r d\u2019ESO els han investigat i han dissenyat diferents itineraris. Dimecres els propis alumnes us acompanyaran a descobrir l\u2019itinerari que us interessi! Horari. Dimecres 20 de juny, de 17 a 19 h. Lloc de [&hellip;]<\/p>\n","protected":false},"author":6,"featured_media":3361,"comment_status":"open","ping_status":"closed","sticky":false,"template":"","format":"standard","meta":{"_bbp_topic_count":0,"_bbp_reply_count":0,"_bbp_total_topic_count":0,"_bbp_total_reply_count":0,"_bbp_voice_count":0,"_bbp_anonymous_reply_count":0,"_bbp_topic_count_hidden":0,"_bbp_reply_count_hidden":0,"_bbp_forum_subforum_count":0,"site-sidebar-layout":"default","site-content-layout":"","ast-site-content-layout":"","site-content-style":"default","site-sidebar-style":"default","ast-global-header-display":"","ast-banner-title-visibility":"","ast-main-header-display":"","ast-hfb-above-header-display":"","ast-hfb-below-header-display":"","ast-hfb-mobile-header-display":"","site-post-title":"","ast-breadcrumbs-content":"","ast-featured-img":"","footer-sml-layout":"","theme-transparent-header-meta":"","adv-header-id-meta":"","stick-header-meta":"","header-above-stick-meta":"","header-main-stick-meta":"","header-below-stick-meta":"","astra-migrate-meta-layouts":"default","ast-page-background-enabled":"default","ast-page-background-meta":{"desktop":{"background-color":"var(--ast-global-color-4)","background-image":"","background-repeat":"repeat","background-position":"center center","background-size":"auto","background-attachment":"scroll","background-type":"","background-media":"","overlay-type":"","overlay-color":"","overlay-opacity":"","overlay-gradient":""},"tablet":{"background-color":"","background-image":"","background-repeat":"repeat","background-position":"center center","background-size":"auto","background-attachment":"scroll","background-type":"","background-media":"","overlay-type":"","overlay-color":"","overlay-opacity":"","overlay-gradient":""},"mobile":{"background-color":"","background-image":"","background-repeat":"repeat","background-position":"center center","background-size":"auto","background-attachment":"scroll","background-type":"","background-media":"","overlay-type":"","overlay-color":"","overlay-opacity":"","overlay-gradient":""}},"ast-content-background-meta":{"desktop":{"background-color":"var(--ast-global-color-5)","background-image":"","background-repeat":"repeat","background-position":"center center","background-size":"auto","background-attachment":"scroll","background-type":"","background-media":"","overlay-type":"","overlay-color":"","overlay-opacity":"","overlay-gradient":""},"tablet":{"background-color":"var(--ast-global-color-5)","background-image":"","background-repeat":"repeat","background-position":"center center","background-size":"auto","background-attachment":"scroll","background-type":"","background-media":"","overlay-type":"","overlay-color":"","overlay-opacity":"","overlay-gradient":""},"mobile":{"background-color":"var(--ast-global-color-5)","background-image":"","background-repeat":"repeat","background-position":"center center","background-size":"auto","background-attachment":"scroll","background-type":"","background-media":"","overlay-type":"","overlay-color":"","overlay-opacity":"","overlay-gradient":""}},"footnotes":""},"categories":[369,29,358,301],"tags":[381],"class_list":["post-3359","post","type-post","status-publish","format-standard","has-post-thumbnail","hentry","category-2017-18","category-portada","category-projectes-transversals","category-secundaria","tag-lesvinyesworldrace"],"post_mailing_queue_ids":[],"_links":{"self":[{"href":"https:\/\/agora.xtec.cat\/ielesvinyes\/wp-json\/wp\/v2\/posts\/3359","targetHints":{"allow":["GET"]}}],"collection":[{"href":"https:\/\/agora.xtec.cat\/ielesvinyes\/wp-json\/wp\/v2\/posts"}],"about":[{"href":"https:\/\/agora.xtec.cat\/ielesvinyes\/wp-json\/wp\/v2\/types\/post"}],"author":[{"embeddable":true,"href":"https:\/\/agora.xtec.cat\/ielesvinyes\/wp-json\/wp\/v2\/users\/6"}],"replies":[{"embeddable":true,"href":"https:\/\/agora.xtec.cat\/ielesvinyes\/wp-json\/wp\/v2\/comments?post=3359"}],"version-history":[{"count":3,"href":"https:\/\/agora.xtec.cat\/ielesvinyes\/wp-json\/wp\/v2\/posts\/3359\/revisions"}],"predecessor-version":[{"id":3394,"href":"https:\/\/agora.xtec.cat\/ielesvinyes\/wp-json\/wp\/v2\/posts\/3359\/revisions\/3394"}],"wp:featuredmedia":[{"embeddable":true,"href":"https:\/\/agora.xtec.cat\/ielesvinyes\/wp-json\/wp\/v2\/media\/3361"}],"wp:attachment":[{"href":"https:\/\/agora.xtec.cat\/ielesvinyes\/wp-json\/wp\/v2\/media?parent=3359"}],"wp:term":[{"taxonomy":"category","embeddable":true,"href":"https:\/\/agora.xtec.cat\/ielesvinyes\/wp-json\/wp\/v2\/categories?post=3359"},{"taxonomy":"post_tag","embeddable":true,"href":"https:\/\/agora.xtec.cat\/ielesvinyes\/wp-json\/wp\/v2\/tags?post=3359"}],"curies":[{"name":"wp","href":"https:\/\/api.w.org\/{rel}","templated":true}]}}