{"id":3356,"date":"2018-06-10T18:44:55","date_gmt":"2018-06-10T16:44:55","guid":{"rendered":"http:\/\/agora.xtec.cat\/ielesvinyes\/?p=3356"},"modified":"2018-06-10T18:44:55","modified_gmt":"2018-06-10T16:44:55","slug":"participacio-al-cross-escolar","status":"publish","type":"post","link":"https:\/\/agora.xtec.cat\/ielesvinyes\/general\/participacio-al-cross-escolar\/","title":{"rendered":"Participaci\u00f3 al Cross escolar"},"content":{"rendered":"<p>El passat diumenge 27 de maig es va realitzar el tradicional <strong>Cross Escolar<\/strong> de Castellbisbal en el qual\u00a0nois i noies de Les Vinyes van assistir i es van deixar la pell.<\/p>\n<p>La jornada va ser molt agradable ja que entre tots els corredors i els familiars hi havia un ambient d&#8217;entusiasme, d&#8217;amistat i d&#8217;esfor\u00e7.<\/p>\n<p>Tots els participants van rebre un fort aplaudiement del p\u00fablic en arribar per\u00f2 alguns el van rebre doble per pujar al p\u00f2dium, com \u00e9s el cas de <strong>Laura Baquedaro<\/strong>\u00a0de 1r d&#8217;ESO que va quedar tercera i <strong>Gael \u00c1lvarez<\/strong>\u00a0de 2n d&#8217;ESO que va quedar primer classificat a la categoria infantil, i en <strong>Biel Fern\u00e1ndez<\/strong>\u00a0tercer classificat de la categoria preinfantil.\u00a0Aqu\u00ed podeu\u00a0seg\u00fcent link podeu comprovar els <a href=\"http:\/\/www.castellbisbal.cat\/actualitat\/noticies\/mes-de-250-nens-i-nenes-participen-al-xx-cros-escolar-de-castellbisbal.html)\" target=\"_blank\" rel=\"noopener noreferrer\">resultats de les classificacions<\/a>.<\/p>\n<p>Tamb\u00e9 podreu veure algunes fotografies!<\/p>\n<p><a data-flickr-embed='true' href='https:\/\/www.flickr.com\/photos\/ielesvinyes\/albums\/72157669488196548' title='cross escolar 2018 by Institut-Escola Les Vinyes, on Flickr'><img src='https:\/\/live.staticflickr.com\/1757\/42352244012_a9cbdc1e40.jpg' width='800' height='600' alt='IMG_20180527_103654104'><\/a><script async src='https:\/\/embedr.flickr.com\/assets\/client-code.js' charset='utf-8'><\/script><\/p>\n","protected":false},"excerpt":{"rendered":"<p>El passat diumenge 27 de maig es va realitzar el tradicional Cross Escolar de Castellbisbal en el qual\u00a0nois i noies de Les Vinyes van assistir i es van deixar la pell. La jornada va ser molt agradable ja que entre tots els corredors i els familiars hi havia un ambient d&#8217;entusiasme, d&#8217;amistat i d&#8217;esfor\u00e7. Tots [&hellip;]<\/p>\n","protected":false},"author":6,"featured_media":3357,"comment_status":"open","ping_status":"closed","sticky":false,"template":"","format":"standard","meta":{"_bbp_topic_count":0,"_bbp_reply_count":0,"_bbp_total_topic_count":0,"_bbp_total_reply_count":0,"_bbp_voice_count":0,"_bbp_anonymous_reply_count":0,"_bbp_topic_count_hidden":0,"_bbp_reply_count_hidden":0,"_bbp_forum_subforum_count":0,"site-sidebar-layout":"default","site-content-layout":"","ast-site-content-layout":"","site-content-style":"default","site-sidebar-style":"default","ast-global-header-display":"","ast-banner-title-visibility":"","ast-main-header-display":"","ast-hfb-above-header-display":"","ast-hfb-below-header-display":"","ast-hfb-mobile-header-display":"","site-post-title":"","ast-breadcrumbs-content":"","ast-featured-img":"","footer-sml-layout":"","theme-transparent-header-meta":"","adv-header-id-meta":"","stick-header-meta":"","header-above-stick-meta":"","header-main-stick-meta":"","header-below-stick-meta":"","astra-migrate-meta-layouts":"default","ast-page-background-enabled":"default","ast-page-background-meta":{"desktop":{"background-color":"var(--ast-global-color-4)","background-image":"","background-repeat":"repeat","background-position":"center center","background-size":"auto","background-attachment":"scroll","background-type":"","background-media":"","overlay-type":"","overlay-color":"","overlay-opacity":"","overlay-gradient":""},"tablet":{"background-color":"","background-image":"","background-repeat":"repeat","background-position":"center center","background-size":"auto","background-attachment":"scroll","background-type":"","background-media":"","overlay-type":"","overlay-color":"","overlay-opacity":"","overlay-gradient":""},"mobile":{"background-color":"","background-image":"","background-repeat":"repeat","background-position":"center center","background-size":"auto","background-attachment":"scroll","background-type":"","background-media":"","overlay-type":"","overlay-color":"","overlay-opacity":"","overlay-gradient":""}},"ast-content-background-meta":{"desktop":{"background-color":"var(--ast-global-color-5)","background-image":"","background-repeat":"repeat","background-position":"center center","background-size":"auto","background-attachment":"scroll","background-type":"","background-media":"","overlay-type":"","overlay-color":"","overlay-opacity":"","overlay-gradient":""},"tablet":{"background-color":"var(--ast-global-color-5)","background-image":"","background-repeat":"repeat","background-position":"center center","background-size":"auto","background-attachment":"scroll","background-type":"","background-media":"","overlay-type":"","overlay-color":"","overlay-opacity":"","overlay-gradient":""},"mobile":{"background-color":"var(--ast-global-color-5)","background-image":"","background-repeat":"repeat","background-position":"center center","background-size":"auto","background-attachment":"scroll","background-type":"","background-media":"","overlay-type":"","overlay-color":"","overlay-opacity":"","overlay-gradient":""}},"footnotes":""},"categories":[369,1,29],"tags":[],"class_list":["post-3356","post","type-post","status-publish","format-standard","has-post-thumbnail","hentry","category-2017-18","category-general","category-portada"],"post_mailing_queue_ids":[],"_links":{"self":[{"href":"https:\/\/agora.xtec.cat\/ielesvinyes\/wp-json\/wp\/v2\/posts\/3356","targetHints":{"allow":["GET"]}}],"collection":[{"href":"https:\/\/agora.xtec.cat\/ielesvinyes\/wp-json\/wp\/v2\/posts"}],"about":[{"href":"https:\/\/agora.xtec.cat\/ielesvinyes\/wp-json\/wp\/v2\/types\/post"}],"author":[{"embeddable":true,"href":"https:\/\/agora.xtec.cat\/ielesvinyes\/wp-json\/wp\/v2\/users\/6"}],"replies":[{"embeddable":true,"href":"https:\/\/agora.xtec.cat\/ielesvinyes\/wp-json\/wp\/v2\/comments?post=3356"}],"version-history":[{"count":1,"href":"https:\/\/agora.xtec.cat\/ielesvinyes\/wp-json\/wp\/v2\/posts\/3356\/revisions"}],"predecessor-version":[{"id":3358,"href":"https:\/\/agora.xtec.cat\/ielesvinyes\/wp-json\/wp\/v2\/posts\/3356\/revisions\/3358"}],"wp:featuredmedia":[{"embeddable":true,"href":"https:\/\/agora.xtec.cat\/ielesvinyes\/wp-json\/wp\/v2\/media\/3357"}],"wp:attachment":[{"href":"https:\/\/agora.xtec.cat\/ielesvinyes\/wp-json\/wp\/v2\/media?parent=3356"}],"wp:term":[{"taxonomy":"category","embeddable":true,"href":"https:\/\/agora.xtec.cat\/ielesvinyes\/wp-json\/wp\/v2\/categories?post=3356"},{"taxonomy":"post_tag","embeddable":true,"href":"https:\/\/agora.xtec.cat\/ielesvinyes\/wp-json\/wp\/v2\/tags?post=3356"}],"curies":[{"name":"wp","href":"https:\/\/api.w.org\/{rel}","templated":true}]}}