{"id":3349,"date":"2018-06-04T09:39:09","date_gmt":"2018-06-04T07:39:09","guid":{"rendered":"http:\/\/agora.xtec.cat\/ielesvinyes\/?p=3349"},"modified":"2018-06-04T09:40:28","modified_gmt":"2018-06-04T07:40:28","slug":"lamor-ai-lamor","status":"publish","type":"post","link":"https:\/\/agora.xtec.cat\/ielesvinyes\/portada\/lamor-ai-lamor\/","title":{"rendered":"L\u2019amor. Ai, l\u2019amor\u2026"},"content":{"rendered":"<figure id=\"attachment_3350\" aria-describedby=\"caption-attachment-3350\" style=\"width: 1024px\" class=\"wp-caption alignnone\"><a href=\"http:\/\/agora.xtec.cat\/ielesvinyes\/wp-content\/uploads\/usu1433\/2018\/06\/Captura-de-2018-06-04-09-24-08.png\"><img loading=\"lazy\" decoding=\"async\" class=\"wp-image-3350 size-large\" src=\"http:\/\/agora.xtec.cat\/ielesvinyes\/wp-content\/uploads\/usu1433\/2018\/06\/Captura-de-2018-06-04-09-24-08-1024x525.png\" alt=\"\" width=\"1024\" height=\"525\" srcset=\"https:\/\/agora.xtec.cat\/ielesvinyes\/wp-content\/uploads\/usu1433\/2018\/06\/Captura-de-2018-06-04-09-24-08-1024x525.png 1024w, https:\/\/agora.xtec.cat\/ielesvinyes\/wp-content\/uploads\/usu1433\/2018\/06\/Captura-de-2018-06-04-09-24-08-300x154.png 300w, https:\/\/agora.xtec.cat\/ielesvinyes\/wp-content\/uploads\/usu1433\/2018\/06\/Captura-de-2018-06-04-09-24-08-768x393.png 768w, https:\/\/agora.xtec.cat\/ielesvinyes\/wp-content\/uploads\/usu1433\/2018\/06\/Captura-de-2018-06-04-09-24-08.png 1263w\" sizes=\"auto, (max-width: 1024px) 100vw, 1024px\" \/><\/a><figcaption id=\"caption-attachment-3350\" class=\"wp-caption-text\">Fotograma del v\u00eddeopoema de l&#8217;Anna M.<\/figcaption><\/figure>\n<p>Aquestes \u00faltimes setmanes, a classe de <strong>Catal\u00e0<\/strong>, hem parlat d\u2019amor i de poesia. Hem visitat alguns dels cl\u00e0ssics de la literatura catalana i ens hem preguntat quina \u00e9s la idea d\u2019amor que hi ha darrere dels seus versos, quines coses compartim i quines altres no\u2026Qu\u00e8 \u00e9s l\u2019amor? Qu\u00e8 ens passa quan estimem? Sentim sempre el mateix quan diem t\u2019estimo?<\/p>\n<p>La poesia \u00e9s un g\u00e8nere privilegiat per expressar aquests sentiments per\u00f2 acostuma a generar un cert respecte. En llegir un poema trobem expressions que ens semblen estranyes, paraules en llocs i sentits diferents als habituals i sons que sembla que fan una m\u00fasica. Per\u00f2 tenim una certa sensaci\u00f3 d\u2019estranyesa: com si a dintre del poema hi hagu\u00e9s alguna cosa que no hem acabat d\u2019entendre, algun secret que no hem desvetllat.<\/p>\n<p>Per\u00f2 possiblement un dels secrets de la poesia sigui perdre aquesta por i deixar-nos emportar per la sensualitat i la for\u00e7a de les paraules, del llenguatge mateix. I en aquesta intenci\u00f3 hem creat els nostres v\u00eddeopoemes.<\/p>\n<p>Un <strong>v\u00eddeopoema<\/strong> \u00e9s una creaci\u00f3 que consisteix a reinterpretar un text po\u00e8tic mitjan\u00e7ant la realitzaci\u00f3 d\u2019un v\u00eddeo que combina la recitaci\u00f3 amb imatges i m\u00fasica que ens remeten al sentit dels versos.<\/p>\n<p>Per a crear els nostres propis v\u00eddeopoemes primer vam veure alguns exemples (entre ells cal destacar els de l\u2019artista i poeta <a href=\"http:\/\/www.porcar.net\/\">Josep Porcar<\/a>) i despr\u00e9s en vam buscar altres. Tots ells ens far\u00edem de br\u00faixola en les nostres pr\u00f2pies creacions.<\/p>\n<p>Despr\u00e9s vam buscar poemes d\u2019amor en llengua catalana que ens agradessin, que ens diguessin alguna cosa especial. I algunes persones fins i tot es van atrevir a crear-ne de propis!<\/p>\n<p>Llegim el poema i, quines sensacions ens arriben? Quines imatges? De quines hist\u00f2ries ens parlen? Quin \u00e9s l\u2019amor que ens xiuxiugen les paraules?<\/p>\n<p>I amb tot a\u00e7\u00f2 hem fet les nostres creacions que parlen de diferents amors i de sentiments intensos.<\/p>\n<p>Aqu\u00ed en teniu alguns; <strong>esperem que us enamorin tan com a nosaltres.<\/strong><\/p>\n<h4>J\u00falia Torres i Noa del Val &#8211; Coses, diu ell&#8230; (Eduard Escoffet)<\/h4>\n<p><iframe loading=\"lazy\" src=\"https:\/\/www.youtube.com\/embed\/zFVXynAaFI0?rel=0\" width=\"560\" height=\"315\" frameborder=\"0\" allowfullscreen=\"allowfullscreen\"><\/iframe><\/p>\n<h4>Ona Orcera &#8211; Amb els tons del dolor i l&#8217;atzar (Feliu Formosa)<\/h4>\n<p><iframe loading=\"lazy\" src=\"https:\/\/www.youtube.com\/embed\/3k_hwlaf6a0?rel=0\" width=\"560\" height=\"315\" frameborder=\"0\" allowfullscreen=\"allowfullscreen\"><\/iframe><\/p>\n<h4>Anna M\u00farcia &#8211; D\u00f2na&#8217;m la m\u00e0 (Joan Salvat Papase\u00eft)<\/h4>\n<p><iframe loading=\"lazy\" src=\"https:\/\/www.youtube.com\/embed\/khkeaF0O5Tg?rel=0\" width=\"560\" height=\"315\" frameborder=\"0\" allowfullscreen=\"allowfullscreen\"><\/iframe><\/p>\n<h4>Adri\u00e1n Cojocaru, Gisela Peinado i Manel Gil &#8211; Amb els tons del dolor i l&#8217;atzar (Feliu Formosa)<\/h4>\n<p><iframe loading=\"lazy\" src=\"https:\/\/www.youtube.com\/embed\/k0OXWwMqCpc?rel=0\" width=\"560\" height=\"315\" frameborder=\"0\" allowfullscreen=\"allowfullscreen\"><\/iframe><\/p>\n","protected":false},"excerpt":{"rendered":"<p>Aquestes \u00faltimes setmanes, a classe de Catal\u00e0, hem parlat d\u2019amor i de poesia. Hem visitat alguns dels cl\u00e0ssics de la literatura catalana i ens hem preguntat quina \u00e9s la idea d\u2019amor que hi ha darrere dels seus versos, quines coses compartim i quines altres no\u2026Qu\u00e8 \u00e9s l\u2019amor? Qu\u00e8 ens passa quan estimem? Sentim sempre el [&hellip;]<\/p>\n","protected":false},"author":6,"featured_media":3350,"comment_status":"open","ping_status":"closed","sticky":false,"template":"","format":"standard","meta":{"_bbp_topic_count":0,"_bbp_reply_count":0,"_bbp_total_topic_count":0,"_bbp_total_reply_count":0,"_bbp_voice_count":0,"_bbp_anonymous_reply_count":0,"_bbp_topic_count_hidden":0,"_bbp_reply_count_hidden":0,"_bbp_forum_subforum_count":0,"site-sidebar-layout":"default","site-content-layout":"","ast-site-content-layout":"","site-content-style":"default","site-sidebar-style":"default","ast-global-header-display":"","ast-banner-title-visibility":"","ast-main-header-display":"","ast-hfb-above-header-display":"","ast-hfb-below-header-display":"","ast-hfb-mobile-header-display":"","site-post-title":"","ast-breadcrumbs-content":"","ast-featured-img":"","footer-sml-layout":"","theme-transparent-header-meta":"","adv-header-id-meta":"","stick-header-meta":"","header-above-stick-meta":"","header-main-stick-meta":"","header-below-stick-meta":"","astra-migrate-meta-layouts":"default","ast-page-background-enabled":"default","ast-page-background-meta":{"desktop":{"background-color":"var(--ast-global-color-4)","background-image":"","background-repeat":"repeat","background-position":"center center","background-size":"auto","background-attachment":"scroll","background-type":"","background-media":"","overlay-type":"","overlay-color":"","overlay-opacity":"","overlay-gradient":""},"tablet":{"background-color":"","background-image":"","background-repeat":"repeat","background-position":"center center","background-size":"auto","background-attachment":"scroll","background-type":"","background-media":"","overlay-type":"","overlay-color":"","overlay-opacity":"","overlay-gradient":""},"mobile":{"background-color":"","background-image":"","background-repeat":"repeat","background-position":"center center","background-size":"auto","background-attachment":"scroll","background-type":"","background-media":"","overlay-type":"","overlay-color":"","overlay-opacity":"","overlay-gradient":""}},"ast-content-background-meta":{"desktop":{"background-color":"var(--ast-global-color-5)","background-image":"","background-repeat":"repeat","background-position":"center center","background-size":"auto","background-attachment":"scroll","background-type":"","background-media":"","overlay-type":"","overlay-color":"","overlay-opacity":"","overlay-gradient":""},"tablet":{"background-color":"var(--ast-global-color-5)","background-image":"","background-repeat":"repeat","background-position":"center center","background-size":"auto","background-attachment":"scroll","background-type":"","background-media":"","overlay-type":"","overlay-color":"","overlay-opacity":"","overlay-gradient":""},"mobile":{"background-color":"var(--ast-global-color-5)","background-image":"","background-repeat":"repeat","background-position":"center center","background-size":"auto","background-attachment":"scroll","background-type":"","background-media":"","overlay-type":"","overlay-color":"","overlay-opacity":"","overlay-gradient":""}},"footnotes":""},"categories":[369,29,301],"tags":[],"class_list":["post-3349","post","type-post","status-publish","format-standard","has-post-thumbnail","hentry","category-2017-18","category-portada","category-secundaria"],"post_mailing_queue_ids":[],"_links":{"self":[{"href":"https:\/\/agora.xtec.cat\/ielesvinyes\/wp-json\/wp\/v2\/posts\/3349","targetHints":{"allow":["GET"]}}],"collection":[{"href":"https:\/\/agora.xtec.cat\/ielesvinyes\/wp-json\/wp\/v2\/posts"}],"about":[{"href":"https:\/\/agora.xtec.cat\/ielesvinyes\/wp-json\/wp\/v2\/types\/post"}],"author":[{"embeddable":true,"href":"https:\/\/agora.xtec.cat\/ielesvinyes\/wp-json\/wp\/v2\/users\/6"}],"replies":[{"embeddable":true,"href":"https:\/\/agora.xtec.cat\/ielesvinyes\/wp-json\/wp\/v2\/comments?post=3349"}],"version-history":[{"count":3,"href":"https:\/\/agora.xtec.cat\/ielesvinyes\/wp-json\/wp\/v2\/posts\/3349\/revisions"}],"predecessor-version":[{"id":3355,"href":"https:\/\/agora.xtec.cat\/ielesvinyes\/wp-json\/wp\/v2\/posts\/3349\/revisions\/3355"}],"wp:featuredmedia":[{"embeddable":true,"href":"https:\/\/agora.xtec.cat\/ielesvinyes\/wp-json\/wp\/v2\/media\/3350"}],"wp:attachment":[{"href":"https:\/\/agora.xtec.cat\/ielesvinyes\/wp-json\/wp\/v2\/media?parent=3349"}],"wp:term":[{"taxonomy":"category","embeddable":true,"href":"https:\/\/agora.xtec.cat\/ielesvinyes\/wp-json\/wp\/v2\/categories?post=3349"},{"taxonomy":"post_tag","embeddable":true,"href":"https:\/\/agora.xtec.cat\/ielesvinyes\/wp-json\/wp\/v2\/tags?post=3349"}],"curies":[{"name":"wp","href":"https:\/\/api.w.org\/{rel}","templated":true}]}}