{"id":3319,"date":"2016-07-30T09:42:35","date_gmt":"2016-07-30T07:42:35","guid":{"rendered":"http:\/\/ampa.ielesvinyes.net\/stage1\/?p=3319"},"modified":"2020-02-03T18:37:51","modified_gmt":"2020-02-03T17:37:51","slug":"cloenda-del-5e-aniversari","status":"publish","type":"post","link":"https:\/\/agora.xtec.cat\/ielesvinyes\/afa\/cloenda-del-5e-aniversari\/","title":{"rendered":"Cloenda del 5\u00e8 aniversari"},"content":{"rendered":"<p style=\"text-align: justify;\">Com tots ja sabeu, aquest curs ha estat el 5\u00e8 aniversari del nostre Centre, i \u00e9s per aix\u00f2 que tots vam poder gaudir d&#8217;una festa de fi de curs plena d&#8217;activitats per petits, mitjans i grans.<\/p>\n<p style=\"text-align: justify;\">La tarda va comen\u00e7ar amb un munt d&#8217;activitats i jocs dirigits per monitors del nostre poble, als que els hi volem agra\u00efr tot el que van fer i la il\u00b7lusi\u00f3 amb que van venir a participar de la nostra festa. Pintacares, manualitats, jocs de taula,\u00a0slackline i d&#8217;altres activitats improvitzades van fer gaudir als nostres nens\/es d&#8217;infantil i prim\u00e0ria d&#8217;una tarda molt assoleiada.<\/p>\n<p style=\"text-align: justify;\">Paral\u00b7lament, el Centre va muntar l&#8217;exposici\u00f3 del concurs de fotos dels 5 anys, amb totes les fotos que les fam\u00edlies es van fer, en record d&#8217;aquest aniversari. Les fotos escollides com a guanyadores van rebre packs d&#8217;entrades de cinema per tots els components de la foto.<\/p>\n<p style=\"text-align: justify;\"><img loading=\"lazy\" decoding=\"async\" class=\"alignnone size-full wp-image-3329\" src=\"http:\/\/ampa.ielesvinyes.net\/stage1\/wp-content\/uploads\/2016\/07\/entrades-cinema.jpg\" alt=\"entrades cinema\" width=\"2768\" height=\"1934\" \/><\/p>\n<p style=\"text-align: justify;\">Seguidament, vam poder plasmar les nostres mans al mural del 5\u00e8 aniversari que ens acompanyar\u00e0 per sempre i que va quedar xul\u00edssim!!!!<\/p>\n<p style=\"text-align: justify;\"><a href=\"http:\/\/ampa.ielesvinyes.net\/stage1\/wp-content\/uploads\/2016\/07\/mural-5-anys.jpg\"><img loading=\"lazy\" decoding=\"async\" class=\"alignnone size-full wp-image-3322\" src=\"http:\/\/ampa.ielesvinyes.net\/stage1\/wp-content\/uploads\/2016\/07\/mural-5-anys.jpg\" alt=\"mural 5 anys\" width=\"3473\" height=\"1654\" \/><\/a><\/p>\n<p style=\"text-align: justify;\">Com a darrera activitat, vam gaudir d&#8217;un Pedra-Paper-Tissora comunitari, jugant barrejats nens\/es, nois\/noies, mestres, profes i pares\/mares. I que, com podeu veure a la foto, els petits van arrasar&#8230;.<\/p>\n<p style=\"text-align: justify;\"><a href=\"http:\/\/ampa.ielesvinyes.net\/stage1\/wp-content\/uploads\/2016\/07\/pedra-paper-tissora.jpg\"><img loading=\"lazy\" decoding=\"async\" class=\"alignnone size-full wp-image-3326\" src=\"http:\/\/ampa.ielesvinyes.net\/stage1\/wp-content\/uploads\/2016\/07\/pedra-paper-tissora.jpg\" alt=\"pedra paper tissora\" width=\"3508\" height=\"1135\" \/><\/a><\/p>\n<p style=\"text-align: justify;\">Com a final de les activitats l\u00fadiques,\u00a0una alumna i un profe ens van interpretar una pe\u00e7a de m\u00fasica en directe.<\/p>\n<p style=\"text-align: justify;\"><a href=\"http:\/\/ampa.ielesvinyes.net\/stage1\/wp-content\/uploads\/2016\/07\/IMG_9336.jpg\"><img loading=\"lazy\" decoding=\"async\" class=\"alignnone size-full wp-image-3328\" src=\"http:\/\/ampa.ielesvinyes.net\/stage1\/wp-content\/uploads\/2016\/07\/IMG_9336.jpg\" alt=\"IMG_9336\" width=\"4272\" height=\"2848\" \/><\/a><\/p>\n<p style=\"text-align: justify;\">Abans d&#8217;atacar el c\u00e0tering que AMPA i Centre hav\u00edem contractat, es van fer\u00a0diversos discursos recordant moments d&#8217;aquests 5 anys, i rec\u00edprocament, AMPA i Centre ens vam fer entrega d&#8217;uns detallets fets amb molta estima.<\/p>\n<p style=\"text-align: justify;\"><img loading=\"lazy\" decoding=\"async\" class=\"alignnone size-full wp-image-3324\" src=\"http:\/\/ampa.ielesvinyes.net\/stage1\/wp-content\/uploads\/2016\/07\/discursos-festa.jpg\" alt=\"discursos festa\" width=\"3375\" height=\"2280\" \/><\/p>\n<p style=\"text-align: justify;\">I, com no podia ser de cap altre manera, vam acomiadar emotivament a la nostra directora, Rosa Sard\u00e0, que com tots ja sabeu enguany se&#8217;ns ha jubilat i, despr\u00e9s d&#8217;unes paraules d&#8217;agra\u00efment, vam fer-li entrega d&#8217;un detall perqu\u00e8 ens tingui molt presents.<\/p>\n<p style=\"text-align: justify;\"><a href=\"http:\/\/ampa.ielesvinyes.net\/stage1\/wp-content\/uploads\/2016\/07\/entrega-rajola-Rosa.jpg\"><img loading=\"lazy\" decoding=\"async\" class=\"alignnone size-full wp-image-3323\" src=\"http:\/\/ampa.ielesvinyes.net\/stage1\/wp-content\/uploads\/2016\/07\/entrega-rajola-Rosa.jpg\" alt=\"entrega rajola Rosa\" width=\"3453\" height=\"1155\" \/><\/a><\/p>\n<p style=\"text-align: justify;\">Agra\u00efr a totes les fam\u00edlies que vau assistir a la festa i vau participar de totes les activitats, aguantant estoicament la calor que feia. Agra\u00efr la visita dels exmestres i exprofes que van formar part de la hist\u00f2ria d&#8217;aquests 5 anys. Agra\u00efr a totes les persones que van fer possible l&#8217;organitzaci\u00f3 de la festa (contractacions v\u00e0ries, cerca de regals commemoratius, compres, parar taules, recollida final,&#8230;)<\/p>\n<p style=\"text-align: justify;\"><em><span style=\"color: #999999;\"><a href=\"http:\/\/ampa.ielesvinyes.net\/stage1\/wp-content\/uploads\/2016\/07\/punt-de-llibre.jpg\"><img loading=\"lazy\" decoding=\"async\" class=\"wp-image-3331 alignleft\" src=\"http:\/\/ampa.ielesvinyes.net\/stage1\/wp-content\/uploads\/2016\/07\/punt-de-llibre.jpg\" alt=\"punt de llibre\" width=\"112\" height=\"235\" \/><\/a><\/span><\/em><\/p>\n<p style=\"text-align: justify;\"><em><span style=\"color: #999999;\">Recordeu que el punt de llibre commemoratiu que els hi vam regalar a mestres i profes, el rebreu a casa\u00a0totes les fam\u00edlies s\u00f2cies de l&#8217;AMPA.<\/span><\/em><\/p>\n<p style=\"text-align: justify;\">Volem comunicar publicament\u00a0a l&#8217;empresa ArtIntegrat que el resultat d&#8217;aquest punt de llibre hagi estat molt satisfactori per nosaltres. Estem encantats d&#8217;haver pogut treballar amb vosaltres!<\/p>\n<p style=\"text-align: justify;\"><span style=\"color: #999999;\">Si voleu con\u00e8ixer m\u00e9s de prop ArtInegrat, podeu accedir a la seva web\u00a0<a style=\"color: #999999;\" href=\"http:\/\/artintegrat.org\/artintegrat\">http:\/\/artintegrat.org\/artintegrat<\/a><\/span><\/p>\n","protected":false},"excerpt":{"rendered":"<p>Com tots ja sabeu, aquest curs ha estat el 5\u00e8 aniversari del nostre Centre, i \u00e9s per aix\u00f2 que tots vam poder gaudir d&#8217;una festa de fi de curs plena d&#8217;activitats per petits, mitjans i grans. La tarda va comen\u00e7ar amb un munt d&#8217;activitats i jocs dirigits per monitors del nostre poble, als que els [&hellip;]<\/p>\n","protected":false},"author":52,"featured_media":0,"comment_status":"open","ping_status":"closed","sticky":false,"template":"","format":"standard","meta":{"_bbp_topic_count":0,"_bbp_reply_count":0,"_bbp_total_topic_count":0,"_bbp_total_reply_count":0,"_bbp_voice_count":0,"_bbp_anonymous_reply_count":0,"_bbp_topic_count_hidden":0,"_bbp_reply_count_hidden":0,"_bbp_forum_subforum_count":0,"site-sidebar-layout":"default","site-content-layout":"","ast-site-content-layout":"","site-content-style":"default","site-sidebar-style":"default","ast-global-header-display":"","ast-banner-title-visibility":"","ast-main-header-display":"","ast-hfb-above-header-display":"","ast-hfb-below-header-display":"","ast-hfb-mobile-header-display":"","site-post-title":"","ast-breadcrumbs-content":"","ast-featured-img":"","footer-sml-layout":"","theme-transparent-header-meta":"","adv-header-id-meta":"","stick-header-meta":"","header-above-stick-meta":"","header-main-stick-meta":"","header-below-stick-meta":"","astra-migrate-meta-layouts":"default","ast-page-background-enabled":"default","ast-page-background-meta":{"desktop":{"background-color":"var(--ast-global-color-4)","background-image":"","background-repeat":"repeat","background-position":"center center","background-size":"auto","background-attachment":"scroll","background-type":"","background-media":"","overlay-type":"","overlay-color":"","overlay-opacity":"","overlay-gradient":""},"tablet":{"background-color":"","background-image":"","background-repeat":"repeat","background-position":"center center","background-size":"auto","background-attachment":"scroll","background-type":"","background-media":"","overlay-type":"","overlay-color":"","overlay-opacity":"","overlay-gradient":""},"mobile":{"background-color":"","background-image":"","background-repeat":"repeat","background-position":"center center","background-size":"auto","background-attachment":"scroll","background-type":"","background-media":"","overlay-type":"","overlay-color":"","overlay-opacity":"","overlay-gradient":""}},"ast-content-background-meta":{"desktop":{"background-color":"var(--ast-global-color-5)","background-image":"","background-repeat":"repeat","background-position":"center center","background-size":"auto","background-attachment":"scroll","background-type":"","background-media":"","overlay-type":"","overlay-color":"","overlay-opacity":"","overlay-gradient":""},"tablet":{"background-color":"var(--ast-global-color-5)","background-image":"","background-repeat":"repeat","background-position":"center center","background-size":"auto","background-attachment":"scroll","background-type":"","background-media":"","overlay-type":"","overlay-color":"","overlay-opacity":"","overlay-gradient":""},"mobile":{"background-color":"var(--ast-global-color-5)","background-image":"","background-repeat":"repeat","background-position":"center center","background-size":"auto","background-attachment":"scroll","background-type":"","background-media":"","overlay-type":"","overlay-color":"","overlay-opacity":"","overlay-gradient":""}},"footnotes":""},"categories":[112,31,471],"tags":[],"class_list":["post-3319","post","type-post","status-publish","format-standard","hentry","category-2015-16","category-afa","category-noticies-afa"],"post_mailing_queue_ids":[],"_links":{"self":[{"href":"https:\/\/agora.xtec.cat\/ielesvinyes\/wp-json\/wp\/v2\/posts\/3319","targetHints":{"allow":["GET"]}}],"collection":[{"href":"https:\/\/agora.xtec.cat\/ielesvinyes\/wp-json\/wp\/v2\/posts"}],"about":[{"href":"https:\/\/agora.xtec.cat\/ielesvinyes\/wp-json\/wp\/v2\/types\/post"}],"author":[{"embeddable":true,"href":"https:\/\/agora.xtec.cat\/ielesvinyes\/wp-json\/wp\/v2\/users\/52"}],"replies":[{"embeddable":true,"href":"https:\/\/agora.xtec.cat\/ielesvinyes\/wp-json\/wp\/v2\/comments?post=3319"}],"version-history":[{"count":1,"href":"https:\/\/agora.xtec.cat\/ielesvinyes\/wp-json\/wp\/v2\/posts\/3319\/revisions"}],"predecessor-version":[{"id":5407,"href":"https:\/\/agora.xtec.cat\/ielesvinyes\/wp-json\/wp\/v2\/posts\/3319\/revisions\/5407"}],"wp:attachment":[{"href":"https:\/\/agora.xtec.cat\/ielesvinyes\/wp-json\/wp\/v2\/media?parent=3319"}],"wp:term":[{"taxonomy":"category","embeddable":true,"href":"https:\/\/agora.xtec.cat\/ielesvinyes\/wp-json\/wp\/v2\/categories?post=3319"},{"taxonomy":"post_tag","embeddable":true,"href":"https:\/\/agora.xtec.cat\/ielesvinyes\/wp-json\/wp\/v2\/tags?post=3319"}],"curies":[{"name":"wp","href":"https:\/\/api.w.org\/{rel}","templated":true}]}}