{"id":3248,"date":"2018-05-03T12:17:37","date_gmt":"2018-05-03T10:17:37","guid":{"rendered":"http:\/\/agora.xtec.cat\/ielesvinyes\/?p=3248"},"modified":"2018-05-17T23:11:58","modified_gmt":"2018-05-17T21:11:58","slug":"recreem-la-cambra-funeraria-de-tutankamon","status":"publish","type":"post","link":"https:\/\/agora.xtec.cat\/ielesvinyes\/general\/recreem-la-cambra-funeraria-de-tutankamon\/","title":{"rendered":"Recreem la cambra funer\u00e0ria de Tutankamon"},"content":{"rendered":"<p>Passat el segon trimestre, volem compartir amb tothom el<strong> Projecte d&#8217;\u00e0mbits SAE<\/strong> que hem realitzat a 1r d&#8217;ESO, que duu per t\u00edtol <strong>&#8220;La cambra funer\u00e0ria de Tutankamon&#8221;<\/strong>.<\/p>\n<p>L&#8217;objectiu que ens vam plantejar era donar resposta a un enc\u00e0rrec: el Departament d\u2019egiptologia d\u2019una reconeguda universitat europea ens va demanar que realitz\u00e9ssim una recreaci\u00f3 de la cambra funer\u00e0ria del fara\u00f3 Tutankamon, ja que l\u2019actual estava deteriorada a causa de l\u2019impacte del turisme i necessitava ser restaurada. Aquesta recreaci\u00f3 seria exposada p\u00fablicament al final del projecte per tal de valorar-ne el resultat.<\/p>\n<p>Per tal d&#8217;arribar a aquest objectiu l&#8217;alumnat havia d&#8217;organitzar-se en un proc\u00e9s de treball esglaonat, adoptant el paper d&#8217;<strong>historiadors\/es<\/strong>, de <strong>restauradors\/es<\/strong> i d&#8217;<strong>arque\u00f2legs\/gues<\/strong>.<\/p>\n<p>En un primer moment (dins aquest paper d&#8217;historiadors\/es), l&#8217;alumnat es va organitzar en Grups Base amb l&#8217;objectiu d&#8217;informar-se i compartir el coneixement sobre les diverses tem\u00e0tiques de l&#8217;<strong>Antic Egipte<\/strong>\u00a0que es representarien a la cambra: hist\u00f2ria, estructura social, economia, religi\u00f3, vida quotidiana, vida i mort, tombes, proc\u00e9s de momificaci\u00f3, escriptura i escribes, riu Nil i el fara\u00f3 Tutankamon. Aquesta fase del proc\u00e9s de treball va concloure amb una exposici\u00f3 oral de cada Grup Base per tal de poder tenir el major coneixement possible sobre la cambra i l&#8217;Antic Egipte. Aquesta informaci\u00f3 hauria de ser \u00fatil per a l&#8217;exposici\u00f3 p\u00fablica.<\/p>\n<div id='gallery-1' class='gallery galleryid-3248 gallery-columns-2 gallery-size-medium'><figure class='gallery-item'>\n\t\t\t<div class='gallery-icon landscape'>\n\t\t\t\t<a href='https:\/\/agora.xtec.cat\/ielesvinyes\/wp-content\/uploads\/usu1433\/2018\/05\/IMG_20180117_125635.jpg'><img loading=\"lazy\" decoding=\"async\" width=\"300\" height=\"225\" src=\"https:\/\/agora.xtec.cat\/ielesvinyes\/wp-content\/uploads\/usu1433\/2018\/05\/IMG_20180117_125635-300x225.jpg\" class=\"attachment-medium size-medium\" alt=\"\" srcset=\"https:\/\/agora.xtec.cat\/ielesvinyes\/wp-content\/uploads\/usu1433\/2018\/05\/IMG_20180117_125635-300x225.jpg 300w, https:\/\/agora.xtec.cat\/ielesvinyes\/wp-content\/uploads\/usu1433\/2018\/05\/IMG_20180117_125635-768x576.jpg 768w, https:\/\/agora.xtec.cat\/ielesvinyes\/wp-content\/uploads\/usu1433\/2018\/05\/IMG_20180117_125635-1024x768.jpg 1024w, https:\/\/agora.xtec.cat\/ielesvinyes\/wp-content\/uploads\/usu1433\/2018\/05\/IMG_20180117_125635-200x150.jpg 200w\" sizes=\"auto, (max-width: 300px) 100vw, 300px\" \/><\/a>\n\t\t\t<\/div><\/figure><figure class='gallery-item'>\n\t\t\t<div class='gallery-icon landscape'>\n\t\t\t\t<a href='https:\/\/agora.xtec.cat\/ielesvinyes\/wp-content\/uploads\/usu1433\/2018\/05\/IMG_20180117_125647.jpg'><img loading=\"lazy\" decoding=\"async\" width=\"300\" height=\"225\" src=\"https:\/\/agora.xtec.cat\/ielesvinyes\/wp-content\/uploads\/usu1433\/2018\/05\/IMG_20180117_125647-300x225.jpg\" class=\"attachment-medium size-medium\" alt=\"\" srcset=\"https:\/\/agora.xtec.cat\/ielesvinyes\/wp-content\/uploads\/usu1433\/2018\/05\/IMG_20180117_125647-300x225.jpg 300w, https:\/\/agora.xtec.cat\/ielesvinyes\/wp-content\/uploads\/usu1433\/2018\/05\/IMG_20180117_125647-768x576.jpg 768w, https:\/\/agora.xtec.cat\/ielesvinyes\/wp-content\/uploads\/usu1433\/2018\/05\/IMG_20180117_125647-1024x768.jpg 1024w, https:\/\/agora.xtec.cat\/ielesvinyes\/wp-content\/uploads\/usu1433\/2018\/05\/IMG_20180117_125647-200x150.jpg 200w\" sizes=\"auto, (max-width: 300px) 100vw, 300px\" \/><\/a>\n\t\t\t<\/div><\/figure>\n\t\t<\/div>\n\n<p>El seg\u00fcent pas (dins el paper de restauradors\/es), l&#8217;alumnat dividia el seu proc\u00e9s de treball en dos rols diferents: per una part, cada Grup Base havia de dissenyar un espai concret de les parets de la cambra i inserir imatges i textos tractant la seva tem\u00e0tica. Per altre banda, un component de cada Grup Base assumia el rol d&#8217;expert de dissenyador\/a de la cambra. Aquest Grup d&#8217;experts tenia per objectiu prendre decisions per tal d&#8217;aconseguir realisme i unitat de criteri a la cambra i homogene\u00eftat i continu\u00eftat entre els dissenys dels diversos murals tem\u00e0tics. El disseny era una part essencial del proc\u00e9s de treball, ja que el mural final havia de ser el m\u00e9s fidedigne possible: havia de ser una representaci\u00f3 a escala del mural final. Alguns grups base van treballar de valent i altres van tenir m\u00e9s dificultats per posar-se d&#8217;acord i tenir en compte les decisions del grup d&#8217;experts&#8230; i es nota.<\/p>\n<p><a href=\"http:\/\/agora.xtec.cat\/ielesvinyes\/wp-content\/uploads\/usu1433\/2018\/05\/20180320_114107_opt-e1526589152639.jpg\"><img loading=\"lazy\" decoding=\"async\" class=\"alignnone wp-image-3330\" src=\"http:\/\/agora.xtec.cat\/ielesvinyes\/wp-content\/uploads\/usu1433\/2018\/05\/20180320_114107_opt-e1526589152639-576x1024.jpg\" alt=\"\" width=\"200\" height=\"355\" srcset=\"https:\/\/agora.xtec.cat\/ielesvinyes\/wp-content\/uploads\/usu1433\/2018\/05\/20180320_114107_opt-e1526589152639-576x1024.jpg 576w, https:\/\/agora.xtec.cat\/ielesvinyes\/wp-content\/uploads\/usu1433\/2018\/05\/20180320_114107_opt-e1526589152639-169x300.jpg 169w, https:\/\/agora.xtec.cat\/ielesvinyes\/wp-content\/uploads\/usu1433\/2018\/05\/20180320_114107_opt-e1526589152639.jpg 675w\" sizes=\"auto, (max-width: 200px) 100vw, 200px\" \/><\/a><a href=\"http:\/\/agora.xtec.cat\/ielesvinyes\/wp-content\/uploads\/usu1433\/2018\/05\/20180320_114126_opt.jpg\"><img loading=\"lazy\" decoding=\"async\" class=\"alignnone wp-image-3331\" src=\"http:\/\/agora.xtec.cat\/ielesvinyes\/wp-content\/uploads\/usu1433\/2018\/05\/20180320_114126_opt-1024x576.jpg\" alt=\"\" width=\"324\" height=\"182\" srcset=\"https:\/\/agora.xtec.cat\/ielesvinyes\/wp-content\/uploads\/usu1433\/2018\/05\/20180320_114126_opt-1024x576.jpg 1024w, https:\/\/agora.xtec.cat\/ielesvinyes\/wp-content\/uploads\/usu1433\/2018\/05\/20180320_114126_opt-300x169.jpg 300w, https:\/\/agora.xtec.cat\/ielesvinyes\/wp-content\/uploads\/usu1433\/2018\/05\/20180320_114126_opt-768x432.jpg 768w, https:\/\/agora.xtec.cat\/ielesvinyes\/wp-content\/uploads\/usu1433\/2018\/05\/20180320_114126_opt.jpg 1200w\" sizes=\"auto, (max-width: 324px) 100vw, 324px\" \/><\/a><a href=\"http:\/\/agora.xtec.cat\/ielesvinyes\/wp-content\/uploads\/usu1433\/2018\/05\/20180320_114041_opt-e1526589142815.jpg\"><img loading=\"lazy\" decoding=\"async\" class=\"alignnone wp-image-3329\" src=\"http:\/\/agora.xtec.cat\/ielesvinyes\/wp-content\/uploads\/usu1433\/2018\/05\/20180320_114041_opt-e1526589142815-576x1024.jpg\" alt=\"\" width=\"200\" height=\"355\" srcset=\"https:\/\/agora.xtec.cat\/ielesvinyes\/wp-content\/uploads\/usu1433\/2018\/05\/20180320_114041_opt-e1526589142815-576x1024.jpg 576w, https:\/\/agora.xtec.cat\/ielesvinyes\/wp-content\/uploads\/usu1433\/2018\/05\/20180320_114041_opt-e1526589142815-169x300.jpg 169w, https:\/\/agora.xtec.cat\/ielesvinyes\/wp-content\/uploads\/usu1433\/2018\/05\/20180320_114041_opt-e1526589142815.jpg 675w\" sizes=\"auto, (max-width: 200px) 100vw, 200px\" \/><\/a><\/p>\n<p>&nbsp;<\/p>\n<p>El proc\u00e9s de restauraci\u00f3 va finalitzar amb l&#8217;execuci\u00f3 dels dissenys sobre el paper que decoraria les parets de la cambra i la seva recreaci\u00f3 en l&#8217;espai que tenien assignat.<\/p>\n<p><a href=\"http:\/\/agora.xtec.cat\/ielesvinyes\/wp-content\/uploads\/usu1433\/2018\/05\/IMG_20180130_134628.jpg\"><img loading=\"lazy\" decoding=\"async\" class=\"wp-image-3335 alignleft\" src=\"http:\/\/agora.xtec.cat\/ielesvinyes\/wp-content\/uploads\/usu1433\/2018\/05\/IMG_20180130_134628-768x1024.jpg\" alt=\"\" width=\"355\" height=\"474\" srcset=\"https:\/\/agora.xtec.cat\/ielesvinyes\/wp-content\/uploads\/usu1433\/2018\/05\/IMG_20180130_134628-768x1024.jpg 768w, https:\/\/agora.xtec.cat\/ielesvinyes\/wp-content\/uploads\/usu1433\/2018\/05\/IMG_20180130_134628-225x300.jpg 225w\" sizes=\"auto, (max-width: 355px) 100vw, 355px\" \/><\/a> <a href=\"http:\/\/agora.xtec.cat\/ielesvinyes\/wp-content\/uploads\/usu1433\/2018\/05\/IMG_20180130_125457.jpg\"><img loading=\"lazy\" decoding=\"async\" class=\"wp-image-3334 alignright\" src=\"http:\/\/agora.xtec.cat\/ielesvinyes\/wp-content\/uploads\/usu1433\/2018\/05\/IMG_20180130_125457-768x1024.jpg\" alt=\"\" width=\"355\" height=\"473\" srcset=\"https:\/\/agora.xtec.cat\/ielesvinyes\/wp-content\/uploads\/usu1433\/2018\/05\/IMG_20180130_125457-768x1024.jpg 768w, https:\/\/agora.xtec.cat\/ielesvinyes\/wp-content\/uploads\/usu1433\/2018\/05\/IMG_20180130_125457-225x300.jpg 225w\" sizes=\"auto, (max-width: 355px) 100vw, 355px\" \/><\/a><\/p>\n<p><a href=\"http:\/\/agora.xtec.cat\/ielesvinyes\/wp-content\/uploads\/usu1433\/2018\/05\/IMG_20180126_113033.jpg\"><img loading=\"lazy\" decoding=\"async\" class=\"wp-image-3333 aligncenter\" src=\"http:\/\/agora.xtec.cat\/ielesvinyes\/wp-content\/uploads\/usu1433\/2018\/05\/IMG_20180126_113033-1024x768.jpg\" alt=\"\" width=\"452\" height=\"339\" srcset=\"https:\/\/agora.xtec.cat\/ielesvinyes\/wp-content\/uploads\/usu1433\/2018\/05\/IMG_20180126_113033-1024x768.jpg 1024w, https:\/\/agora.xtec.cat\/ielesvinyes\/wp-content\/uploads\/usu1433\/2018\/05\/IMG_20180126_113033-300x225.jpg 300w, https:\/\/agora.xtec.cat\/ielesvinyes\/wp-content\/uploads\/usu1433\/2018\/05\/IMG_20180126_113033-768x576.jpg 768w, https:\/\/agora.xtec.cat\/ielesvinyes\/wp-content\/uploads\/usu1433\/2018\/05\/IMG_20180126_113033-200x150.jpg 200w\" sizes=\"auto, (max-width: 452px) 100vw, 452px\" \/><\/a><\/p>\n<p>Com podeu observar, cada cambra funer\u00e0ria t\u00e9 les seves caracter\u00edstiques pr\u00f2pies, tot i les semblances entre elles&#8230;<\/p>\n<p style=\"text-align: center;\">CAMBRA FUNER\u00c0RIA 1r ESO A<\/p>\n<p><a href=\"http:\/\/agora.xtec.cat\/ielesvinyes\/wp-content\/uploads\/usu1433\/2018\/05\/Cambra-funer\u00e0ria-1rA-2_opt.jpg\"><img loading=\"lazy\" decoding=\"async\" class=\"wp-image-3338 aligncenter\" src=\"http:\/\/agora.xtec.cat\/ielesvinyes\/wp-content\/uploads\/usu1433\/2018\/05\/Cambra-funer\u00e0ria-1rA-2_opt-1024x576.jpg\" alt=\"\" width=\"458\" height=\"257\" srcset=\"https:\/\/agora.xtec.cat\/ielesvinyes\/wp-content\/uploads\/usu1433\/2018\/05\/Cambra-funer\u00e0ria-1rA-2_opt-1024x576.jpg 1024w, https:\/\/agora.xtec.cat\/ielesvinyes\/wp-content\/uploads\/usu1433\/2018\/05\/Cambra-funer\u00e0ria-1rA-2_opt-300x169.jpg 300w, https:\/\/agora.xtec.cat\/ielesvinyes\/wp-content\/uploads\/usu1433\/2018\/05\/Cambra-funer\u00e0ria-1rA-2_opt-768x432.jpg 768w, https:\/\/agora.xtec.cat\/ielesvinyes\/wp-content\/uploads\/usu1433\/2018\/05\/Cambra-funer\u00e0ria-1rA-2_opt.jpg 1200w\" sizes=\"auto, (max-width: 458px) 100vw, 458px\" \/><\/a><\/p>\n<p style=\"text-align: center;\">CAMBRA FUNER\u00c0RIA 1r ESO B<\/p>\n<p><a href=\"http:\/\/agora.xtec.cat\/ielesvinyes\/wp-content\/uploads\/usu1433\/2018\/05\/Cambra-funer\u00e0ria-1rB-1_opt.jpg\"><img loading=\"lazy\" decoding=\"async\" class=\" wp-image-3336 aligncenter\" src=\"http:\/\/agora.xtec.cat\/ielesvinyes\/wp-content\/uploads\/usu1433\/2018\/05\/Cambra-funer\u00e0ria-1rB-1_opt-768x1024.jpg\" alt=\"\" width=\"348\" height=\"464\" srcset=\"https:\/\/agora.xtec.cat\/ielesvinyes\/wp-content\/uploads\/usu1433\/2018\/05\/Cambra-funer\u00e0ria-1rB-1_opt-768x1024.jpg 768w, https:\/\/agora.xtec.cat\/ielesvinyes\/wp-content\/uploads\/usu1433\/2018\/05\/Cambra-funer\u00e0ria-1rB-1_opt-225x300.jpg 225w, https:\/\/agora.xtec.cat\/ielesvinyes\/wp-content\/uploads\/usu1433\/2018\/05\/Cambra-funer\u00e0ria-1rB-1_opt.jpg 1200w\" sizes=\"auto, (max-width: 348px) 100vw, 348px\" \/><\/a><\/p>\n<p style=\"text-align: center;\">CAMBRA FUNER\u00c0RIA 1r ESO C<\/p>\n<p><a href=\"http:\/\/agora.xtec.cat\/ielesvinyes\/wp-content\/uploads\/usu1433\/2018\/05\/Cambra-funer\u00e0ria-1rC-1_opt.jpg\"><img loading=\"lazy\" decoding=\"async\" class=\" wp-image-3337 aligncenter\" src=\"http:\/\/agora.xtec.cat\/ielesvinyes\/wp-content\/uploads\/usu1433\/2018\/05\/Cambra-funer\u00e0ria-1rC-1_opt-1024x576.jpg\" alt=\"\" width=\"459\" height=\"258\" srcset=\"https:\/\/agora.xtec.cat\/ielesvinyes\/wp-content\/uploads\/usu1433\/2018\/05\/Cambra-funer\u00e0ria-1rC-1_opt-1024x576.jpg 1024w, https:\/\/agora.xtec.cat\/ielesvinyes\/wp-content\/uploads\/usu1433\/2018\/05\/Cambra-funer\u00e0ria-1rC-1_opt-300x169.jpg 300w, https:\/\/agora.xtec.cat\/ielesvinyes\/wp-content\/uploads\/usu1433\/2018\/05\/Cambra-funer\u00e0ria-1rC-1_opt-768x432.jpg 768w, https:\/\/agora.xtec.cat\/ielesvinyes\/wp-content\/uploads\/usu1433\/2018\/05\/Cambra-funer\u00e0ria-1rC-1_opt.jpg 1200w\" sizes=\"auto, (max-width: 459px) 100vw, 459px\" \/><\/a><\/p>\n<p>El proc\u00e9s de treball d&#8217;aquest projecte va finalitzar amb l&#8217;alumnat assumint el paper d&#8217;aque\u00f2legs, ja que cada Grup Base havia de realitzar una visita guiada de la cambra funer\u00e0ria a un grup d&#8217;alumnes de 3r de prim\u00e0ria del propi centre, la classe dels &#8220;Arque\u00f2legs&#8221;. Va ser l&#8217;alumnat de prim\u00e0ria, a trav\u00e9s d&#8217;una r\u00fabrica creada a tal efecte i treballada per la seva tutora a les seves classes, qui va avaluar la visita que va realitzar l&#8217;alumnat de 1r d&#8217;ESO.<\/p>\n<p><a href=\"http:\/\/agora.xtec.cat\/ielesvinyes\/wp-content\/uploads\/usu1433\/2018\/05\/IMG_20180111_092657.jpg\"><img loading=\"lazy\" decoding=\"async\" class=\"wp-image-3339 alignleft\" src=\"http:\/\/agora.xtec.cat\/ielesvinyes\/wp-content\/uploads\/usu1433\/2018\/05\/IMG_20180111_092657-768x1024.jpg\" alt=\"\" width=\"289\" height=\"385\" srcset=\"https:\/\/agora.xtec.cat\/ielesvinyes\/wp-content\/uploads\/usu1433\/2018\/05\/IMG_20180111_092657-768x1024.jpg 768w, https:\/\/agora.xtec.cat\/ielesvinyes\/wp-content\/uploads\/usu1433\/2018\/05\/IMG_20180111_092657-225x300.jpg 225w\" sizes=\"auto, (max-width: 289px) 100vw, 289px\" \/><\/a> <a href=\"http:\/\/agora.xtec.cat\/ielesvinyes\/wp-content\/uploads\/usu1433\/2018\/05\/IMG_20180201_090941.jpg\"><img loading=\"lazy\" decoding=\"async\" class=\"wp-image-3340 alignright\" src=\"http:\/\/agora.xtec.cat\/ielesvinyes\/wp-content\/uploads\/usu1433\/2018\/05\/IMG_20180201_090941-1024x768.jpg\" alt=\"\" width=\"414\" height=\"311\" srcset=\"https:\/\/agora.xtec.cat\/ielesvinyes\/wp-content\/uploads\/usu1433\/2018\/05\/IMG_20180201_090941-1024x768.jpg 1024w, https:\/\/agora.xtec.cat\/ielesvinyes\/wp-content\/uploads\/usu1433\/2018\/05\/IMG_20180201_090941-300x225.jpg 300w, https:\/\/agora.xtec.cat\/ielesvinyes\/wp-content\/uploads\/usu1433\/2018\/05\/IMG_20180201_090941-768x576.jpg 768w, https:\/\/agora.xtec.cat\/ielesvinyes\/wp-content\/uploads\/usu1433\/2018\/05\/IMG_20180201_090941-200x150.jpg 200w\" sizes=\"auto, (max-width: 414px) 100vw, 414px\" \/><\/a><\/p>\n<p>&nbsp;<\/p>\n<p>&nbsp;<\/p>\n<p>&nbsp;<\/p>\n<p>&nbsp;<\/p>\n<p>&nbsp;<\/p>\n<p>&nbsp;<\/p>\n<p>&nbsp;<\/p>\n<p>&nbsp;<\/p>\n<p><a href=\"http:\/\/agora.xtec.cat\/ielesvinyes\/wp-content\/uploads\/usu1433\/2018\/05\/IMG_20180308_100231_opt.jpg\"><img loading=\"lazy\" decoding=\"async\" class=\"wp-image-3342 alignright\" src=\"http:\/\/agora.xtec.cat\/ielesvinyes\/wp-content\/uploads\/usu1433\/2018\/05\/IMG_20180308_100231_opt-1024x576.jpg\" alt=\"\" width=\"378\" height=\"213\" srcset=\"https:\/\/agora.xtec.cat\/ielesvinyes\/wp-content\/uploads\/usu1433\/2018\/05\/IMG_20180308_100231_opt-1024x576.jpg 1024w, https:\/\/agora.xtec.cat\/ielesvinyes\/wp-content\/uploads\/usu1433\/2018\/05\/IMG_20180308_100231_opt-300x169.jpg 300w, https:\/\/agora.xtec.cat\/ielesvinyes\/wp-content\/uploads\/usu1433\/2018\/05\/IMG_20180308_100231_opt-768x432.jpg 768w, https:\/\/agora.xtec.cat\/ielesvinyes\/wp-content\/uploads\/usu1433\/2018\/05\/IMG_20180308_100231_opt.jpg 1200w\" sizes=\"auto, (max-width: 378px) 100vw, 378px\" \/><\/a> <a href=\"http:\/\/agora.xtec.cat\/ielesvinyes\/wp-content\/uploads\/usu1433\/2018\/05\/IMG_20180308_092621_020_opt.jpg\"><img loading=\"lazy\" decoding=\"async\" class=\"wp-image-3341 alignleft\" src=\"http:\/\/agora.xtec.cat\/ielesvinyes\/wp-content\/uploads\/usu1433\/2018\/05\/IMG_20180308_092621_020_opt-1024x768.jpg\" alt=\"\" width=\"331\" height=\"248\" srcset=\"https:\/\/agora.xtec.cat\/ielesvinyes\/wp-content\/uploads\/usu1433\/2018\/05\/IMG_20180308_092621_020_opt-1024x768.jpg 1024w, https:\/\/agora.xtec.cat\/ielesvinyes\/wp-content\/uploads\/usu1433\/2018\/05\/IMG_20180308_092621_020_opt-300x225.jpg 300w, https:\/\/agora.xtec.cat\/ielesvinyes\/wp-content\/uploads\/usu1433\/2018\/05\/IMG_20180308_092621_020_opt-768x576.jpg 768w, https:\/\/agora.xtec.cat\/ielesvinyes\/wp-content\/uploads\/usu1433\/2018\/05\/IMG_20180308_092621_020_opt-200x150.jpg 200w, https:\/\/agora.xtec.cat\/ielesvinyes\/wp-content\/uploads\/usu1433\/2018\/05\/IMG_20180308_092621_020_opt.jpg 1200w\" sizes=\"auto, (max-width: 331px) 100vw, 331px\" \/><\/a><\/p>\n<p>&nbsp;<\/p>\n<p>&nbsp;<\/p>\n<p>&nbsp;<\/p>\n<p>&nbsp;<\/p>\n<p>&nbsp;<\/p>\n<p>&nbsp;<\/p>\n<p>&nbsp;<\/p>\n<p>Finalment, us deixem amb un recull d&#8217;imatges de les tres classes de 1r: del proc\u00e9s de treball, de les cambres i els seus murals tem\u00e0tics i de les visites guiades a l&#8217;alumnat de 3r de prim\u00e0ria. Felicitats a tots\/es per aquest projecte, alumnat de 1r d&#8217;ESO i de 3r de prim\u00e0ria! Un agra\u00efment molt especial a la Laura L\u00e1zaro pel suport i la confian\u00e7a en aquest projecte! Aprendre importa!<\/p>\n<p style=\"text-align: center;\"><a href=\"https:\/\/www.flickr.com\/photos\/ielesvinyes\/albums\/72157693998489524\">FLICKR &#8211; 1r A<\/a><\/p>\n<p style=\"text-align: center;\"><a href=\"https:\/\/www.flickr.com\/photos\/ielesvinyes\/albums\/72157694748456365\">FLICKR &#8211; 1r B<\/a><\/p>\n<p style=\"text-align: center;\"><a href=\"https:\/\/www.flickr.com\/photos\/ielesvinyes\/albums\/72157693997769624\">FLICKR &#8211; 1r C<\/a><\/p>\n","protected":false},"excerpt":{"rendered":"<p>Passat el segon trimestre, volem compartir amb tothom el Projecte d&#8217;\u00e0mbits SAE que hem realitzat a 1r d&#8217;ESO, que duu per t\u00edtol &#8220;La cambra funer\u00e0ria de Tutankamon&#8221;. L&#8217;objectiu que ens vam plantejar era donar resposta a un enc\u00e0rrec: el Departament d\u2019egiptologia d\u2019una reconeguda universitat europea ens va demanar que realitz\u00e9ssim una recreaci\u00f3 de la cambra [&hellip;]<\/p>\n","protected":false},"author":6,"featured_media":3265,"comment_status":"open","ping_status":"closed","sticky":false,"template":"","format":"standard","meta":{"_bbp_topic_count":0,"_bbp_reply_count":0,"_bbp_total_topic_count":0,"_bbp_total_reply_count":0,"_bbp_voice_count":0,"_bbp_anonymous_reply_count":0,"_bbp_topic_count_hidden":0,"_bbp_reply_count_hidden":0,"_bbp_forum_subforum_count":0,"site-sidebar-layout":"default","site-content-layout":"","ast-site-content-layout":"","site-content-style":"default","site-sidebar-style":"default","ast-global-header-display":"","ast-banner-title-visibility":"","ast-main-header-display":"","ast-hfb-above-header-display":"","ast-hfb-below-header-display":"","ast-hfb-mobile-header-display":"","site-post-title":"","ast-breadcrumbs-content":"","ast-featured-img":"","footer-sml-layout":"","theme-transparent-header-meta":"","adv-header-id-meta":"","stick-header-meta":"","header-above-stick-meta":"","header-main-stick-meta":"","header-below-stick-meta":"","astra-migrate-meta-layouts":"default","ast-page-background-enabled":"default","ast-page-background-meta":{"desktop":{"background-color":"var(--ast-global-color-4)","background-image":"","background-repeat":"repeat","background-position":"center center","background-size":"auto","background-attachment":"scroll","background-type":"","background-media":"","overlay-type":"","overlay-color":"","overlay-opacity":"","overlay-gradient":""},"tablet":{"background-color":"","background-image":"","background-repeat":"repeat","background-position":"center center","background-size":"auto","background-attachment":"scroll","background-type":"","background-media":"","overlay-type":"","overlay-color":"","overlay-opacity":"","overlay-gradient":""},"mobile":{"background-color":"","background-image":"","background-repeat":"repeat","background-position":"center center","background-size":"auto","background-attachment":"scroll","background-type":"","background-media":"","overlay-type":"","overlay-color":"","overlay-opacity":"","overlay-gradient":""}},"ast-content-background-meta":{"desktop":{"background-color":"var(--ast-global-color-5)","background-image":"","background-repeat":"repeat","background-position":"center center","background-size":"auto","background-attachment":"scroll","background-type":"","background-media":"","overlay-type":"","overlay-color":"","overlay-opacity":"","overlay-gradient":""},"tablet":{"background-color":"var(--ast-global-color-5)","background-image":"","background-repeat":"repeat","background-position":"center center","background-size":"auto","background-attachment":"scroll","background-type":"","background-media":"","overlay-type":"","overlay-color":"","overlay-opacity":"","overlay-gradient":""},"mobile":{"background-color":"var(--ast-global-color-5)","background-image":"","background-repeat":"repeat","background-position":"center center","background-size":"auto","background-attachment":"scroll","background-type":"","background-media":"","overlay-type":"","overlay-color":"","overlay-opacity":"","overlay-gradient":""}},"footnotes":""},"categories":[369,1,100,105,301],"tags":[],"class_list":["post-3248","post","type-post","status-publish","format-standard","has-post-thumbnail","hentry","category-2017-18","category-general","category-infipri","category-projectes","category-secundaria"],"post_mailing_queue_ids":[],"_links":{"self":[{"href":"https:\/\/agora.xtec.cat\/ielesvinyes\/wp-json\/wp\/v2\/posts\/3248","targetHints":{"allow":["GET"]}}],"collection":[{"href":"https:\/\/agora.xtec.cat\/ielesvinyes\/wp-json\/wp\/v2\/posts"}],"about":[{"href":"https:\/\/agora.xtec.cat\/ielesvinyes\/wp-json\/wp\/v2\/types\/post"}],"author":[{"embeddable":true,"href":"https:\/\/agora.xtec.cat\/ielesvinyes\/wp-json\/wp\/v2\/users\/6"}],"replies":[{"embeddable":true,"href":"https:\/\/agora.xtec.cat\/ielesvinyes\/wp-json\/wp\/v2\/comments?post=3248"}],"version-history":[{"count":3,"href":"https:\/\/agora.xtec.cat\/ielesvinyes\/wp-json\/wp\/v2\/posts\/3248\/revisions"}],"predecessor-version":[{"id":3269,"href":"https:\/\/agora.xtec.cat\/ielesvinyes\/wp-json\/wp\/v2\/posts\/3248\/revisions\/3269"}],"wp:featuredmedia":[{"embeddable":true,"href":"https:\/\/agora.xtec.cat\/ielesvinyes\/wp-json\/wp\/v2\/media\/3265"}],"wp:attachment":[{"href":"https:\/\/agora.xtec.cat\/ielesvinyes\/wp-json\/wp\/v2\/media?parent=3248"}],"wp:term":[{"taxonomy":"category","embeddable":true,"href":"https:\/\/agora.xtec.cat\/ielesvinyes\/wp-json\/wp\/v2\/categories?post=3248"},{"taxonomy":"post_tag","embeddable":true,"href":"https:\/\/agora.xtec.cat\/ielesvinyes\/wp-json\/wp\/v2\/tags?post=3248"}],"curies":[{"name":"wp","href":"https:\/\/api.w.org\/{rel}","templated":true}]}}