{"id":3240,"date":"2018-04-24T15:39:05","date_gmt":"2018-04-24T13:39:05","guid":{"rendered":"http:\/\/agora.xtec.cat\/ielesvinyes\/?p=3240"},"modified":"2018-04-24T20:30:34","modified_gmt":"2018-04-24T18:30:34","slug":"documental-vam-aprendre-de-javi-seva","status":"publish","type":"post","link":"https:\/\/agora.xtec.cat\/ielesvinyes\/general\/documental-vam-aprendre-de-javi-seva\/","title":{"rendered":"Documental &#8220;Vam aprendre?&#8221; de Javi Seva"},"content":{"rendered":"<p>Ja fa tres cursos que els nostres alumnes, en acabar 4t d\u2019ESO, surten de <strong>Les Vinyes<\/strong> per donar <strong>continu\u00eftat al seu proc\u00e9s formatiu en ensenyaments postobligatoris<\/strong>. Impulsats per l\u2019inter\u00e8s del centre per saber com els est\u00e0 anant vam contactar amb el <strong>Javi Seva<\/strong>, exalumne de la primera promoci\u00f3 de Les Vinyes, que enguany ha iniciat els estudis universitaris a l\u2019<a href=\"https:\/\/escac.com\/ca\/\" target=\"_blank\" rel=\"noopener noreferrer\"><strong>ESCAC<\/strong><\/a>, amb la intenci\u00f3 d\u2019explorar la possibilitat de produir un <strong>petit documental<\/strong>.<\/p>\n<p>La idea inicial era simple: <strong>recollir el testimoni d\u2019alguns exalumnes i fer-ne una composici\u00f3 coral.<\/strong> Aquest va ser el punt de partida d\u2019una iniciativa que des del primer moment el Javi va fer seva, i que ell mateix ha transformat fins a convertir-la en <strong>un relat personal i coral sobre relaci\u00f3 amb el coneixement i l&#8217;aprenentatge<\/strong>. En les seves pr\u00f2pies paraules \u201caquest no \u00e9s un documental del centre, sin\u00f3 que vol ser il\u00b7lustratiu de processos similars que estan succeint al conjunt de centres que treballen seguint aquest enfocament.\u201d<\/p>\n<p>Volem agra\u00efr p\u00fablicament al Javi Seva la quantitat d\u2019hores, d\u2019il\u00b7lusi\u00f3 i de compet\u00e8ncies que cal posar en joc per dirigir i produir un documental d\u2019aquestes caracter\u00edstiques, m\u00e9s encara veient la qualitat del resultat. Tamb\u00e9 volem fer un agra\u00efment especial a la resta de protagonistes del documental, l\u2019<strong>Helena Mu\u00f1oz<\/strong>, l\u2019<strong>Adri\u00e1n Lamas<\/strong>, la <strong>Hanna Fern\u00e1ndez<\/strong>, el <strong>Guillem Artigau<\/strong>, el <strong>Bernat Torn\u00e9<\/strong> i el <strong>Daniel Lorenzo<\/strong>, per fer sentir la seva veu amb sinceritat i amabilitat.<\/p>\n<div id='gallery-1' class='gallery galleryid-3240 gallery-columns-2 gallery-size-large'><figure class='gallery-item'>\n\t\t\t<div class='gallery-icon landscape'>\n\t\t\t\t<a href='https:\/\/agora.xtec.cat\/ielesvinyes\/wp-content\/uploads\/usu1433\/2018\/04\/IMG_20180418_191803.jpg'><img loading=\"lazy\" decoding=\"async\" width=\"1024\" height=\"576\" src=\"https:\/\/agora.xtec.cat\/ielesvinyes\/wp-content\/uploads\/usu1433\/2018\/04\/IMG_20180418_191803-1024x576.jpg\" class=\"attachment-large size-large\" alt=\"\" srcset=\"https:\/\/agora.xtec.cat\/ielesvinyes\/wp-content\/uploads\/usu1433\/2018\/04\/IMG_20180418_191803-1024x576.jpg 1024w, https:\/\/agora.xtec.cat\/ielesvinyes\/wp-content\/uploads\/usu1433\/2018\/04\/IMG_20180418_191803-300x169.jpg 300w, https:\/\/agora.xtec.cat\/ielesvinyes\/wp-content\/uploads\/usu1433\/2018\/04\/IMG_20180418_191803-768x432.jpg 768w, https:\/\/agora.xtec.cat\/ielesvinyes\/wp-content\/uploads\/usu1433\/2018\/04\/IMG_20180418_191803.jpg 2000w\" sizes=\"auto, (max-width: 1024px) 100vw, 1024px\" \/><\/a>\n\t\t\t<\/div><\/figure><figure class='gallery-item'>\n\t\t\t<div class='gallery-icon landscape'>\n\t\t\t\t<a href='https:\/\/agora.xtec.cat\/ielesvinyes\/wp-content\/uploads\/usu1433\/2018\/04\/IMG_20180418_194108.jpg'><img loading=\"lazy\" decoding=\"async\" width=\"1024\" height=\"576\" src=\"https:\/\/agora.xtec.cat\/ielesvinyes\/wp-content\/uploads\/usu1433\/2018\/04\/IMG_20180418_194108-1024x576.jpg\" class=\"attachment-large size-large\" alt=\"\" srcset=\"https:\/\/agora.xtec.cat\/ielesvinyes\/wp-content\/uploads\/usu1433\/2018\/04\/IMG_20180418_194108-1024x576.jpg 1024w, https:\/\/agora.xtec.cat\/ielesvinyes\/wp-content\/uploads\/usu1433\/2018\/04\/IMG_20180418_194108-300x169.jpg 300w, https:\/\/agora.xtec.cat\/ielesvinyes\/wp-content\/uploads\/usu1433\/2018\/04\/IMG_20180418_194108-768x432.jpg 768w, https:\/\/agora.xtec.cat\/ielesvinyes\/wp-content\/uploads\/usu1433\/2018\/04\/IMG_20180418_194108.jpg 2000w\" sizes=\"auto, (max-width: 1024px) 100vw, 1024px\" \/><\/a>\n\t\t\t<\/div><\/figure>\n\t\t<\/div>\n\n<p>Volem agrair tamb\u00e9 al <strong>centenar de persones<\/strong> que el passat dimecres 18 d\u2019abril es van apropar al centre per veure l\u2019estrena i participar al col\u00b7loqui posterior. El silenci mentre es visionava el documental \u00e9s un missatge en s\u00ed mateix, i el col\u00b7loqui va estar farcit de moments emotius i d\u2019aportacions d\u2019alumnes, fam\u00edlies i professionals de l\u2019educaci\u00f3.<\/p>\n<p>Agra\u00efm tamb\u00e9 a l\u2019<strong>AMPA<\/strong>, un cop m\u00e9s, la complicitat i el suport en l\u2019organitzaci\u00f3 i la difusi\u00f3 de l\u2019estrena i el col\u00b7loqui. Com diu l\u2019Helena Mu\u00f1oz al documental \u201ceducar \u00e9s un treball en equip\u201d.<\/p>\n<p><iframe loading=\"lazy\" src=\"https:\/\/www.youtube.com\/embed\/1jh1xpj50U8?rel=0&amp;showinfo=0\" width=\"1080\" height=\"607\" frameborder=\"0\" allowfullscreen=\"allowfullscreen\"><\/iframe><\/p>\n","protected":false},"excerpt":{"rendered":"<p>Ja fa tres cursos que els nostres alumnes, en acabar 4t d\u2019ESO, surten de Les Vinyes per donar continu\u00eftat al seu proc\u00e9s formatiu en ensenyaments postobligatoris. Impulsats per l\u2019inter\u00e8s del centre per saber com els est\u00e0 anant vam contactar amb el Javi Seva, exalumne de la primera promoci\u00f3 de Les Vinyes, que enguany ha iniciat [&hellip;]<\/p>\n","protected":false},"author":6,"featured_media":3241,"comment_status":"open","ping_status":"closed","sticky":false,"template":"","format":"standard","meta":{"_bbp_topic_count":0,"_bbp_reply_count":0,"_bbp_total_topic_count":0,"_bbp_total_reply_count":0,"_bbp_voice_count":0,"_bbp_anonymous_reply_count":0,"_bbp_topic_count_hidden":0,"_bbp_reply_count_hidden":0,"_bbp_forum_subforum_count":0,"site-sidebar-layout":"default","site-content-layout":"","ast-site-content-layout":"","site-content-style":"default","site-sidebar-style":"default","ast-global-header-display":"","ast-banner-title-visibility":"","ast-main-header-display":"","ast-hfb-above-header-display":"","ast-hfb-below-header-display":"","ast-hfb-mobile-header-display":"","site-post-title":"","ast-breadcrumbs-content":"","ast-featured-img":"","footer-sml-layout":"","theme-transparent-header-meta":"","adv-header-id-meta":"","stick-header-meta":"","header-above-stick-meta":"","header-main-stick-meta":"","header-below-stick-meta":"","astra-migrate-meta-layouts":"default","ast-page-background-enabled":"default","ast-page-background-meta":{"desktop":{"background-color":"var(--ast-global-color-4)","background-image":"","background-repeat":"repeat","background-position":"center center","background-size":"auto","background-attachment":"scroll","background-type":"","background-media":"","overlay-type":"","overlay-color":"","overlay-opacity":"","overlay-gradient":""},"tablet":{"background-color":"","background-image":"","background-repeat":"repeat","background-position":"center center","background-size":"auto","background-attachment":"scroll","background-type":"","background-media":"","overlay-type":"","overlay-color":"","overlay-opacity":"","overlay-gradient":""},"mobile":{"background-color":"","background-image":"","background-repeat":"repeat","background-position":"center center","background-size":"auto","background-attachment":"scroll","background-type":"","background-media":"","overlay-type":"","overlay-color":"","overlay-opacity":"","overlay-gradient":""}},"ast-content-background-meta":{"desktop":{"background-color":"var(--ast-global-color-5)","background-image":"","background-repeat":"repeat","background-position":"center center","background-size":"auto","background-attachment":"scroll","background-type":"","background-media":"","overlay-type":"","overlay-color":"","overlay-opacity":"","overlay-gradient":""},"tablet":{"background-color":"var(--ast-global-color-5)","background-image":"","background-repeat":"repeat","background-position":"center center","background-size":"auto","background-attachment":"scroll","background-type":"","background-media":"","overlay-type":"","overlay-color":"","overlay-opacity":"","overlay-gradient":""},"mobile":{"background-color":"var(--ast-global-color-5)","background-image":"","background-repeat":"repeat","background-position":"center center","background-size":"auto","background-attachment":"scroll","background-type":"","background-media":"","overlay-type":"","overlay-color":"","overlay-opacity":"","overlay-gradient":""}},"footnotes":""},"categories":[369,1,29,375,301],"tags":[377,376],"class_list":["post-3240","post","type-post","status-publish","format-standard","has-post-thumbnail","hentry","category-2017-18","category-general","category-portada","category-projecte-educatiu","category-secundaria","tag-javi-seva","tag-vam-aprendre"],"post_mailing_queue_ids":[],"_links":{"self":[{"href":"https:\/\/agora.xtec.cat\/ielesvinyes\/wp-json\/wp\/v2\/posts\/3240","targetHints":{"allow":["GET"]}}],"collection":[{"href":"https:\/\/agora.xtec.cat\/ielesvinyes\/wp-json\/wp\/v2\/posts"}],"about":[{"href":"https:\/\/agora.xtec.cat\/ielesvinyes\/wp-json\/wp\/v2\/types\/post"}],"author":[{"embeddable":true,"href":"https:\/\/agora.xtec.cat\/ielesvinyes\/wp-json\/wp\/v2\/users\/6"}],"replies":[{"embeddable":true,"href":"https:\/\/agora.xtec.cat\/ielesvinyes\/wp-json\/wp\/v2\/comments?post=3240"}],"version-history":[{"count":3,"href":"https:\/\/agora.xtec.cat\/ielesvinyes\/wp-json\/wp\/v2\/posts\/3240\/revisions"}],"predecessor-version":[{"id":3247,"href":"https:\/\/agora.xtec.cat\/ielesvinyes\/wp-json\/wp\/v2\/posts\/3240\/revisions\/3247"}],"wp:featuredmedia":[{"embeddable":true,"href":"https:\/\/agora.xtec.cat\/ielesvinyes\/wp-json\/wp\/v2\/media\/3241"}],"wp:attachment":[{"href":"https:\/\/agora.xtec.cat\/ielesvinyes\/wp-json\/wp\/v2\/media?parent=3240"}],"wp:term":[{"taxonomy":"category","embeddable":true,"href":"https:\/\/agora.xtec.cat\/ielesvinyes\/wp-json\/wp\/v2\/categories?post=3240"},{"taxonomy":"post_tag","embeddable":true,"href":"https:\/\/agora.xtec.cat\/ielesvinyes\/wp-json\/wp\/v2\/tags?post=3240"}],"curies":[{"name":"wp","href":"https:\/\/api.w.org\/{rel}","templated":true}]}}