{"id":3204,"date":"2018-04-06T15:02:37","date_gmt":"2018-04-06T13:02:37","guid":{"rendered":"http:\/\/agora.xtec.cat\/ielesvinyes\/?p=3204"},"modified":"2018-04-09T22:17:42","modified_gmt":"2018-04-09T20:17:42","slug":"visionat-i-colloqui-sobre-el-documental-vam-aprendre","status":"publish","type":"post","link":"https:\/\/agora.xtec.cat\/ielesvinyes\/portada\/visionat-i-colloqui-sobre-el-documental-vam-aprendre\/","title":{"rendered":"Visionat i col\u00b7loqui sobre el documental &#8220;Vam aprendre?&#8221;"},"content":{"rendered":"<p><a href=\"http:\/\/agora.xtec.cat\/ielesvinyes\/wp-content\/uploads\/usu1433\/2018\/04\/Cartell-Vam-aprendre.jpg\"><img loading=\"lazy\" decoding=\"async\" class=\"alignnone size-full wp-image-3205\" src=\"http:\/\/agora.xtec.cat\/ielesvinyes\/wp-content\/uploads\/usu1433\/2018\/04\/Cartell-Vam-aprendre.jpg\" alt=\"\" width=\"960\" height=\"540\" srcset=\"https:\/\/agora.xtec.cat\/ielesvinyes\/wp-content\/uploads\/usu1433\/2018\/04\/Cartell-Vam-aprendre.jpg 960w, https:\/\/agora.xtec.cat\/ielesvinyes\/wp-content\/uploads\/usu1433\/2018\/04\/Cartell-Vam-aprendre-300x169.jpg 300w, https:\/\/agora.xtec.cat\/ielesvinyes\/wp-content\/uploads\/usu1433\/2018\/04\/Cartell-Vam-aprendre-768x432.jpg 768w\" sizes=\"auto, (max-width: 960px) 100vw, 960px\" \/><\/a><\/p>\n<p>El proper <strong>dimecres 18 d&#8217;abril a les 19 h<\/strong> tindr\u00e0 lloc l&#8217;estrena del documental <strong>&#8220;Vam aprendre?&#8221;<\/strong> que ha dirigit i produ\u00eft en <strong>Javi Seva<\/strong>, i est\u00e0 protagonitzat per ell mateix i altres ex-alumnes del centre. El documental ha comptat amb la col\u00b7laboraci\u00f3 del centre i est\u00e0 dirigit a totes aquelles persones relacionades amb Les Vinyes i Castellbisbal, i tamb\u00e9 a totes les persones interessades en la transformaci\u00f3 educativa.<\/p>\n<p>Cal inscripci\u00f3 pr\u00e8via per tal de dimensionar l&#8217;esdeveniment. Hi hi haur\u00e0 <strong>servei d&#8217;acollida<\/strong> gestionat per l&#8217;AMPA!<\/p>\n<p><strong>Enlla\u00e7 al formulari d&#8217;inscripci\u00f3:<\/strong> <a href=\"http:\/\/bit.ly\/vamaprendre\" target=\"_blank\" rel=\"noopener noreferrer\">bit.ly\/vamaprendre<\/a><\/p>\n<p>Aqu\u00ed teniu un avan\u00e7ament, si voleu veure la resta, reserveu la data i<strong> feu ja la vostra inscripci\u00f3!<\/strong><\/p>\n<p><iframe loading=\"lazy\" src=\"https:\/\/www.youtube.com\/embed\/7GWa7880vgY?rel=0&amp;showinfo=0\" width=\"560\" height=\"315\" frameborder=\"0\" allowfullscreen=\"allowfullscreen\"><\/iframe><\/p>\n<p><strong>Sinopsi del documental<\/strong><\/p>\n<p>La idea original del documental es respondre la pregunta de \u201cVam aprendre?\u201d. Es vol reflexionar en qu\u00e8 afecta haver fet la secund\u00e0ria en un centre amb un projecte educatiu singular a l\u2019hora de cursar estudis superiors i afrontar la vida quotidiana. Es tracta d&#8217;una composici\u00f3 coral a partir del testimoni de diferents ex-alumnes de l\u2019Institut-Escola Les Vinyes que actualment estudien a diferents llocs, per poder aix\u00ed valorar diferents d\u2019opinions de diferents orientacions. Tot i que els personatges es trien s\u00f3n ex-alumnes de Les Vinyes, aquest no \u00e9s un documental del centre, sin\u00f3 que vol ser il\u00b7lustratiu a processos similars que estan succeint al conjunt de centres que treballen seguint aquest enfocament.<\/p>\n","protected":false},"excerpt":{"rendered":"<p>El proper dimecres 18 d&#8217;abril a les 19 h tindr\u00e0 lloc l&#8217;estrena del documental &#8220;Vam aprendre?&#8221; que ha dirigit i produ\u00eft en Javi Seva, i est\u00e0 protagonitzat per ell mateix i altres ex-alumnes del centre. El documental ha comptat amb la col\u00b7laboraci\u00f3 del centre i est\u00e0 dirigit a totes aquelles persones relacionades amb Les Vinyes [&hellip;]<\/p>\n","protected":false},"author":1,"featured_media":3206,"comment_status":"open","ping_status":"closed","sticky":false,"template":"","format":"standard","meta":{"_bbp_topic_count":0,"_bbp_reply_count":0,"_bbp_total_topic_count":0,"_bbp_total_reply_count":0,"_bbp_voice_count":0,"_bbp_anonymous_reply_count":0,"_bbp_topic_count_hidden":0,"_bbp_reply_count_hidden":0,"_bbp_forum_subforum_count":0,"site-sidebar-layout":"default","site-content-layout":"","ast-site-content-layout":"","site-content-style":"default","site-sidebar-style":"default","ast-global-header-display":"","ast-banner-title-visibility":"","ast-main-header-display":"","ast-hfb-above-header-display":"","ast-hfb-below-header-display":"","ast-hfb-mobile-header-display":"","site-post-title":"","ast-breadcrumbs-content":"","ast-featured-img":"","footer-sml-layout":"","theme-transparent-header-meta":"","adv-header-id-meta":"","stick-header-meta":"","header-above-stick-meta":"","header-main-stick-meta":"","header-below-stick-meta":"","astra-migrate-meta-layouts":"default","ast-page-background-enabled":"default","ast-page-background-meta":{"desktop":{"background-color":"var(--ast-global-color-4)","background-image":"","background-repeat":"repeat","background-position":"center center","background-size":"auto","background-attachment":"scroll","background-type":"","background-media":"","overlay-type":"","overlay-color":"","overlay-opacity":"","overlay-gradient":""},"tablet":{"background-color":"","background-image":"","background-repeat":"repeat","background-position":"center center","background-size":"auto","background-attachment":"scroll","background-type":"","background-media":"","overlay-type":"","overlay-color":"","overlay-opacity":"","overlay-gradient":""},"mobile":{"background-color":"","background-image":"","background-repeat":"repeat","background-position":"center center","background-size":"auto","background-attachment":"scroll","background-type":"","background-media":"","overlay-type":"","overlay-color":"","overlay-opacity":"","overlay-gradient":""}},"ast-content-background-meta":{"desktop":{"background-color":"var(--ast-global-color-5)","background-image":"","background-repeat":"repeat","background-position":"center center","background-size":"auto","background-attachment":"scroll","background-type":"","background-media":"","overlay-type":"","overlay-color":"","overlay-opacity":"","overlay-gradient":""},"tablet":{"background-color":"var(--ast-global-color-5)","background-image":"","background-repeat":"repeat","background-position":"center center","background-size":"auto","background-attachment":"scroll","background-type":"","background-media":"","overlay-type":"","overlay-color":"","overlay-opacity":"","overlay-gradient":""},"mobile":{"background-color":"var(--ast-global-color-5)","background-image":"","background-repeat":"repeat","background-position":"center center","background-size":"auto","background-attachment":"scroll","background-type":"","background-media":"","overlay-type":"","overlay-color":"","overlay-opacity":"","overlay-gradient":""}},"footnotes":""},"categories":[369,31,29],"tags":[],"class_list":["post-3204","post","type-post","status-publish","format-standard","has-post-thumbnail","hentry","category-2017-18","category-afa","category-portada"],"post_mailing_queue_ids":[],"_links":{"self":[{"href":"https:\/\/agora.xtec.cat\/ielesvinyes\/wp-json\/wp\/v2\/posts\/3204","targetHints":{"allow":["GET"]}}],"collection":[{"href":"https:\/\/agora.xtec.cat\/ielesvinyes\/wp-json\/wp\/v2\/posts"}],"about":[{"href":"https:\/\/agora.xtec.cat\/ielesvinyes\/wp-json\/wp\/v2\/types\/post"}],"author":[{"embeddable":true,"href":"https:\/\/agora.xtec.cat\/ielesvinyes\/wp-json\/wp\/v2\/users\/1"}],"replies":[{"embeddable":true,"href":"https:\/\/agora.xtec.cat\/ielesvinyes\/wp-json\/wp\/v2\/comments?post=3204"}],"version-history":[{"count":3,"href":"https:\/\/agora.xtec.cat\/ielesvinyes\/wp-json\/wp\/v2\/posts\/3204\/revisions"}],"predecessor-version":[{"id":3216,"href":"https:\/\/agora.xtec.cat\/ielesvinyes\/wp-json\/wp\/v2\/posts\/3204\/revisions\/3216"}],"wp:featuredmedia":[{"embeddable":true,"href":"https:\/\/agora.xtec.cat\/ielesvinyes\/wp-json\/wp\/v2\/media\/3206"}],"wp:attachment":[{"href":"https:\/\/agora.xtec.cat\/ielesvinyes\/wp-json\/wp\/v2\/media?parent=3204"}],"wp:term":[{"taxonomy":"category","embeddable":true,"href":"https:\/\/agora.xtec.cat\/ielesvinyes\/wp-json\/wp\/v2\/categories?post=3204"},{"taxonomy":"post_tag","embeddable":true,"href":"https:\/\/agora.xtec.cat\/ielesvinyes\/wp-json\/wp\/v2\/tags?post=3204"}],"curies":[{"name":"wp","href":"https:\/\/api.w.org\/{rel}","templated":true}]}}