{"id":3155,"date":"2018-03-07T13:00:56","date_gmt":"2018-03-07T12:00:56","guid":{"rendered":"http:\/\/ielesvinyes.net\/?p=3050"},"modified":"2018-04-03T08:59:54","modified_gmt":"2018-04-03T06:59:54","slug":"felicitats-hanna","status":"publish","type":"post","link":"https:\/\/agora.xtec.cat\/ielesvinyes\/portada\/felicitats-hanna\/","title":{"rendered":"Felicitats Hanna!"},"content":{"rendered":"<p><a href=\"http:\/\/agora.xtec.cat\/ielesvinyes\/wp-content\/uploads\/usu1433\/2018\/03\/hanna.jpeg\"><img loading=\"lazy\" decoding=\"async\" class=\"alignnone size-full wp-image-3174\" src=\"http:\/\/agora.xtec.cat\/ielesvinyes\/wp-content\/uploads\/usu1433\/2018\/03\/hanna.jpeg\" alt=\"\" width=\"1000\" height=\"665\" srcset=\"https:\/\/agora.xtec.cat\/ielesvinyes\/wp-content\/uploads\/usu1433\/2018\/03\/hanna.jpeg 1000w, https:\/\/agora.xtec.cat\/ielesvinyes\/wp-content\/uploads\/usu1433\/2018\/03\/hanna-300x200.jpeg 300w, https:\/\/agora.xtec.cat\/ielesvinyes\/wp-content\/uploads\/usu1433\/2018\/03\/hanna-768x511.jpeg 768w\" sizes=\"auto, (max-width: 1000px) 100vw, 1000px\" \/><\/a><\/p>\n<p>Ens fa molta il\u00b7lusi\u00f3 poder escriure aquesta not\u00edcia explicant-vos que la <strong>Hanna Fern\u00e1ndez<\/strong>, ex-alumna de Les Vinyes que actualment fa 1r de batxillerat a l&#8217;<strong>Institut Can Roca<\/strong> (Terrassa), ha format part de l&#8217;equip que en l&#8217;edici\u00f3 d&#8217;enguany s&#8217;ha proclamat guanyador de la <a href=\"http:\/\/www.uab.cat\/web\/viure-el-campus\/participacio-estudiantil\/suma-t-al-debat\/lliga-de-secundaria-i-batxillerat-1345696924649.html\">Lliga de debat de secund\u00e0ria i batxillerat de la UAB<\/a>.<\/p>\n<p>El curs passat, per iniciativa de la pr\u00f2pia Hanna, un equip de Les Vinyes va participar a la lliga, i a pesar de fer un bon paper i una feina espl\u00e8ndida, els resultats no van acompanyar com en aquesta edici\u00f3. Ens alegrem de constatar que les seves ganes de seguir aprenent i creixent segueixen intactes, aix\u00ed com de que aquest any hagi tingut l&#8217;ocasi\u00f3 de tornar a participar i la felicitem pel reconeixement que suposa.<\/p>\n<p>Volem felicitar tamb\u00e9 a la resta de l&#8217;equip, <strong>Albert Jim\u00e9nez, <\/strong>el <strong>Den\u00eds Montoya<\/strong>, l\u2019<strong>\u00c1lex Moreno <\/strong>i el <strong>Samir Rezali<\/strong>, al professor <strong>Marc Oriol Cresp\u00ed<\/strong> que els ha acompanyat i a tot l&#8217;equip docent i comunitat educativa de l&#8217;Institut Can Roca!<\/p>\n<p><strong>Felicitats!<\/strong> I llarga vida al debat com a vehicle d&#8217;aprenentatges!<\/p>\n<figure id=\"attachment_3176\" aria-describedby=\"caption-attachment-3176\" style=\"width: 768px\" class=\"wp-caption alignnone\"><a href=\"http:\/\/agora.xtec.cat\/ielesvinyes\/wp-content\/uploads\/usu1433\/2018\/03\/C3_t_wVWEAA-zu3-768x541.jpg\"><img loading=\"lazy\" decoding=\"async\" class=\"size-full wp-image-3176\" src=\"http:\/\/agora.xtec.cat\/ielesvinyes\/wp-content\/uploads\/usu1433\/2018\/03\/C3_t_wVWEAA-zu3-768x541.jpg\" alt=\"\" width=\"768\" height=\"541\" srcset=\"https:\/\/agora.xtec.cat\/ielesvinyes\/wp-content\/uploads\/usu1433\/2018\/03\/C3_t_wVWEAA-zu3-768x541.jpg 768w, https:\/\/agora.xtec.cat\/ielesvinyes\/wp-content\/uploads\/usu1433\/2018\/03\/C3_t_wVWEAA-zu3-768x541-300x211.jpg 300w\" sizes=\"auto, (max-width: 768px) 100vw, 768px\" \/><\/a><figcaption id=\"caption-attachment-3176\" class=\"wp-caption-text\">L&#8217;equip\u00e0s que va representar a Les Vinyes a l&#8217;edici\u00f3 passada de la lliga de debat.<\/figcaption><\/figure>\n","protected":false},"excerpt":{"rendered":"<p>Ens fa molta il\u00b7lusi\u00f3 poder escriure aquesta not\u00edcia explicant-vos que la Hanna Fern\u00e1ndez, ex-alumna de Les Vinyes que actualment fa 1r de batxillerat a l&#8217;Institut Can Roca (Terrassa), ha format part de l&#8217;equip que en l&#8217;edici\u00f3 d&#8217;enguany s&#8217;ha proclamat guanyador de la Lliga de debat de secund\u00e0ria i batxillerat de la UAB. El curs passat, [&hellip;]<\/p>\n","protected":false},"author":6,"featured_media":3174,"comment_status":"open","ping_status":"closed","sticky":false,"template":"","format":"standard","meta":{"_bbp_topic_count":0,"_bbp_reply_count":0,"_bbp_total_topic_count":0,"_bbp_total_reply_count":0,"_bbp_voice_count":0,"_bbp_anonymous_reply_count":0,"_bbp_topic_count_hidden":0,"_bbp_reply_count_hidden":0,"_bbp_forum_subforum_count":0,"site-sidebar-layout":"default","site-content-layout":"","ast-site-content-layout":"","site-content-style":"default","site-sidebar-style":"default","ast-global-header-display":"","ast-banner-title-visibility":"","ast-main-header-display":"","ast-hfb-above-header-display":"","ast-hfb-below-header-display":"","ast-hfb-mobile-header-display":"","site-post-title":"","ast-breadcrumbs-content":"","ast-featured-img":"","footer-sml-layout":"","theme-transparent-header-meta":"","adv-header-id-meta":"","stick-header-meta":"","header-above-stick-meta":"","header-main-stick-meta":"","header-below-stick-meta":"","astra-migrate-meta-layouts":"default","ast-page-background-enabled":"default","ast-page-background-meta":{"desktop":{"background-color":"var(--ast-global-color-4)","background-image":"","background-repeat":"repeat","background-position":"center center","background-size":"auto","background-attachment":"scroll","background-type":"","background-media":"","overlay-type":"","overlay-color":"","overlay-opacity":"","overlay-gradient":""},"tablet":{"background-color":"","background-image":"","background-repeat":"repeat","background-position":"center center","background-size":"auto","background-attachment":"scroll","background-type":"","background-media":"","overlay-type":"","overlay-color":"","overlay-opacity":"","overlay-gradient":""},"mobile":{"background-color":"","background-image":"","background-repeat":"repeat","background-position":"center center","background-size":"auto","background-attachment":"scroll","background-type":"","background-media":"","overlay-type":"","overlay-color":"","overlay-opacity":"","overlay-gradient":""}},"ast-content-background-meta":{"desktop":{"background-color":"var(--ast-global-color-5)","background-image":"","background-repeat":"repeat","background-position":"center center","background-size":"auto","background-attachment":"scroll","background-type":"","background-media":"","overlay-type":"","overlay-color":"","overlay-opacity":"","overlay-gradient":""},"tablet":{"background-color":"var(--ast-global-color-5)","background-image":"","background-repeat":"repeat","background-position":"center center","background-size":"auto","background-attachment":"scroll","background-type":"","background-media":"","overlay-type":"","overlay-color":"","overlay-opacity":"","overlay-gradient":""},"mobile":{"background-color":"var(--ast-global-color-5)","background-image":"","background-repeat":"repeat","background-position":"center center","background-size":"auto","background-attachment":"scroll","background-type":"","background-media":"","overlay-type":"","overlay-color":"","overlay-opacity":"","overlay-gradient":""}},"footnotes":""},"categories":[369,29,373,301],"tags":[354,372],"class_list":["post-3155","post","type-post","status-publish","format-standard","has-post-thumbnail","hentry","category-2017-18","category-portada","category-premis","category-secundaria","tag-lligadedebat","tag-hanna"],"post_mailing_queue_ids":[],"_links":{"self":[{"href":"https:\/\/agora.xtec.cat\/ielesvinyes\/wp-json\/wp\/v2\/posts\/3155","targetHints":{"allow":["GET"]}}],"collection":[{"href":"https:\/\/agora.xtec.cat\/ielesvinyes\/wp-json\/wp\/v2\/posts"}],"about":[{"href":"https:\/\/agora.xtec.cat\/ielesvinyes\/wp-json\/wp\/v2\/types\/post"}],"author":[{"embeddable":true,"href":"https:\/\/agora.xtec.cat\/ielesvinyes\/wp-json\/wp\/v2\/users\/6"}],"replies":[{"embeddable":true,"href":"https:\/\/agora.xtec.cat\/ielesvinyes\/wp-json\/wp\/v2\/comments?post=3155"}],"version-history":[{"count":3,"href":"https:\/\/agora.xtec.cat\/ielesvinyes\/wp-json\/wp\/v2\/posts\/3155\/revisions"}],"predecessor-version":[{"id":3177,"href":"https:\/\/agora.xtec.cat\/ielesvinyes\/wp-json\/wp\/v2\/posts\/3155\/revisions\/3177"}],"wp:featuredmedia":[{"embeddable":true,"href":"https:\/\/agora.xtec.cat\/ielesvinyes\/wp-json\/wp\/v2\/media\/3174"}],"wp:attachment":[{"href":"https:\/\/agora.xtec.cat\/ielesvinyes\/wp-json\/wp\/v2\/media?parent=3155"}],"wp:term":[{"taxonomy":"category","embeddable":true,"href":"https:\/\/agora.xtec.cat\/ielesvinyes\/wp-json\/wp\/v2\/categories?post=3155"},{"taxonomy":"post_tag","embeddable":true,"href":"https:\/\/agora.xtec.cat\/ielesvinyes\/wp-json\/wp\/v2\/tags?post=3155"}],"curies":[{"name":"wp","href":"https:\/\/api.w.org\/{rel}","templated":true}]}}