{"id":3153,"date":"2018-02-27T21:49:27","date_gmt":"2018-02-27T20:49:27","guid":{"rendered":"http:\/\/ielesvinyes.net\/?p=3037"},"modified":"2018-04-03T09:04:46","modified_gmt":"2018-04-03T07:04:46","slug":"informacio-sobre-la-previsio-de-nevada","status":"publish","type":"post","link":"https:\/\/agora.xtec.cat\/ielesvinyes\/portada\/informacio-sobre-la-previsio-de-nevada\/","title":{"rendered":"Informaci\u00f3 sobre la previsi\u00f3 de nevada"},"content":{"rendered":"<p><a href=\"http:\/\/agora.xtec.cat\/ielesvinyes\/wp-content\/uploads\/usu1433\/2018\/02\/Captura-de-2018-02-27-20-48-56.png\"><img loading=\"lazy\" decoding=\"async\" class=\"alignnone size-large wp-image-3180\" src=\"http:\/\/agora.xtec.cat\/ielesvinyes\/wp-content\/uploads\/usu1433\/2018\/02\/Captura-de-2018-02-27-20-48-56-1024x352.png\" alt=\"\" width=\"1024\" height=\"352\" srcset=\"https:\/\/agora.xtec.cat\/ielesvinyes\/wp-content\/uploads\/usu1433\/2018\/02\/Captura-de-2018-02-27-20-48-56-1024x352.png 1024w, https:\/\/agora.xtec.cat\/ielesvinyes\/wp-content\/uploads\/usu1433\/2018\/02\/Captura-de-2018-02-27-20-48-56-300x103.png 300w, https:\/\/agora.xtec.cat\/ielesvinyes\/wp-content\/uploads\/usu1433\/2018\/02\/Captura-de-2018-02-27-20-48-56-768x264.png 768w, https:\/\/agora.xtec.cat\/ielesvinyes\/wp-content\/uploads\/usu1433\/2018\/02\/Captura-de-2018-02-27-20-48-56.png 1122w\" sizes=\"auto, (max-width: 1024px) 100vw, 1024px\" \/><\/a><\/p>\n<p>Hem rebut aquest missatge de la Directora de Serveis Territorials:<\/p>\n<blockquote><p>Les previsions meteorol\u00f2giques han empitjorat per dem\u00e0 dimecres i per tant s\u2019ha d\u2019evitar al m\u00e0xim l\u2019\u00fas dels vehicles, tenint en compte que el transport escolar ser\u00e0 anul\u00b7lat segons ens informa Protecci\u00f3 Civil.<\/p>\n<p>En aquest sentit s\u2019ha de procurar que els centres educatius romanguin oberts amb uns serveis m\u00ednims i informar a les fam\u00edlies que l\u2019activitat no ser\u00e0 normalitzada. \u00a0Anirem contactant amb vosaltres segons la situaci\u00f3 de cada municipi.<\/p>\n<p>Dem\u00e0 dimecres a mig mat\u00ed es valorar\u00e0 si el servei \u00e9s repr\u00e8n a la tarda o l\u2019endem\u00e0 al mati.&#8221;<\/p><\/blockquote>\n<p>Per tant dem\u00e0 hi ha nom\u00e9s serveis m\u00ednims per als que no poden organitzar-se i no han d&#8217;agafar el cotxe.<\/p>\n<p>A les 10 h del mat\u00ed comptarem pel tema del menjador, ja que no hi pot haver un degoteig durant el mat\u00ed. Si aquest servei es vei\u00e9s afectat per la previsi\u00f3 del temps se us informar\u00e0 quan porteu els vostres fills\/es a l&#8217;escola.<\/p>\n<p>Cal tamb\u00e9 que tingueu en compte que la majoria de mestres no s\u00f3n de Castellbisbal i venen de fora pel que poden trobar restriccions de tr\u00e0nsit que no els permetin arribar.<br \/>\nA mig mat\u00ed ens tornarem a posar en contacte amb vosaltres, tal i com diu la directora de Serveis Territorials.<\/p>\n<p>Tot i aix\u00ed estarem atents als canvis que hi pugui haver durant la nit i actualitzarem la informaci\u00f3 tan bon punt tinguem informaci\u00f3 vera\u00e7 de primera m\u00e0.<\/p>\n<p>Esperem que gaudiu molt de la neu!\u00a0???<\/p>\n","protected":false},"excerpt":{"rendered":"<p>Hem rebut aquest missatge de la Directora de Serveis Territorials: Les previsions meteorol\u00f2giques han empitjorat per dem\u00e0 dimecres i per tant s\u2019ha d\u2019evitar al m\u00e0xim l\u2019\u00fas dels vehicles, tenint en compte que el transport escolar ser\u00e0 anul\u00b7lat segons ens informa Protecci\u00f3 Civil. En aquest sentit s\u2019ha de procurar que els centres educatius romanguin oberts amb [&hellip;]<\/p>\n","protected":false},"author":6,"featured_media":3180,"comment_status":"open","ping_status":"closed","sticky":false,"template":"","format":"standard","meta":{"_bbp_topic_count":0,"_bbp_reply_count":0,"_bbp_total_topic_count":0,"_bbp_total_reply_count":0,"_bbp_voice_count":0,"_bbp_anonymous_reply_count":0,"_bbp_topic_count_hidden":0,"_bbp_reply_count_hidden":0,"_bbp_forum_subforum_count":0,"site-sidebar-layout":"default","site-content-layout":"","ast-site-content-layout":"","site-content-style":"default","site-sidebar-style":"default","ast-global-header-display":"","ast-banner-title-visibility":"","ast-main-header-display":"","ast-hfb-above-header-display":"","ast-hfb-below-header-display":"","ast-hfb-mobile-header-display":"","site-post-title":"","ast-breadcrumbs-content":"","ast-featured-img":"","footer-sml-layout":"","theme-transparent-header-meta":"","adv-header-id-meta":"","stick-header-meta":"","header-above-stick-meta":"","header-main-stick-meta":"","header-below-stick-meta":"","astra-migrate-meta-layouts":"default","ast-page-background-enabled":"default","ast-page-background-meta":{"desktop":{"background-color":"var(--ast-global-color-4)","background-image":"","background-repeat":"repeat","background-position":"center center","background-size":"auto","background-attachment":"scroll","background-type":"","background-media":"","overlay-type":"","overlay-color":"","overlay-opacity":"","overlay-gradient":""},"tablet":{"background-color":"","background-image":"","background-repeat":"repeat","background-position":"center center","background-size":"auto","background-attachment":"scroll","background-type":"","background-media":"","overlay-type":"","overlay-color":"","overlay-opacity":"","overlay-gradient":""},"mobile":{"background-color":"","background-image":"","background-repeat":"repeat","background-position":"center center","background-size":"auto","background-attachment":"scroll","background-type":"","background-media":"","overlay-type":"","overlay-color":"","overlay-opacity":"","overlay-gradient":""}},"ast-content-background-meta":{"desktop":{"background-color":"var(--ast-global-color-5)","background-image":"","background-repeat":"repeat","background-position":"center center","background-size":"auto","background-attachment":"scroll","background-type":"","background-media":"","overlay-type":"","overlay-color":"","overlay-opacity":"","overlay-gradient":""},"tablet":{"background-color":"var(--ast-global-color-5)","background-image":"","background-repeat":"repeat","background-position":"center center","background-size":"auto","background-attachment":"scroll","background-type":"","background-media":"","overlay-type":"","overlay-color":"","overlay-opacity":"","overlay-gradient":""},"mobile":{"background-color":"var(--ast-global-color-5)","background-image":"","background-repeat":"repeat","background-position":"center center","background-size":"auto","background-attachment":"scroll","background-type":"","background-media":"","overlay-type":"","overlay-color":"","overlay-opacity":"","overlay-gradient":""}},"footnotes":""},"categories":[369,29],"tags":[],"class_list":["post-3153","post","type-post","status-publish","format-standard","has-post-thumbnail","hentry","category-2017-18","category-portada"],"post_mailing_queue_ids":[],"_links":{"self":[{"href":"https:\/\/agora.xtec.cat\/ielesvinyes\/wp-json\/wp\/v2\/posts\/3153","targetHints":{"allow":["GET"]}}],"collection":[{"href":"https:\/\/agora.xtec.cat\/ielesvinyes\/wp-json\/wp\/v2\/posts"}],"about":[{"href":"https:\/\/agora.xtec.cat\/ielesvinyes\/wp-json\/wp\/v2\/types\/post"}],"author":[{"embeddable":true,"href":"https:\/\/agora.xtec.cat\/ielesvinyes\/wp-json\/wp\/v2\/users\/6"}],"replies":[{"embeddable":true,"href":"https:\/\/agora.xtec.cat\/ielesvinyes\/wp-json\/wp\/v2\/comments?post=3153"}],"version-history":[{"count":2,"href":"https:\/\/agora.xtec.cat\/ielesvinyes\/wp-json\/wp\/v2\/posts\/3153\/revisions"}],"predecessor-version":[{"id":3181,"href":"https:\/\/agora.xtec.cat\/ielesvinyes\/wp-json\/wp\/v2\/posts\/3153\/revisions\/3181"}],"wp:featuredmedia":[{"embeddable":true,"href":"https:\/\/agora.xtec.cat\/ielesvinyes\/wp-json\/wp\/v2\/media\/3180"}],"wp:attachment":[{"href":"https:\/\/agora.xtec.cat\/ielesvinyes\/wp-json\/wp\/v2\/media?parent=3153"}],"wp:term":[{"taxonomy":"category","embeddable":true,"href":"https:\/\/agora.xtec.cat\/ielesvinyes\/wp-json\/wp\/v2\/categories?post=3153"},{"taxonomy":"post_tag","embeddable":true,"href":"https:\/\/agora.xtec.cat\/ielesvinyes\/wp-json\/wp\/v2\/tags?post=3153"}],"curies":[{"name":"wp","href":"https:\/\/api.w.org\/{rel}","templated":true}]}}