{"id":3151,"date":"2018-02-14T08:47:05","date_gmt":"2018-02-14T07:47:05","guid":{"rendered":"http:\/\/ielesvinyes.net\/?p=3021"},"modified":"2018-04-03T09:10:00","modified_gmt":"2018-04-03T07:10:00","slug":"exhibicio-publica-dels-projectes-transversals","status":"publish","type":"post","link":"https:\/\/agora.xtec.cat\/ielesvinyes\/portada\/exhibicio-publica-dels-projectes-transversals\/","title":{"rendered":"Exhibici\u00f3 p\u00fablica dels Projectes transversals"},"content":{"rendered":"<p><a href=\"http:\/\/agora.xtec.cat\/ielesvinyes\/wp-content\/uploads\/usu1433\/2018\/02\/Captura-de-2018-02-14-07-44-49.png\"><img loading=\"lazy\" decoding=\"async\" class=\"alignnone size-large wp-image-3186\" src=\"http:\/\/agora.xtec.cat\/ielesvinyes\/wp-content\/uploads\/usu1433\/2018\/02\/Captura-de-2018-02-14-07-44-49-1024x395.png\" alt=\"\" width=\"1024\" height=\"395\" srcset=\"https:\/\/agora.xtec.cat\/ielesvinyes\/wp-content\/uploads\/usu1433\/2018\/02\/Captura-de-2018-02-14-07-44-49-1024x395.png 1024w, https:\/\/agora.xtec.cat\/ielesvinyes\/wp-content\/uploads\/usu1433\/2018\/02\/Captura-de-2018-02-14-07-44-49-300x116.png 300w, https:\/\/agora.xtec.cat\/ielesvinyes\/wp-content\/uploads\/usu1433\/2018\/02\/Captura-de-2018-02-14-07-44-49-768x296.png 768w, https:\/\/agora.xtec.cat\/ielesvinyes\/wp-content\/uploads\/usu1433\/2018\/02\/Captura-de-2018-02-14-07-44-49.png 1722w\" sizes=\"auto, (max-width: 1024px) 100vw, 1024px\" \/><\/a><\/p>\n<p>Els nois i noies de secund\u00e0ria exhibiran p\u00fablicament el fruit de l&#8217;intens treball de les darreres dues setmanes. Us trobareu\u00a0<span style=\"font-weight: 400;\">un festival musical (1r ESO), una intervenci\u00f3 art\u00edstica col\u00b7lectiva de diferents espais (2n ESO), una donaci\u00f3 de sang (3r ESO) i un f\u00f2rum sobre les perspectives de futur dels nostres alumnes (4t ESO).<\/span><\/p>\n<p>L&#8217;exhibici\u00f3 est\u00e0 oberta a tothom.<\/p>\n<h2><strong>No hi podeu faltar!<\/strong><\/h2>\n<p>L&#8217;exhibici\u00f3 tindr\u00e0 lloc el dimecres 14 de febrer i el marc horari \u00e9s de 16 a 19 h, per\u00f2 varia en funci\u00f3 del projecte. Consulteu la programaci\u00f3 adjunta per fer-vos la vostra visita a mida.<\/p>\n<p><img loading=\"lazy\" decoding=\"async\" class=\"aligncenter size-full wp-image-3022\" src=\"http:\/\/ielesvinyes.net\/wp-content\/uploads\/2018\/02\/Captura-de-2018-02-14-07-37-28.png\" alt=\"\" width=\"1089\" height=\"756\" \/><\/p>\n","protected":false},"excerpt":{"rendered":"<p>Els nois i noies de secund\u00e0ria exhibiran p\u00fablicament el fruit de l&#8217;intens treball de les darreres dues setmanes. Us trobareu\u00a0un festival musical (1r ESO), una intervenci\u00f3 art\u00edstica col\u00b7lectiva de diferents espais (2n ESO), una donaci\u00f3 de sang (3r ESO) i un f\u00f2rum sobre les perspectives de futur dels nostres alumnes (4t ESO). L&#8217;exhibici\u00f3 est\u00e0 oberta [&hellip;]<\/p>\n","protected":false},"author":6,"featured_media":3186,"comment_status":"open","ping_status":"closed","sticky":false,"template":"","format":"standard","meta":{"_bbp_topic_count":0,"_bbp_reply_count":0,"_bbp_total_topic_count":0,"_bbp_total_reply_count":0,"_bbp_voice_count":0,"_bbp_anonymous_reply_count":0,"_bbp_topic_count_hidden":0,"_bbp_reply_count_hidden":0,"_bbp_forum_subforum_count":0,"site-sidebar-layout":"default","site-content-layout":"","ast-site-content-layout":"","site-content-style":"default","site-sidebar-style":"default","ast-global-header-display":"","ast-banner-title-visibility":"","ast-main-header-display":"","ast-hfb-above-header-display":"","ast-hfb-below-header-display":"","ast-hfb-mobile-header-display":"","site-post-title":"","ast-breadcrumbs-content":"","ast-featured-img":"","footer-sml-layout":"","theme-transparent-header-meta":"","adv-header-id-meta":"","stick-header-meta":"","header-above-stick-meta":"","header-main-stick-meta":"","header-below-stick-meta":"","astra-migrate-meta-layouts":"default","ast-page-background-enabled":"default","ast-page-background-meta":{"desktop":{"background-color":"var(--ast-global-color-4)","background-image":"","background-repeat":"repeat","background-position":"center center","background-size":"auto","background-attachment":"scroll","background-type":"","background-media":"","overlay-type":"","overlay-color":"","overlay-opacity":"","overlay-gradient":""},"tablet":{"background-color":"","background-image":"","background-repeat":"repeat","background-position":"center center","background-size":"auto","background-attachment":"scroll","background-type":"","background-media":"","overlay-type":"","overlay-color":"","overlay-opacity":"","overlay-gradient":""},"mobile":{"background-color":"","background-image":"","background-repeat":"repeat","background-position":"center center","background-size":"auto","background-attachment":"scroll","background-type":"","background-media":"","overlay-type":"","overlay-color":"","overlay-opacity":"","overlay-gradient":""}},"ast-content-background-meta":{"desktop":{"background-color":"var(--ast-global-color-5)","background-image":"","background-repeat":"repeat","background-position":"center center","background-size":"auto","background-attachment":"scroll","background-type":"","background-media":"","overlay-type":"","overlay-color":"","overlay-opacity":"","overlay-gradient":""},"tablet":{"background-color":"var(--ast-global-color-5)","background-image":"","background-repeat":"repeat","background-position":"center center","background-size":"auto","background-attachment":"scroll","background-type":"","background-media":"","overlay-type":"","overlay-color":"","overlay-opacity":"","overlay-gradient":""},"mobile":{"background-color":"var(--ast-global-color-5)","background-image":"","background-repeat":"repeat","background-position":"center center","background-size":"auto","background-attachment":"scroll","background-type":"","background-media":"","overlay-type":"","overlay-color":"","overlay-opacity":"","overlay-gradient":""}},"footnotes":""},"categories":[369,29,358,301],"tags":[],"class_list":["post-3151","post","type-post","status-publish","format-standard","has-post-thumbnail","hentry","category-2017-18","category-portada","category-projectes-transversals","category-secundaria"],"post_mailing_queue_ids":[],"_links":{"self":[{"href":"https:\/\/agora.xtec.cat\/ielesvinyes\/wp-json\/wp\/v2\/posts\/3151","targetHints":{"allow":["GET"]}}],"collection":[{"href":"https:\/\/agora.xtec.cat\/ielesvinyes\/wp-json\/wp\/v2\/posts"}],"about":[{"href":"https:\/\/agora.xtec.cat\/ielesvinyes\/wp-json\/wp\/v2\/types\/post"}],"author":[{"embeddable":true,"href":"https:\/\/agora.xtec.cat\/ielesvinyes\/wp-json\/wp\/v2\/users\/6"}],"replies":[{"embeddable":true,"href":"https:\/\/agora.xtec.cat\/ielesvinyes\/wp-json\/wp\/v2\/comments?post=3151"}],"version-history":[{"count":2,"href":"https:\/\/agora.xtec.cat\/ielesvinyes\/wp-json\/wp\/v2\/posts\/3151\/revisions"}],"predecessor-version":[{"id":3187,"href":"https:\/\/agora.xtec.cat\/ielesvinyes\/wp-json\/wp\/v2\/posts\/3151\/revisions\/3187"}],"wp:featuredmedia":[{"embeddable":true,"href":"https:\/\/agora.xtec.cat\/ielesvinyes\/wp-json\/wp\/v2\/media\/3186"}],"wp:attachment":[{"href":"https:\/\/agora.xtec.cat\/ielesvinyes\/wp-json\/wp\/v2\/media?parent=3151"}],"wp:term":[{"taxonomy":"category","embeddable":true,"href":"https:\/\/agora.xtec.cat\/ielesvinyes\/wp-json\/wp\/v2\/categories?post=3151"},{"taxonomy":"post_tag","embeddable":true,"href":"https:\/\/agora.xtec.cat\/ielesvinyes\/wp-json\/wp\/v2\/tags?post=3151"}],"curies":[{"name":"wp","href":"https:\/\/api.w.org\/{rel}","templated":true}]}}