{"id":3150,"date":"2018-02-13T19:01:19","date_gmt":"2018-02-13T18:01:19","guid":{"rendered":"http:\/\/ielesvinyes.net\/?p=3009"},"modified":"2018-04-03T09:08:25","modified_gmt":"2018-04-03T07:08:25","slug":"vine-a-les-portes-obertes-2018","status":"publish","type":"post","link":"https:\/\/agora.xtec.cat\/ielesvinyes\/portada\/vine-a-les-portes-obertes-2018\/","title":{"rendered":"Vine a les portes obertes 2018!"},"content":{"rendered":"<p><a href=\"http:\/\/agora.xtec.cat\/ielesvinyes\/wp-content\/uploads\/usu1433\/2018\/02\/26907004738_bfa8d173c4_k.jpg\"><img loading=\"lazy\" decoding=\"async\" class=\"alignnone size-large wp-image-3184\" src=\"http:\/\/agora.xtec.cat\/ielesvinyes\/wp-content\/uploads\/usu1433\/2018\/02\/26907004738_bfa8d173c4_k-1024x576.jpg\" alt=\"\" width=\"1024\" height=\"576\" srcset=\"https:\/\/agora.xtec.cat\/ielesvinyes\/wp-content\/uploads\/usu1433\/2018\/02\/26907004738_bfa8d173c4_k-1024x576.jpg 1024w, https:\/\/agora.xtec.cat\/ielesvinyes\/wp-content\/uploads\/usu1433\/2018\/02\/26907004738_bfa8d173c4_k-300x169.jpg 300w, https:\/\/agora.xtec.cat\/ielesvinyes\/wp-content\/uploads\/usu1433\/2018\/02\/26907004738_bfa8d173c4_k-768x432.jpg 768w, https:\/\/agora.xtec.cat\/ielesvinyes\/wp-content\/uploads\/usu1433\/2018\/02\/26907004738_bfa8d173c4_k.jpg 2048w\" sizes=\"auto, (max-width: 1024px) 100vw, 1024px\" \/><\/a><\/p>\n<p>Vols saber com treballem en un\u00a0Institut-Escola? Vols que t\u2019expliquem el projecte educatiu de Les Vinyes? Vols que fam\u00edlies, alumnes i docents et presentem el centre? Vols apuntar el teu infant a P3? Vols comen\u00e7ar l\u2019ESO amb nosaltres?<\/p>\n<h2><strong>Vine\u00a0a les portes obertes per a fam\u00edlies el proper dimecres 28 de febrer a Les Vinyes. Us hi esperem!<\/strong><\/h2>\n<p style=\"padding-left: 30px;\"><strong>Horaris<\/strong><br \/>\nInfantil i prim\u00e0ria, de 17 a 19 h<br \/>\nSecund\u00e0ria, de 18 a 20 h<\/p>\n<p style=\"padding-left: 30px;\">Les portes obertes s\u00f3n en sessi\u00f3 cont\u00ednua, podeu entrar a l&#8217;hora que vulgueu dins l&#8217;horari establert, per\u00f2 compteu que veure tots els espais us portar\u00e0 poc m\u00e9s d&#8217;una hora. <strong>Us recomanem que si podeu no vingueu a primera hora donat que habitualment sol haver m\u00e9s acumulaci\u00f3 d&#8217;assist\u00e8ncia.<\/strong><\/p>\n<p>Si vols fer un primer tast, podeu consultar aquesta documentaci\u00f3 sobre el <a href=\"http:\/\/ielesvinyes.net\/centre\/\">nostre Projecte educatiu<\/a>.<\/p>\n<p><strong>Nota:<\/strong> Aquesta jornada est\u00e0 destinada exclusivament per a futures fam\u00edlies i alumnes. No est\u00e0 oberta a altres persones interessades en el projecte del centre, demanem que ho respecteu pel correcte funcionament de la jornada.<\/p>\n","protected":false},"excerpt":{"rendered":"<p>Vols saber com treballem en un\u00a0Institut-Escola? Vols que t\u2019expliquem el projecte educatiu de Les Vinyes? Vols que fam\u00edlies, alumnes i docents et presentem el centre? Vols apuntar el teu infant a P3? Vols comen\u00e7ar l\u2019ESO amb nosaltres? Vine\u00a0a les portes obertes per a fam\u00edlies el proper dimecres 28 de febrer a Les Vinyes. Us hi [&hellip;]<\/p>\n","protected":false},"author":6,"featured_media":3184,"comment_status":"open","ping_status":"closed","sticky":false,"template":"","format":"standard","meta":{"_bbp_topic_count":0,"_bbp_reply_count":0,"_bbp_total_topic_count":0,"_bbp_total_reply_count":0,"_bbp_voice_count":0,"_bbp_anonymous_reply_count":0,"_bbp_topic_count_hidden":0,"_bbp_reply_count_hidden":0,"_bbp_forum_subforum_count":0,"site-sidebar-layout":"default","site-content-layout":"","ast-site-content-layout":"","site-content-style":"default","site-sidebar-style":"default","ast-global-header-display":"","ast-banner-title-visibility":"","ast-main-header-display":"","ast-hfb-above-header-display":"","ast-hfb-below-header-display":"","ast-hfb-mobile-header-display":"","site-post-title":"","ast-breadcrumbs-content":"","ast-featured-img":"","footer-sml-layout":"","theme-transparent-header-meta":"","adv-header-id-meta":"","stick-header-meta":"","header-above-stick-meta":"","header-main-stick-meta":"","header-below-stick-meta":"","astra-migrate-meta-layouts":"default","ast-page-background-enabled":"default","ast-page-background-meta":{"desktop":{"background-color":"var(--ast-global-color-4)","background-image":"","background-repeat":"repeat","background-position":"center center","background-size":"auto","background-attachment":"scroll","background-type":"","background-media":"","overlay-type":"","overlay-color":"","overlay-opacity":"","overlay-gradient":""},"tablet":{"background-color":"","background-image":"","background-repeat":"repeat","background-position":"center center","background-size":"auto","background-attachment":"scroll","background-type":"","background-media":"","overlay-type":"","overlay-color":"","overlay-opacity":"","overlay-gradient":""},"mobile":{"background-color":"","background-image":"","background-repeat":"repeat","background-position":"center center","background-size":"auto","background-attachment":"scroll","background-type":"","background-media":"","overlay-type":"","overlay-color":"","overlay-opacity":"","overlay-gradient":""}},"ast-content-background-meta":{"desktop":{"background-color":"var(--ast-global-color-5)","background-image":"","background-repeat":"repeat","background-position":"center center","background-size":"auto","background-attachment":"scroll","background-type":"","background-media":"","overlay-type":"","overlay-color":"","overlay-opacity":"","overlay-gradient":""},"tablet":{"background-color":"var(--ast-global-color-5)","background-image":"","background-repeat":"repeat","background-position":"center center","background-size":"auto","background-attachment":"scroll","background-type":"","background-media":"","overlay-type":"","overlay-color":"","overlay-opacity":"","overlay-gradient":""},"mobile":{"background-color":"var(--ast-global-color-5)","background-image":"","background-repeat":"repeat","background-position":"center center","background-size":"auto","background-attachment":"scroll","background-type":"","background-media":"","overlay-type":"","overlay-color":"","overlay-opacity":"","overlay-gradient":""}},"footnotes":""},"categories":[369,29],"tags":[],"class_list":["post-3150","post","type-post","status-publish","format-standard","has-post-thumbnail","hentry","category-2017-18","category-portada"],"post_mailing_queue_ids":[],"_links":{"self":[{"href":"https:\/\/agora.xtec.cat\/ielesvinyes\/wp-json\/wp\/v2\/posts\/3150","targetHints":{"allow":["GET"]}}],"collection":[{"href":"https:\/\/agora.xtec.cat\/ielesvinyes\/wp-json\/wp\/v2\/posts"}],"about":[{"href":"https:\/\/agora.xtec.cat\/ielesvinyes\/wp-json\/wp\/v2\/types\/post"}],"author":[{"embeddable":true,"href":"https:\/\/agora.xtec.cat\/ielesvinyes\/wp-json\/wp\/v2\/users\/6"}],"replies":[{"embeddable":true,"href":"https:\/\/agora.xtec.cat\/ielesvinyes\/wp-json\/wp\/v2\/comments?post=3150"}],"version-history":[{"count":2,"href":"https:\/\/agora.xtec.cat\/ielesvinyes\/wp-json\/wp\/v2\/posts\/3150\/revisions"}],"predecessor-version":[{"id":3185,"href":"https:\/\/agora.xtec.cat\/ielesvinyes\/wp-json\/wp\/v2\/posts\/3150\/revisions\/3185"}],"wp:featuredmedia":[{"embeddable":true,"href":"https:\/\/agora.xtec.cat\/ielesvinyes\/wp-json\/wp\/v2\/media\/3184"}],"wp:attachment":[{"href":"https:\/\/agora.xtec.cat\/ielesvinyes\/wp-json\/wp\/v2\/media?parent=3150"}],"wp:term":[{"taxonomy":"category","embeddable":true,"href":"https:\/\/agora.xtec.cat\/ielesvinyes\/wp-json\/wp\/v2\/categories?post=3150"},{"taxonomy":"post_tag","embeddable":true,"href":"https:\/\/agora.xtec.cat\/ielesvinyes\/wp-json\/wp\/v2\/tags?post=3150"}],"curies":[{"name":"wp","href":"https:\/\/api.w.org\/{rel}","templated":true}]}}