{"id":3102,"date":"2017-02-21T20:38:33","date_gmt":"2017-02-21T18:38:33","guid":{"rendered":"http:\/\/ielesvinyes.net\/?p=2861"},"modified":"2017-02-21T20:38:33","modified_gmt":"2017-02-21T18:38:33","slug":"vine-a-les-portes-obertes-2017","status":"publish","type":"post","link":"https:\/\/agora.xtec.cat\/ielesvinyes\/2015-16\/vine-a-les-portes-obertes-2017\/","title":{"rendered":"Vine a les portes obertes 2017!"},"content":{"rendered":"<p><a href=\"http:\/\/agora.xtec.cat\/ielesvinyes\/wp-content\/uploads\/usu1433\/2012\/03\/entrada.gif\"><img loading=\"lazy\" decoding=\"async\" class=\"alignleft size-large wp-image-2668\" src=\"http:\/\/agora.xtec.cat\/ielesvinyes\/wp-content\/uploads\/usu1433\/2016\/09\/IMG_20160912_183331-1024x768.jpg\" alt=\"\" width=\"640\" height=\"480\" \/><img loading=\"lazy\" decoding=\"async\" class=\"alignright size-full wp-image-351\" src=\"http:\/\/agora.xtec.cat\/ielesvinyes\/wp-content\/uploads\/usu1433\/2012\/03\/entrada.gif\" alt=\"Portes obertes\" width=\"100\" height=\"78\" \/><\/a>Vols saber com treballem en un\u00a0Institut-Escola? Vols que t\u2019expliquem el projecte educatiu de Les Vinyes? Vols que fam\u00edlies, alumnes i docents et presentem el centre? Vols apuntar el teu infant a P3? Vols comen\u00e7ar l\u2019ESO amb nosaltres?<\/p>\n<p><strong>Doncs vine\u00a0a les nostres portes obertes, el proper dilluns 6\u00a0de mar\u00e7\u00a0a Les Vinyes, de 18 a 20 h. <span style=\"color: #008000;\">T\u2019hi esperem!<\/span><\/strong><\/p>\n<p>Si vols fer un primer tast, mira els videos de\u00a0<a title=\"Com treballem?\" href=\"http:\/\/ielesvinyes.net\/com-treballem\/\">com treballem<\/a>.<\/p>\n<p><span style=\"color: #ff0000;\"><strong>Actualitzaci\u00f3.<\/strong> Podeu venir a l&#8217;hora que vulgueu per\u00f2, per tal d&#8217;optimitzar la vostra visita, la jornada estar\u00e0 organitzada en tres torns, que comen\u00e7aran a les <strong>18 h<\/strong>, a les <strong>18:30 h<\/strong> i l&#8217;\u00faltim comencar\u00e0a les <strong>19 h<\/strong>. Si no podeu venir a alguna d&#8217;aquestes hores no passa res, us afegirem al torn que m\u00e9s us encaixi.<\/span><\/p>\n","protected":false},"excerpt":{"rendered":"<p>Vols saber com treballem en un\u00a0Institut-Escola? Vols que t\u2019expliquem el projecte educatiu de Les Vinyes? Vols que fam\u00edlies, alumnes i docents et presentem el centre? Vols apuntar el teu infant a P3? Vols comen\u00e7ar l\u2019ESO amb nosaltres? Doncs vine\u00a0a les nostres portes obertes, el proper dilluns 6\u00a0de mar\u00e7\u00a0a Les Vinyes, de 18 a 20 h. [&hellip;]<\/p>\n","protected":false},"author":6,"featured_media":0,"comment_status":"open","ping_status":"open","sticky":false,"template":"","format":"standard","meta":{"_bbp_topic_count":0,"_bbp_reply_count":0,"_bbp_total_topic_count":0,"_bbp_total_reply_count":0,"_bbp_voice_count":0,"_bbp_anonymous_reply_count":0,"_bbp_topic_count_hidden":0,"_bbp_reply_count_hidden":0,"_bbp_forum_subforum_count":0,"site-sidebar-layout":"default","site-content-layout":"","ast-site-content-layout":"","site-content-style":"default","site-sidebar-style":"default","ast-global-header-display":"","ast-banner-title-visibility":"","ast-main-header-display":"","ast-hfb-above-header-display":"","ast-hfb-below-header-display":"","ast-hfb-mobile-header-display":"","site-post-title":"","ast-breadcrumbs-content":"","ast-featured-img":"","footer-sml-layout":"","theme-transparent-header-meta":"","adv-header-id-meta":"","stick-header-meta":"","header-above-stick-meta":"","header-main-stick-meta":"","header-below-stick-meta":"","astra-migrate-meta-layouts":"default","ast-page-background-enabled":"default","ast-page-background-meta":{"desktop":{"background-color":"var(--ast-global-color-4)","background-image":"","background-repeat":"repeat","background-position":"center center","background-size":"auto","background-attachment":"scroll","background-type":"","background-media":"","overlay-type":"","overlay-color":"","overlay-opacity":"","overlay-gradient":""},"tablet":{"background-color":"","background-image":"","background-repeat":"repeat","background-position":"center center","background-size":"auto","background-attachment":"scroll","background-type":"","background-media":"","overlay-type":"","overlay-color":"","overlay-opacity":"","overlay-gradient":""},"mobile":{"background-color":"","background-image":"","background-repeat":"repeat","background-position":"center center","background-size":"auto","background-attachment":"scroll","background-type":"","background-media":"","overlay-type":"","overlay-color":"","overlay-opacity":"","overlay-gradient":""}},"ast-content-background-meta":{"desktop":{"background-color":"var(--ast-global-color-5)","background-image":"","background-repeat":"repeat","background-position":"center center","background-size":"auto","background-attachment":"scroll","background-type":"","background-media":"","overlay-type":"","overlay-color":"","overlay-opacity":"","overlay-gradient":""},"tablet":{"background-color":"var(--ast-global-color-5)","background-image":"","background-repeat":"repeat","background-position":"center center","background-size":"auto","background-attachment":"scroll","background-type":"","background-media":"","overlay-type":"","overlay-color":"","overlay-opacity":"","overlay-gradient":""},"mobile":{"background-color":"var(--ast-global-color-5)","background-image":"","background-repeat":"repeat","background-position":"center center","background-size":"auto","background-attachment":"scroll","background-type":"","background-media":"","overlay-type":"","overlay-color":"","overlay-opacity":"","overlay-gradient":""}},"footnotes":""},"categories":[112],"tags":[],"class_list":["post-3102","post","type-post","status-publish","format-standard","hentry","category-2015-16"],"post_mailing_queue_ids":[],"_links":{"self":[{"href":"https:\/\/agora.xtec.cat\/ielesvinyes\/wp-json\/wp\/v2\/posts\/3102","targetHints":{"allow":["GET"]}}],"collection":[{"href":"https:\/\/agora.xtec.cat\/ielesvinyes\/wp-json\/wp\/v2\/posts"}],"about":[{"href":"https:\/\/agora.xtec.cat\/ielesvinyes\/wp-json\/wp\/v2\/types\/post"}],"author":[{"embeddable":true,"href":"https:\/\/agora.xtec.cat\/ielesvinyes\/wp-json\/wp\/v2\/users\/6"}],"replies":[{"embeddable":true,"href":"https:\/\/agora.xtec.cat\/ielesvinyes\/wp-json\/wp\/v2\/comments?post=3102"}],"version-history":[{"count":0,"href":"https:\/\/agora.xtec.cat\/ielesvinyes\/wp-json\/wp\/v2\/posts\/3102\/revisions"}],"wp:attachment":[{"href":"https:\/\/agora.xtec.cat\/ielesvinyes\/wp-json\/wp\/v2\/media?parent=3102"}],"wp:term":[{"taxonomy":"category","embeddable":true,"href":"https:\/\/agora.xtec.cat\/ielesvinyes\/wp-json\/wp\/v2\/categories?post=3102"},{"taxonomy":"post_tag","embeddable":true,"href":"https:\/\/agora.xtec.cat\/ielesvinyes\/wp-json\/wp\/v2\/tags?post=3102"}],"curies":[{"name":"wp","href":"https:\/\/api.w.org\/{rel}","templated":true}]}}