{"id":3100,"date":"2017-02-07T15:14:27","date_gmt":"2017-02-07T13:14:27","guid":{"rendered":"http:\/\/ielesvinyes.net\/?p=2849"},"modified":"2017-02-07T15:14:27","modified_gmt":"2017-02-07T13:14:27","slug":"lliga-de-debat-de-la-xarxa-vives","status":"publish","type":"post","link":"https:\/\/agora.xtec.cat\/ielesvinyes\/projectes\/lliga-de-debat-de-la-xarxa-vives\/","title":{"rendered":"Lliga de debat de la Xarxa Vives"},"content":{"rendered":"<div id='gallery-1' class='gallery galleryid-3100 gallery-columns-2 gallery-size-large'><figure class='gallery-item'>\n\t\t\t<div class='gallery-icon portrait'>\n\t\t\t\t<a href='https:\/\/agora.xtec.cat\/ielesvinyes\/wp-content\/uploads\/usu1433\/2016\/10\/30005844895_9998e6e0ae_z.jpg'><img loading=\"lazy\" decoding=\"async\" width=\"480\" height=\"640\" src=\"https:\/\/agora.xtec.cat\/ielesvinyes\/wp-content\/uploads\/usu1433\/2016\/10\/30005844895_9998e6e0ae_z.jpg\" class=\"attachment-large size-large\" alt=\"\" srcset=\"https:\/\/agora.xtec.cat\/ielesvinyes\/wp-content\/uploads\/usu1433\/2016\/10\/30005844895_9998e6e0ae_z.jpg 480w, https:\/\/agora.xtec.cat\/ielesvinyes\/wp-content\/uploads\/usu1433\/2016\/10\/30005844895_9998e6e0ae_z-225x300.jpg 225w\" sizes=\"auto, (max-width: 480px) 100vw, 480px\" \/><\/a>\n\t\t\t<\/div><\/figure><figure class='gallery-item'>\n\t\t\t<div class='gallery-icon landscape'>\n\t\t\t\t<a href='https:\/\/agora.xtec.cat\/ielesvinyes\/wp-content\/uploads\/usu1433\/2016\/10\/29858333002_c60e1f6b40_z.jpg'><img loading=\"lazy\" decoding=\"async\" width=\"640\" height=\"640\" src=\"https:\/\/agora.xtec.cat\/ielesvinyes\/wp-content\/uploads\/usu1433\/2016\/10\/29858333002_c60e1f6b40_z.jpg\" class=\"attachment-large size-large\" alt=\"\" srcset=\"https:\/\/agora.xtec.cat\/ielesvinyes\/wp-content\/uploads\/usu1433\/2016\/10\/29858333002_c60e1f6b40_z.jpg 640w, https:\/\/agora.xtec.cat\/ielesvinyes\/wp-content\/uploads\/usu1433\/2016\/10\/29858333002_c60e1f6b40_z-150x150.jpg 150w, https:\/\/agora.xtec.cat\/ielesvinyes\/wp-content\/uploads\/usu1433\/2016\/10\/29858333002_c60e1f6b40_z-300x300.jpg 300w\" sizes=\"auto, (max-width: 640px) 100vw, 640px\" \/><\/a>\n\t\t\t<\/div><\/figure>\n\t\t<\/div>\n\n<p>Ahir i avui una representaci\u00f3 dels nois i noies de 4t d&#8217;ESO\u00a0han participat a la fase eliminat\u00f2ria de la <strong>Lliga de Debat de Secund\u00e0ria i Batxillerat<\/strong> a la Universitat Aut\u00f2noma de Barcelona, organitzada per la <strong><a href=\"http:\/\/www.vives.org\/\">Xarxa Vives<\/a><\/strong>.<\/p>\n<p>El tema a debat per a tots els equips era: <strong>Els animals tenen drets?<\/strong>\u00a0En el primer debat ahir dilluns, el nostre equip es va enfrontar amb el Col\u00b7legi Vedruna Vall de Terrassa i va haver de posicionar-se en contra, mentre que en el debat d\u2019avui dimarts contra l\u2019Institut Jaume Mim\u00f3 de Cerdanyola s\u2019ha hagut posicionar a favor.<\/p>\n<p>Tot i que en els veredictes dels jurats d\u2019ambd\u00f3s debats les puntuacions han anat molt ajustades, finalment l\u2019equip de Les Vinyes no ha aconseguit classificar-se, per\u00f2 ha fet un magn\u00edfic paper.\u00a0La seva simple participaci\u00f3 i la manera en que han treballat en equip \u00e9s un \u00e8xit per si sol. Felicitats!<\/p>\n<p>El m\u00e9s interessant, per\u00f2, \u00e9s com hem arribat fins aqu\u00ed. Doncs tot va comen\u00e7ar el curs passat quan dues alumnes que aleshores feien 3r van suggerir de treballar l\u2019orat\u00f2ria i de participar en aquesta lliga. Arran d\u2019aix\u00f2, el primer trimestre d\u2019enguany es va dur a terme a 4t d\u2019ESO un <strong>Projecte d\u2019\u00e0mbits<\/strong>\u00a0que sota el nom <a href=\"http:\/\/eso.ielesvinyes.net\/2016\/10\/els-projectes-dambits-del-1r-trimestre\/\">Parlem-ne!<\/a>\u00a0pretenia millorar l\u2019orat\u00f2ria i promoure els debats com a eina democr\u00e0tica. Quan es va fer la proposta de participar a la Lliga de Debat de Secund\u00e0ria i Batxillerat, s\u2019hi van apuntar molts m\u00e9s alumnes dels 5 que la normativa permetia. Per aix\u00f2, despr\u00e9s d\u2019un taller de la Xarxa Vives per preparar-los per a la din\u00e0mica espec\u00edfica d\u2019aquest tipus de debats, es va haver de fer una lliga interna en qu\u00e8 es van decidir els titulars i els suplents. I el millor de tot \u00e9s que tots junts han fet pinya i han temps fora d&#8217;horari\u00a0i caps de setmana per preparar les seves magn\u00edfiques i documentad\u00edssimes actuacions.<\/p>\n<p>Felicitats a tots i totes, i en especial a l&#8217;equip\u00e0s que ens ha representat a la fase eliminat\u00f2ria:\u00a0Marta B, Hanna F, M\u00edriam L, Max R i Bernat T, Irina A, Paula B, Saba K, Helena M i Fanny R.<\/p>\n<p><img loading=\"lazy\" decoding=\"async\" class=\"alignleft size-large wp-image-2853\" src=\"http:\/\/agora.xtec.cat\/ielesvinyes\/wp-content\/uploads\/usu1433\/2017\/02\/C3_t_wVWEAA-zu3-1024x721.jpg\" alt=\"\" width=\"640\" height=\"451\" \/><\/p>\n","protected":false},"excerpt":{"rendered":"<p>Ahir i avui una representaci\u00f3 dels nois i noies de 4t d&#8217;ESO\u00a0han participat a la fase eliminat\u00f2ria de la Lliga de Debat de Secund\u00e0ria i Batxillerat a la Universitat Aut\u00f2noma de Barcelona, organitzada per la Xarxa Vives. El tema a debat per a tots els equips era: Els animals tenen drets?\u00a0En el primer debat ahir [&hellip;]<\/p>\n","protected":false},"author":6,"featured_media":0,"comment_status":"open","ping_status":"open","sticky":false,"template":"","format":"standard","meta":{"_bbp_topic_count":0,"_bbp_reply_count":0,"_bbp_total_topic_count":0,"_bbp_total_reply_count":0,"_bbp_voice_count":0,"_bbp_anonymous_reply_count":0,"_bbp_topic_count_hidden":0,"_bbp_reply_count_hidden":0,"_bbp_forum_subforum_count":0,"site-sidebar-layout":"default","site-content-layout":"","ast-site-content-layout":"","site-content-style":"default","site-sidebar-style":"default","ast-global-header-display":"","ast-banner-title-visibility":"","ast-main-header-display":"","ast-hfb-above-header-display":"","ast-hfb-below-header-display":"","ast-hfb-mobile-header-display":"","site-post-title":"","ast-breadcrumbs-content":"","ast-featured-img":"","footer-sml-layout":"","theme-transparent-header-meta":"","adv-header-id-meta":"","stick-header-meta":"","header-above-stick-meta":"","header-main-stick-meta":"","header-below-stick-meta":"","astra-migrate-meta-layouts":"default","ast-page-background-enabled":"default","ast-page-background-meta":{"desktop":{"background-color":"var(--ast-global-color-4)","background-image":"","background-repeat":"repeat","background-position":"center center","background-size":"auto","background-attachment":"scroll","background-type":"","background-media":"","overlay-type":"","overlay-color":"","overlay-opacity":"","overlay-gradient":""},"tablet":{"background-color":"","background-image":"","background-repeat":"repeat","background-position":"center center","background-size":"auto","background-attachment":"scroll","background-type":"","background-media":"","overlay-type":"","overlay-color":"","overlay-opacity":"","overlay-gradient":""},"mobile":{"background-color":"","background-image":"","background-repeat":"repeat","background-position":"center center","background-size":"auto","background-attachment":"scroll","background-type":"","background-media":"","overlay-type":"","overlay-color":"","overlay-opacity":"","overlay-gradient":""}},"ast-content-background-meta":{"desktop":{"background-color":"var(--ast-global-color-5)","background-image":"","background-repeat":"repeat","background-position":"center center","background-size":"auto","background-attachment":"scroll","background-type":"","background-media":"","overlay-type":"","overlay-color":"","overlay-opacity":"","overlay-gradient":""},"tablet":{"background-color":"var(--ast-global-color-5)","background-image":"","background-repeat":"repeat","background-position":"center center","background-size":"auto","background-attachment":"scroll","background-type":"","background-media":"","overlay-type":"","overlay-color":"","overlay-opacity":"","overlay-gradient":""},"mobile":{"background-color":"var(--ast-global-color-5)","background-image":"","background-repeat":"repeat","background-position":"center center","background-size":"auto","background-attachment":"scroll","background-type":"","background-media":"","overlay-type":"","overlay-color":"","overlay-opacity":"","overlay-gradient":""}},"footnotes":""},"categories":[113,105,301],"tags":[354,355],"class_list":["post-3100","post","type-post","status-publish","format-standard","hentry","category-2016-17","category-projectes","category-secundaria","tag-lligadedebat","tag-xarxa-vives"],"post_mailing_queue_ids":[],"_links":{"self":[{"href":"https:\/\/agora.xtec.cat\/ielesvinyes\/wp-json\/wp\/v2\/posts\/3100","targetHints":{"allow":["GET"]}}],"collection":[{"href":"https:\/\/agora.xtec.cat\/ielesvinyes\/wp-json\/wp\/v2\/posts"}],"about":[{"href":"https:\/\/agora.xtec.cat\/ielesvinyes\/wp-json\/wp\/v2\/types\/post"}],"author":[{"embeddable":true,"href":"https:\/\/agora.xtec.cat\/ielesvinyes\/wp-json\/wp\/v2\/users\/6"}],"replies":[{"embeddable":true,"href":"https:\/\/agora.xtec.cat\/ielesvinyes\/wp-json\/wp\/v2\/comments?post=3100"}],"version-history":[{"count":0,"href":"https:\/\/agora.xtec.cat\/ielesvinyes\/wp-json\/wp\/v2\/posts\/3100\/revisions"}],"wp:attachment":[{"href":"https:\/\/agora.xtec.cat\/ielesvinyes\/wp-json\/wp\/v2\/media?parent=3100"}],"wp:term":[{"taxonomy":"category","embeddable":true,"href":"https:\/\/agora.xtec.cat\/ielesvinyes\/wp-json\/wp\/v2\/categories?post=3100"},{"taxonomy":"post_tag","embeddable":true,"href":"https:\/\/agora.xtec.cat\/ielesvinyes\/wp-json\/wp\/v2\/tags?post=3100"}],"curies":[{"name":"wp","href":"https:\/\/api.w.org\/{rel}","templated":true}]}}