{"id":3097,"date":"2016-11-10T20:27:58","date_gmt":"2016-11-10T18:27:58","guid":{"rendered":"http:\/\/ielesvinyes.net\/?p=2814"},"modified":"2016-11-10T20:27:58","modified_gmt":"2016-11-10T18:27:58","slug":"un-dia-mes-a-lepoca-den-marius","status":"publish","type":"post","link":"https:\/\/agora.xtec.cat\/ielesvinyes\/etapes\/infipri\/un-dia-mes-a-lepoca-den-marius\/","title":{"rendered":"Un dia m\u00e9s a l&#039;\u00e8poca d&#039;en M\u00e0rius"},"content":{"rendered":"<p>Avui ens hem despertat completament a l&#8217;\u00e8poca d&#8217;en M\u00e0rius, aquest infant de 9 anys que ens explica la seva vida dia a dia dins la ciutat grega d&#8217;Emporium.<\/p>\n<p>Aquest mat\u00ed hem estat passejant per la seva ciutat &#8211; actualment en ru\u00efnes &#8211; per\u00f2 ho hem fet amb un instrument molt actual, amb un GPS que ens indicava quins eren els punts m\u00e9s importants i qu\u00e8 s&#8217;hi feia en cada un d&#8217;ells.<\/p>\n<p>A la tarda hem pogut passejar pel cam\u00ed de ronda i tot i que la intenci\u00f3 era arribar fins a Sant Mart\u00ed d&#8217;Emp\u00faries la posta de sol des d&#8217;una cala ens ha frenat i ens ha perm\u00e8s gaudir d&#8217;aquest espectacle.<\/p>\n<p>Aquesta nit \u00e9s la \u00faltima, una desfilada de pijames ens espera per concloure aquesta estada en el camp d&#8217;aprenentatge&#8230;qui s&#8217;endur\u00e0 el premi al millor pijama?<\/p>\n<p>Ens veiem dem\u00e0 a les 16:30 a l&#8217;escola! Una abra\u00e7ada de part de tots i totes.<\/p>\n<p>P.D: sabem que tenim problemes amb la web on hi ha les informacions de prim\u00e0ria, \u00e9s per a aquest motiu que us hem informat a trav\u00e9s de la p\u00e0gina principal del centre.<\/p>\n<p>Totes les imatges les podreu veure la propera setmana en un \u00e0lbum flickr ja que la wifi de l&#8217;alberg continua essent molt d\u00e8bil.<\/p>\n","protected":false},"excerpt":{"rendered":"<p>Avui ens hem despertat completament a l&#8217;\u00e8poca d&#8217;en M\u00e0rius, aquest infant de 9 anys que ens explica la seva vida dia a dia dins la ciutat grega d&#8217;Emporium. Aquest mat\u00ed hem estat passejant per la seva ciutat &#8211; actualment en ru\u00efnes &#8211; per\u00f2 ho hem fet amb un instrument molt actual, amb un GPS que [&hellip;]<\/p>\n","protected":false},"author":6,"featured_media":0,"comment_status":"open","ping_status":"open","sticky":false,"template":"","format":"standard","meta":{"_bbp_topic_count":0,"_bbp_reply_count":0,"_bbp_total_topic_count":0,"_bbp_total_reply_count":0,"_bbp_voice_count":0,"_bbp_anonymous_reply_count":0,"_bbp_topic_count_hidden":0,"_bbp_reply_count_hidden":0,"_bbp_forum_subforum_count":0,"site-sidebar-layout":"default","site-content-layout":"","ast-site-content-layout":"","site-content-style":"default","site-sidebar-style":"default","ast-global-header-display":"","ast-banner-title-visibility":"","ast-main-header-display":"","ast-hfb-above-header-display":"","ast-hfb-below-header-display":"","ast-hfb-mobile-header-display":"","site-post-title":"","ast-breadcrumbs-content":"","ast-featured-img":"","footer-sml-layout":"","theme-transparent-header-meta":"","adv-header-id-meta":"","stick-header-meta":"","header-above-stick-meta":"","header-main-stick-meta":"","header-below-stick-meta":"","astra-migrate-meta-layouts":"default","ast-page-background-enabled":"default","ast-page-background-meta":{"desktop":{"background-color":"var(--ast-global-color-4)","background-image":"","background-repeat":"repeat","background-position":"center center","background-size":"auto","background-attachment":"scroll","background-type":"","background-media":"","overlay-type":"","overlay-color":"","overlay-opacity":"","overlay-gradient":""},"tablet":{"background-color":"","background-image":"","background-repeat":"repeat","background-position":"center center","background-size":"auto","background-attachment":"scroll","background-type":"","background-media":"","overlay-type":"","overlay-color":"","overlay-opacity":"","overlay-gradient":""},"mobile":{"background-color":"","background-image":"","background-repeat":"repeat","background-position":"center center","background-size":"auto","background-attachment":"scroll","background-type":"","background-media":"","overlay-type":"","overlay-color":"","overlay-opacity":"","overlay-gradient":""}},"ast-content-background-meta":{"desktop":{"background-color":"var(--ast-global-color-5)","background-image":"","background-repeat":"repeat","background-position":"center center","background-size":"auto","background-attachment":"scroll","background-type":"","background-media":"","overlay-type":"","overlay-color":"","overlay-opacity":"","overlay-gradient":""},"tablet":{"background-color":"var(--ast-global-color-5)","background-image":"","background-repeat":"repeat","background-position":"center center","background-size":"auto","background-attachment":"scroll","background-type":"","background-media":"","overlay-type":"","overlay-color":"","overlay-opacity":"","overlay-gradient":""},"mobile":{"background-color":"var(--ast-global-color-5)","background-image":"","background-repeat":"repeat","background-position":"center center","background-size":"auto","background-attachment":"scroll","background-type":"","background-media":"","overlay-type":"","overlay-color":"","overlay-opacity":"","overlay-gradient":""}},"footnotes":""},"categories":[113,100,116],"tags":[],"class_list":["post-3097","post","type-post","status-publish","format-standard","hentry","category-2016-17","category-infipri","category-sortida"],"post_mailing_queue_ids":[],"_links":{"self":[{"href":"https:\/\/agora.xtec.cat\/ielesvinyes\/wp-json\/wp\/v2\/posts\/3097","targetHints":{"allow":["GET"]}}],"collection":[{"href":"https:\/\/agora.xtec.cat\/ielesvinyes\/wp-json\/wp\/v2\/posts"}],"about":[{"href":"https:\/\/agora.xtec.cat\/ielesvinyes\/wp-json\/wp\/v2\/types\/post"}],"author":[{"embeddable":true,"href":"https:\/\/agora.xtec.cat\/ielesvinyes\/wp-json\/wp\/v2\/users\/6"}],"replies":[{"embeddable":true,"href":"https:\/\/agora.xtec.cat\/ielesvinyes\/wp-json\/wp\/v2\/comments?post=3097"}],"version-history":[{"count":0,"href":"https:\/\/agora.xtec.cat\/ielesvinyes\/wp-json\/wp\/v2\/posts\/3097\/revisions"}],"wp:attachment":[{"href":"https:\/\/agora.xtec.cat\/ielesvinyes\/wp-json\/wp\/v2\/media?parent=3097"}],"wp:term":[{"taxonomy":"category","embeddable":true,"href":"https:\/\/agora.xtec.cat\/ielesvinyes\/wp-json\/wp\/v2\/categories?post=3097"},{"taxonomy":"post_tag","embeddable":true,"href":"https:\/\/agora.xtec.cat\/ielesvinyes\/wp-json\/wp\/v2\/tags?post=3097"}],"curies":[{"name":"wp","href":"https:\/\/api.w.org\/{rel}","templated":true}]}}