{"id":3089,"date":"2016-06-15T08:00:15","date_gmt":"2016-06-15T06:00:15","guid":{"rendered":"http:\/\/ielesvinyes.net\/?p=2621"},"modified":"2016-06-15T08:00:15","modified_gmt":"2016-06-15T06:00:15","slug":"final-de-curs-vinyataires","status":"publish","type":"post","link":"https:\/\/agora.xtec.cat\/ielesvinyes\/2015-16\/final-de-curs-vinyataires\/","title":{"rendered":"Final de curs, vinyataires!"},"content":{"rendered":"<p>Sembla mentida, vinyataires, per\u00f2 hem arribat al final de curs! I ser\u00e0 intens, com acostuma a passar a Les Vinyes. Aix\u00ed que preneu nota de tot, que hi ha moltes coses a tenir en compte!<\/p>\n<p><strong><span style=\"color: #008000;\">Presentacions dels projectes de l&#8217;ESO<\/span><\/strong><\/p>\n<p style=\"padding-left: 30px;\">\u00a0<strong>Projecte 1r ESO: Anuari \u201cLa Verema\u201d<\/strong>, 17 de juny, a les 13:00 h a la biblioteca de l\u2019Institut-Escola.<\/p>\n<p style=\"padding-left: 30px;\"><strong>Projecte 2n ESO: R\u00e0dio \u201cLes Vinyes\u201d<\/strong>, 17 de juny, a les 13:00 h al pati interior de l\u2019Institut-Escola.<\/p>\n<p style=\"padding-left: 30px;\"><strong>Projecte 3r ESO: \u201cBe healthy\u201d<\/strong>, 17 de juny, a les 11:45 h a la pista de b\u00e0squet de l\u2019Illa esportiva.<\/p>\n<p style=\"padding-left: 30px;\"><strong>Projecte 4t ESO: \u201cCode Berl\u00edn\u201d<\/strong>, 20 de juny, a les 12 h a les aules de 4t de l\u2019Institut-Escola.<\/p>\n<p style=\"padding-left: 30px;\">Fam\u00edlies, no hi podeu faltar! \ud83d\ude42<\/p>\n<p><strong><span style=\"color: #008000;\">Modificacions hor\u00e0ries aprovades en Consell Escolar<\/span><\/strong><\/p>\n<p><strong>Tribunals dels projectes<\/strong> Dia 20 de juny: l\u2019alumnat de 1r, 2n i 3r d\u2019ESO vindr\u00e0 a fer la presentaci\u00f3 del projecte\u00a0al tribunal corresponent, a l\u2019hora que se\u2019ls indiqui. Quan hauran acabat, sortiran del\u00a0centre. L\u2019alumnat de 4t entrar\u00e0 al Centre a les 9h i sortir\u00e0 quan acabi l\u2019exposici\u00f3 del\u00a0projecte.<\/p>\n<p><strong>Sortides tutorials<\/strong>\u00a0Dia 21 de juny<\/p>\n<ul>\n<li>1r ESO: sortida al <strong>Canal Ol\u00edmpic<\/strong>. Entrada al centre a les 8:15 h. Hora\u00a0d\u2019arribada prevista, 15 h.<\/li>\n<li>2n ESO: activitats a l\u2019Institut-Escola i a la <strong>piscina municipal<\/strong>. Entrada al centre, 9 h. Sortida, a les 13 h.<\/li>\n<li>3r ESO: sortida a <strong>Illa Fantasia<\/strong>. Entrada al centre a les 9 h. Hora d\u2019arribada\u00a0prevista, 14:30 h.<\/li>\n<li>4t ESO: sortida a <strong>Montserrat<\/strong>. Entrada al centre, 8 h. Hora d\u2019arribada\u00a0prevista, 14:15 h.<\/li>\n<\/ul>\n<p><strong><span style=\"color: #008000;\">Festa de celebraci\u00f3 del cinqu\u00e8 aniversari i de final de curs<\/span><\/strong><\/p>\n<p>o Dimarts 21 de juny. Horari:<\/p>\n<ul>\n<li>17 h a 19 h. Activitats d\u2019Infantil i Prim\u00e0ria al gimn\u00e0s.<\/li>\n<li>19 h a 20 h. Acte de graduaci\u00f3 dels alumnes de 4t d\u2019ESO al gimn\u00e0s.<\/li>\n<li>20 h a 21 h. Activitats l\u00fadiques al pati.<\/li>\n<li>21 h a 23 h. Berenar-sopar de germanor de la comunitat educativa de Les\u00a0Vinyes.<\/li>\n<\/ul>\n<figure id=\"attachment_2623\" aria-describedby=\"caption-attachment-2623\" style=\"width: 559px\" class=\"wp-caption aligncenter\"><img loading=\"lazy\" decoding=\"async\" class=\"wp-image-2623 size-full\" src=\"http:\/\/agora.xtec.cat\/ielesvinyes\/wp-content\/uploads\/usu1433\/2016\/06\/festa.jpg\" alt=\"festa\" width=\"559\" height=\"98\" \/><figcaption id=\"caption-attachment-2623\" class=\"wp-caption-text\">VINE A LA FESTA!!!<\/figcaption><\/figure>\n<p><strong><span style=\"color: #008000;\">Entrega personalitzada de notes finals<\/span><\/strong><\/p>\n<p>o Dia 28 de juny. \u00a0Els tutors\/es individuals contactaran amb les fam\u00edlies per concertar visita i fer la reuni\u00f3 d&#8217;entrega de butlletins.<\/p>\n<p>o Aquest dia es donar\u00e0 feina a l\u2019alumnat que tingui alguna mat\u00e8ria suspesa, l\u2019hauran de\u00a0retornar feta el divendres 2 o el dilluns 5 de setembre, quan vinguin a fer l\u2019examen.<\/p>\n<p>o Aquells alumnes que hagin susp\u00e8s alguna assignatura, rebran un butllet\u00ed final de\u00a0notes provisional, a l\u2019espera dels resultats de les proves de setembre.<\/p>\n<figure id=\"attachment_2625\" aria-describedby=\"caption-attachment-2625\" style=\"width: 217px\" class=\"wp-caption aligncenter\"><img loading=\"lazy\" decoding=\"async\" class=\"wp-image-2625 size-medium\" src=\"http:\/\/agora.xtec.cat\/ielesvinyes\/wp-content\/uploads\/usu1433\/2016\/06\/festa2-217x300.jpg\" alt=\"festa2\" width=\"217\" height=\"300\" \/><figcaption id=\"caption-attachment-2625\" class=\"wp-caption-text\">Festa 5\u00e8 Aniversari<\/figcaption><\/figure>\n<p>&nbsp;<\/p>\n<p>&nbsp;<\/p>\n","protected":false},"excerpt":{"rendered":"<p>Sembla mentida, vinyataires, per\u00f2 hem arribat al final de curs! I ser\u00e0 intens, com acostuma a passar a Les Vinyes. Aix\u00ed que preneu nota de tot, que hi ha moltes coses a tenir en compte! Presentacions dels projectes de l&#8217;ESO \u00a0Projecte 1r ESO: Anuari \u201cLa Verema\u201d, 17 de juny, a les 13:00 h a la [&hellip;]<\/p>\n","protected":false},"author":1,"featured_media":2832,"comment_status":"open","ping_status":"open","sticky":false,"template":"","format":"standard","meta":{"_bbp_topic_count":0,"_bbp_reply_count":0,"_bbp_total_topic_count":0,"_bbp_total_reply_count":0,"_bbp_voice_count":0,"_bbp_anonymous_reply_count":0,"_bbp_topic_count_hidden":0,"_bbp_reply_count_hidden":0,"_bbp_forum_subforum_count":0,"site-sidebar-layout":"default","site-content-layout":"","ast-site-content-layout":"","site-content-style":"default","site-sidebar-style":"default","ast-global-header-display":"","ast-banner-title-visibility":"","ast-main-header-display":"","ast-hfb-above-header-display":"","ast-hfb-below-header-display":"","ast-hfb-mobile-header-display":"","site-post-title":"","ast-breadcrumbs-content":"","ast-featured-img":"","footer-sml-layout":"","theme-transparent-header-meta":"","adv-header-id-meta":"","stick-header-meta":"","header-above-stick-meta":"","header-main-stick-meta":"","header-below-stick-meta":"","astra-migrate-meta-layouts":"default","ast-page-background-enabled":"default","ast-page-background-meta":{"desktop":{"background-color":"var(--ast-global-color-4)","background-image":"","background-repeat":"repeat","background-position":"center center","background-size":"auto","background-attachment":"scroll","background-type":"","background-media":"","overlay-type":"","overlay-color":"","overlay-opacity":"","overlay-gradient":""},"tablet":{"background-color":"","background-image":"","background-repeat":"repeat","background-position":"center center","background-size":"auto","background-attachment":"scroll","background-type":"","background-media":"","overlay-type":"","overlay-color":"","overlay-opacity":"","overlay-gradient":""},"mobile":{"background-color":"","background-image":"","background-repeat":"repeat","background-position":"center center","background-size":"auto","background-attachment":"scroll","background-type":"","background-media":"","overlay-type":"","overlay-color":"","overlay-opacity":"","overlay-gradient":""}},"ast-content-background-meta":{"desktop":{"background-color":"var(--ast-global-color-5)","background-image":"","background-repeat":"repeat","background-position":"center center","background-size":"auto","background-attachment":"scroll","background-type":"","background-media":"","overlay-type":"","overlay-color":"","overlay-opacity":"","overlay-gradient":""},"tablet":{"background-color":"var(--ast-global-color-5)","background-image":"","background-repeat":"repeat","background-position":"center center","background-size":"auto","background-attachment":"scroll","background-type":"","background-media":"","overlay-type":"","overlay-color":"","overlay-opacity":"","overlay-gradient":""},"mobile":{"background-color":"var(--ast-global-color-5)","background-image":"","background-repeat":"repeat","background-position":"center center","background-size":"auto","background-attachment":"scroll","background-type":"","background-media":"","overlay-type":"","overlay-color":"","overlay-opacity":"","overlay-gradient":""}},"footnotes":""},"categories":[112],"tags":[310,327],"class_list":["post-3089","post","type-post","status-publish","format-standard","has-post-thumbnail","hentry","category-2015-16","tag-festa","tag-projectes"],"post_mailing_queue_ids":[],"_links":{"self":[{"href":"https:\/\/agora.xtec.cat\/ielesvinyes\/wp-json\/wp\/v2\/posts\/3089","targetHints":{"allow":["GET"]}}],"collection":[{"href":"https:\/\/agora.xtec.cat\/ielesvinyes\/wp-json\/wp\/v2\/posts"}],"about":[{"href":"https:\/\/agora.xtec.cat\/ielesvinyes\/wp-json\/wp\/v2\/types\/post"}],"author":[{"embeddable":true,"href":"https:\/\/agora.xtec.cat\/ielesvinyes\/wp-json\/wp\/v2\/users\/1"}],"replies":[{"embeddable":true,"href":"https:\/\/agora.xtec.cat\/ielesvinyes\/wp-json\/wp\/v2\/comments?post=3089"}],"version-history":[{"count":0,"href":"https:\/\/agora.xtec.cat\/ielesvinyes\/wp-json\/wp\/v2\/posts\/3089\/revisions"}],"wp:featuredmedia":[{"embeddable":true,"href":"https:\/\/agora.xtec.cat\/ielesvinyes\/wp-json\/wp\/v2\/media\/2832"}],"wp:attachment":[{"href":"https:\/\/agora.xtec.cat\/ielesvinyes\/wp-json\/wp\/v2\/media?parent=3089"}],"wp:term":[{"taxonomy":"category","embeddable":true,"href":"https:\/\/agora.xtec.cat\/ielesvinyes\/wp-json\/wp\/v2\/categories?post=3089"},{"taxonomy":"post_tag","embeddable":true,"href":"https:\/\/agora.xtec.cat\/ielesvinyes\/wp-json\/wp\/v2\/tags?post=3089"}],"curies":[{"name":"wp","href":"https:\/\/api.w.org\/{rel}","templated":true}]}}