{"id":3088,"date":"2016-05-02T12:35:51","date_gmt":"2016-05-02T10:35:51","guid":{"rendered":"http:\/\/ielesvinyes.net\/?p=2592"},"modified":"2016-05-02T12:35:51","modified_gmt":"2016-05-02T10:35:51","slug":"finalistes-del-premi-ensenyament-2016","status":"publish","type":"post","link":"https:\/\/agora.xtec.cat\/ielesvinyes\/2015-16\/finalistes-del-premi-ensenyament-2016\/","title":{"rendered":"Finalistes del Premi Ensenyament 2016!"},"content":{"rendered":"<figure style=\"width: 300px\" class=\"wp-caption alignleft\"><img loading=\"lazy\" decoding=\"async\" class=\"alignleft wp-image-2593 size-medium\" src=\"http:\/\/agora.xtec.cat\/ielesvinyes\/wp-content\/uploads\/usu1433\/2016\/05\/JURAT2-300x151.jpg\" alt=\"Visita del jurat del Premi\" width=\"300\" height=\"151\" \/><figcaption class=\"wp-caption-text\"><br \/>Foto: Visita del jurat del Premi a Les Vinyes el mar\u00e7 passat<\/figcaption><\/figure>\n<p>Avui, un grup de membres de la comunitat educativa del centre anem a<strong> l&#8217;acte de lliurament del Premi Ensenyament 2016, de la Fundaci\u00f3 Cercle d\u2019Economia<\/strong>. \u00c9s la 9a edici\u00f3 d&#8217;un premi que vol donar reconeixement social i impuls a aquelles iniciatives que, des de dins de cada centre educatiu, projecten els talents del seu entorn al m\u00f3n.<\/p>\n<p>Hi anem en qualitat de finalistes, juntament el Col\u00b7legi Montserrat, de Barcelona, l&#8217;Escola d\u2019Educaci\u00f3 Especial Crespinell, de Terrassa, l&#8217;Escola Pau Delcl\u00f2s, de Tarragona, l&#8217;Escola Torroja i Miret, de Vila-Seca, l&#8217;Escola Virolai, de Barcelona, i Institut-Escola Jacint Verdaguer, de Sant Sadurn\u00ed d\u2019Anoia.<\/p>\n<p><strong>Per a l&#8217;Institut-Escola Les Vinyes formar part d&#8217;aquest grup de centres ja \u00e9s un premi i un gran reconeixement.<\/strong> N&#8217;estem molt contents i ens en sentim agra\u00efts. Entenem que estem en un cam\u00ed de millora i creixement i aix\u00f2 ens hi ajuda i estimula.<\/p>\n<p>El grup d&#8217;alumnes, docents i fam\u00edlies que anem avui a CaixaF\u00f2rum Barcelona ho fem en nom de tots, perqu\u00e8 sense la contribuci\u00f3 de tothom el nostre projecte no \u00e9s possible. <strong>Gr\u00e0cies, vinyataires!<\/strong><\/p>\n<p><img loading=\"lazy\" decoding=\"async\" class=\"aligncenter wp-image-2596 size-full\" src=\"http:\/\/agora.xtec.cat\/ielesvinyes\/wp-content\/uploads\/usu1433\/2016\/05\/claUSTRE.jpg\" alt=\"Claustre del centre\" width=\"600\" height=\"358\" \/><\/p>\n","protected":false},"excerpt":{"rendered":"<p>Avui, un grup de membres de la comunitat educativa del centre anem a l&#8217;acte de lliurament del Premi Ensenyament 2016, de la Fundaci\u00f3 Cercle d\u2019Economia. \u00c9s la 9a edici\u00f3 d&#8217;un premi que vol donar reconeixement social i impuls a aquelles iniciatives que, des de dins de cada centre educatiu, projecten els talents del seu entorn [&hellip;]<\/p>\n","protected":false},"author":1,"featured_media":2828,"comment_status":"open","ping_status":"open","sticky":false,"template":"","format":"standard","meta":{"_bbp_topic_count":0,"_bbp_reply_count":0,"_bbp_total_topic_count":0,"_bbp_total_reply_count":0,"_bbp_voice_count":0,"_bbp_anonymous_reply_count":0,"_bbp_topic_count_hidden":0,"_bbp_reply_count_hidden":0,"_bbp_forum_subforum_count":0,"site-sidebar-layout":"default","site-content-layout":"","ast-site-content-layout":"","site-content-style":"default","site-sidebar-style":"default","ast-global-header-display":"","ast-banner-title-visibility":"","ast-main-header-display":"","ast-hfb-above-header-display":"","ast-hfb-below-header-display":"","ast-hfb-mobile-header-display":"","site-post-title":"","ast-breadcrumbs-content":"","ast-featured-img":"","footer-sml-layout":"","theme-transparent-header-meta":"","adv-header-id-meta":"","stick-header-meta":"","header-above-stick-meta":"","header-main-stick-meta":"","header-below-stick-meta":"","astra-migrate-meta-layouts":"default","ast-page-background-enabled":"default","ast-page-background-meta":{"desktop":{"background-color":"var(--ast-global-color-4)","background-image":"","background-repeat":"repeat","background-position":"center center","background-size":"auto","background-attachment":"scroll","background-type":"","background-media":"","overlay-type":"","overlay-color":"","overlay-opacity":"","overlay-gradient":""},"tablet":{"background-color":"","background-image":"","background-repeat":"repeat","background-position":"center center","background-size":"auto","background-attachment":"scroll","background-type":"","background-media":"","overlay-type":"","overlay-color":"","overlay-opacity":"","overlay-gradient":""},"mobile":{"background-color":"","background-image":"","background-repeat":"repeat","background-position":"center center","background-size":"auto","background-attachment":"scroll","background-type":"","background-media":"","overlay-type":"","overlay-color":"","overlay-opacity":"","overlay-gradient":""}},"ast-content-background-meta":{"desktop":{"background-color":"var(--ast-global-color-5)","background-image":"","background-repeat":"repeat","background-position":"center center","background-size":"auto","background-attachment":"scroll","background-type":"","background-media":"","overlay-type":"","overlay-color":"","overlay-opacity":"","overlay-gradient":""},"tablet":{"background-color":"var(--ast-global-color-5)","background-image":"","background-repeat":"repeat","background-position":"center center","background-size":"auto","background-attachment":"scroll","background-type":"","background-media":"","overlay-type":"","overlay-color":"","overlay-opacity":"","overlay-gradient":""},"mobile":{"background-color":"var(--ast-global-color-5)","background-image":"","background-repeat":"repeat","background-position":"center center","background-size":"auto","background-attachment":"scroll","background-type":"","background-media":"","overlay-type":"","overlay-color":"","overlay-opacity":"","overlay-gradient":""}},"footnotes":""},"categories":[112],"tags":[247],"class_list":["post-3088","post","type-post","status-publish","format-standard","has-post-thumbnail","hentry","category-2015-16","tag-premi"],"post_mailing_queue_ids":[],"_links":{"self":[{"href":"https:\/\/agora.xtec.cat\/ielesvinyes\/wp-json\/wp\/v2\/posts\/3088","targetHints":{"allow":["GET"]}}],"collection":[{"href":"https:\/\/agora.xtec.cat\/ielesvinyes\/wp-json\/wp\/v2\/posts"}],"about":[{"href":"https:\/\/agora.xtec.cat\/ielesvinyes\/wp-json\/wp\/v2\/types\/post"}],"author":[{"embeddable":true,"href":"https:\/\/agora.xtec.cat\/ielesvinyes\/wp-json\/wp\/v2\/users\/1"}],"replies":[{"embeddable":true,"href":"https:\/\/agora.xtec.cat\/ielesvinyes\/wp-json\/wp\/v2\/comments?post=3088"}],"version-history":[{"count":0,"href":"https:\/\/agora.xtec.cat\/ielesvinyes\/wp-json\/wp\/v2\/posts\/3088\/revisions"}],"wp:featuredmedia":[{"embeddable":true,"href":"https:\/\/agora.xtec.cat\/ielesvinyes\/wp-json\/wp\/v2\/media\/2828"}],"wp:attachment":[{"href":"https:\/\/agora.xtec.cat\/ielesvinyes\/wp-json\/wp\/v2\/media?parent=3088"}],"wp:term":[{"taxonomy":"category","embeddable":true,"href":"https:\/\/agora.xtec.cat\/ielesvinyes\/wp-json\/wp\/v2\/categories?post=3088"},{"taxonomy":"post_tag","embeddable":true,"href":"https:\/\/agora.xtec.cat\/ielesvinyes\/wp-json\/wp\/v2\/tags?post=3088"}],"curies":[{"name":"wp","href":"https:\/\/api.w.org\/{rel}","templated":true}]}}