{"id":3083,"date":"2016-03-11T20:33:35","date_gmt":"2016-03-11T18:33:35","guid":{"rendered":"http:\/\/ielesvinyes.net\/?p=2545"},"modified":"2016-03-11T20:33:35","modified_gmt":"2016-03-11T18:33:35","slug":"el-projecte-transversal-code-prague-finalista-a-litworldedu","status":"publish","type":"post","link":"https:\/\/agora.xtec.cat\/ielesvinyes\/2015-16\/el-projecte-transversal-code-prague-finalista-a-litworldedu\/","title":{"rendered":"El projecte Code Prague finalista a l&#039;ITWorldEdu"},"content":{"rendered":"<p><img loading=\"lazy\" decoding=\"async\" class=\"alignright size-large wp-image-2550\" src=\"http:\/\/agora.xtec.cat\/ielesvinyes\/wp-content\/uploads\/usu1433\/2016\/03\/DSCN1444-1024x768.jpg\" alt=\"DSCN1444\" width=\"640\" height=\"480\" \/><\/p>\n<p>L\u2019<a href=\"http:\/\/www.itworldedu.cat\/\" target=\"_blank\">ITworldEdu<\/a> \u00e9s un dels esdeveniments anuals de refer\u00e8ncia del sector\u00a0tecnol\u00f2gic educatiu. T\u00e9 com a prop\u00f2sit compartir les novetats tecnol\u00f2giques\u00a0i <strong>experi\u00e8ncies educatives innovadores<\/strong>.\u00a0Aquest any ha tingut lloc els dies 7 i 8 de mar\u00e7, al Palau de Congressos de\u00a0Barcelona, Fira de Barcelona (Recinte de Montju\u00efc).<\/p>\n<p>El passat mes de gener vam presentar el projecte transversal de 4t d\u2019ESO <strong>Code\u00a0Prague<\/strong> realitzat per\u00a0l&#8217;alumnat\u00a0del nostre centre durant el tercer trimestre del curs 2014-15\u00a0i va ser\u00a0seleccionat com a finalista dins la categoria de \u201cAprenentatge actiu a trav\u00e9s\u00a0de la programaci\u00f3 i la rob\u00f2tica\u201d.<\/p>\n<p>El passat dimarts 8 de mar\u00e7 professors Ramon Alujas i Blanca Amengual, en representaci\u00f3 de l\u2019equip docent de 4t d&#8217;ESO,\u00a0<a href=\"http:\/\/www.itworldedu.cat\/index.php\/programa\/programa-itworldedu-8\" target=\"_blank\">van presentar l\u2019experi\u00e8ncia a la Sala 5<\/a> del Palau de\u00a0Congressos, a l\u2019espai \u201cPresentaci\u00f3 millors pr\u00e0ctiques\u201d, i els alumnes Sandra de Castro i\u00a0el Javi Seva, en representaci\u00f3 de l\u2019alumnat, van\u00a0participar en l\u2019ITworldEdu Junior, que va tenir lloc el mateix dia a la tarda.<\/p>\n<p>Enhorabona a tots i totes!<\/p>\n\n","protected":false},"excerpt":{"rendered":"<p>L\u2019ITworldEdu \u00e9s un dels esdeveniments anuals de refer\u00e8ncia del sector\u00a0tecnol\u00f2gic educatiu. T\u00e9 com a prop\u00f2sit compartir les novetats tecnol\u00f2giques\u00a0i experi\u00e8ncies educatives innovadores.\u00a0Aquest any ha tingut lloc els dies 7 i 8 de mar\u00e7, al Palau de Congressos de\u00a0Barcelona, Fira de Barcelona (Recinte de Montju\u00efc). El passat mes de gener vam presentar el projecte transversal de [&hellip;]<\/p>\n","protected":false},"author":6,"featured_media":0,"comment_status":"open","ping_status":"open","sticky":false,"template":"","format":"standard","meta":{"_bbp_topic_count":0,"_bbp_reply_count":0,"_bbp_total_topic_count":0,"_bbp_total_reply_count":0,"_bbp_voice_count":0,"_bbp_anonymous_reply_count":0,"_bbp_topic_count_hidden":0,"_bbp_reply_count_hidden":0,"_bbp_forum_subforum_count":0,"site-sidebar-layout":"default","site-content-layout":"","ast-site-content-layout":"","site-content-style":"default","site-sidebar-style":"default","ast-global-header-display":"","ast-banner-title-visibility":"","ast-main-header-display":"","ast-hfb-above-header-display":"","ast-hfb-below-header-display":"","ast-hfb-mobile-header-display":"","site-post-title":"","ast-breadcrumbs-content":"","ast-featured-img":"","footer-sml-layout":"","theme-transparent-header-meta":"","adv-header-id-meta":"","stick-header-meta":"","header-above-stick-meta":"","header-main-stick-meta":"","header-below-stick-meta":"","astra-migrate-meta-layouts":"default","ast-page-background-enabled":"default","ast-page-background-meta":{"desktop":{"background-color":"var(--ast-global-color-4)","background-image":"","background-repeat":"repeat","background-position":"center center","background-size":"auto","background-attachment":"scroll","background-type":"","background-media":"","overlay-type":"","overlay-color":"","overlay-opacity":"","overlay-gradient":""},"tablet":{"background-color":"","background-image":"","background-repeat":"repeat","background-position":"center center","background-size":"auto","background-attachment":"scroll","background-type":"","background-media":"","overlay-type":"","overlay-color":"","overlay-opacity":"","overlay-gradient":""},"mobile":{"background-color":"","background-image":"","background-repeat":"repeat","background-position":"center center","background-size":"auto","background-attachment":"scroll","background-type":"","background-media":"","overlay-type":"","overlay-color":"","overlay-opacity":"","overlay-gradient":""}},"ast-content-background-meta":{"desktop":{"background-color":"var(--ast-global-color-5)","background-image":"","background-repeat":"repeat","background-position":"center center","background-size":"auto","background-attachment":"scroll","background-type":"","background-media":"","overlay-type":"","overlay-color":"","overlay-opacity":"","overlay-gradient":""},"tablet":{"background-color":"var(--ast-global-color-5)","background-image":"","background-repeat":"repeat","background-position":"center center","background-size":"auto","background-attachment":"scroll","background-type":"","background-media":"","overlay-type":"","overlay-color":"","overlay-opacity":"","overlay-gradient":""},"mobile":{"background-color":"var(--ast-global-color-5)","background-image":"","background-repeat":"repeat","background-position":"center center","background-size":"auto","background-attachment":"scroll","background-type":"","background-media":"","overlay-type":"","overlay-color":"","overlay-opacity":"","overlay-gradient":""}},"footnotes":""},"categories":[112,301],"tags":[351],"class_list":["post-3083","post","type-post","status-publish","format-standard","hentry","category-2015-16","category-secundaria","tag-itworldedu"],"post_mailing_queue_ids":[],"_links":{"self":[{"href":"https:\/\/agora.xtec.cat\/ielesvinyes\/wp-json\/wp\/v2\/posts\/3083","targetHints":{"allow":["GET"]}}],"collection":[{"href":"https:\/\/agora.xtec.cat\/ielesvinyes\/wp-json\/wp\/v2\/posts"}],"about":[{"href":"https:\/\/agora.xtec.cat\/ielesvinyes\/wp-json\/wp\/v2\/types\/post"}],"author":[{"embeddable":true,"href":"https:\/\/agora.xtec.cat\/ielesvinyes\/wp-json\/wp\/v2\/users\/6"}],"replies":[{"embeddable":true,"href":"https:\/\/agora.xtec.cat\/ielesvinyes\/wp-json\/wp\/v2\/comments?post=3083"}],"version-history":[{"count":0,"href":"https:\/\/agora.xtec.cat\/ielesvinyes\/wp-json\/wp\/v2\/posts\/3083\/revisions"}],"wp:attachment":[{"href":"https:\/\/agora.xtec.cat\/ielesvinyes\/wp-json\/wp\/v2\/media?parent=3083"}],"wp:term":[{"taxonomy":"category","embeddable":true,"href":"https:\/\/agora.xtec.cat\/ielesvinyes\/wp-json\/wp\/v2\/categories?post=3083"},{"taxonomy":"post_tag","embeddable":true,"href":"https:\/\/agora.xtec.cat\/ielesvinyes\/wp-json\/wp\/v2\/tags?post=3083"}],"curies":[{"name":"wp","href":"https:\/\/api.w.org\/{rel}","templated":true}]}}