{"id":3080,"date":"2016-02-22T07:40:16","date_gmt":"2016-02-22T05:40:16","guid":{"rendered":"http:\/\/ielesvinyes.net\/?p=2512"},"modified":"2016-02-22T07:40:16","modified_gmt":"2016-02-22T05:40:16","slug":"projectes-transversals-del-segon-trimestre","status":"publish","type":"post","link":"https:\/\/agora.xtec.cat\/ielesvinyes\/2015-16\/projectes-transversals-del-segon-trimestre\/","title":{"rendered":"Projectes transversals del segon trimestre"},"content":{"rendered":"<p><img loading=\"lazy\" decoding=\"async\" class=\"aligncenter wp-image-2516 size-full\" src=\"http:\/\/agora.xtec.cat\/ielesvinyes\/wp-content\/uploads\/usu1433\/2016\/02\/projectes.jpg\" alt=\"projectes\" width=\"797\" height=\"395\" \/>Comen\u00e7a avui\u00a0la quinzena dels projectes transversals a l\u2019ESO amb les presentacions i els reptes preparats pels equips docents del centre. Aquests projectes que fem amb tota una promoci\u00f3 estan concebuts per a desenvolupar aprenentatges competencials i el treball en equip. Aquests s\u00f3n els que hem iniciat:<\/p>\n<p><strong>Projecte Les vinyes, sostenible?\u00a0\u2013 1r ESO<br \/>\n<\/strong>El projecte #somsostenibles? consisteix en la elaboraci\u00f3 d&#8217;una exposici\u00f3 que presentarem a les fam\u00edlies que aborda el tema de la sostenibilitat del planeta. Tamb\u00e9 analitza l&#8217;estat del centre en relaci\u00f3 a la sostenibilitat i en fa propostes de millora. Aix\u00f2, en dos grans espais que mostraran panells, propostes en 3D i peces audiovisuals per a comunicar les conclusions a les fam\u00edlies.\u00a0Seguiu-lo al twitter a <a href=\"https:\/\/twitter.com\/search?f=tweets&amp;vertical=default&amp;q=%23somsostenibles%3F&amp;src=typd\" target=\"_blank\">#somsostenibles?<\/a><\/p>\n<p><strong>Projecte Intervenim 2016 \u2013 2n ESO<br \/>\n<\/strong>Nois i noies de #2nESO amb el guiatge de l&#8217;<a href=\"http:\/\/albertgusi.com\/\" target=\"_blank\">@albertgusi<\/a> intervindran l&#8217;espai p\u00fablic de Castellbisbal. Un projecte art\u00edstic i creatiu que es construir\u00e0 des de zero\u00a0en un proc\u00e9s obert de cocreaci\u00f3 amb l&#8217;alumnat i el professorat. M\u00e9s no podem anunciar! \ud83d\ude42<br \/>\nSeguiu-lo al twitter a <a href=\"https:\/\/twitter.com\/search?f=tweets&amp;vertical=default&amp;q=%23intervenim&amp;src=typd\" target=\"_blank\">#intervenim<\/a><\/p>\n<p><strong>Projecte Donaci\u00f3\u00a02016 \u2013 3r ESO<br \/>\n<\/strong><img loading=\"lazy\" decoding=\"async\" class=\"alignright wp-image-2515 size-thumbnail\" src=\"http:\/\/agora.xtec.cat\/ielesvinyes\/wp-content\/uploads\/usu1433\/2016\/02\/logo-banc-150x150.jpg\" alt=\"logo-banc\" width=\"150\" height=\"150\" \/>El projecte transversal de 3r d&#8217;ESO es planteja com un projecte d&#8217;aprenentatge servei en col\u00b7laboraci\u00f3 amb\u00a0el Banc de sang i teixits de Catalunya. Consisteix en organitzar i realitzar una donaci\u00f3 de sang al centre, amb \u00e8xit i participaci\u00f3, i en una reflexi\u00f3 sobre els temes cient\u00edfics, socials i \u00e8tics que aquest acte suposa.\u00a0Seguiu-lo al twitter a <a href=\"#donacio2016\" target=\"_blank\">#donaci\u00f32016<\/a><br \/>\nI guardeu-vos la<strong>\u00a0tarda del dimecres 9 de mar\u00e7<\/strong> a l&#8217;agenda! \ud83d\ude42<\/p>\n<p><strong>Projecte de Recerca 2016 \u2013 4t ESO<br \/>\n<\/strong>Els projectes de recerca ja es van iniciar al gener i han anat avan\u00e7ant en els 17 grups que s&#8217;han format sota la direcci\u00f3 del professorat de 4t. \u00a0Durant aquestes dues setmanes, l&#8217;alumnat de 4t d&#8217;ESO culminar\u00e0 els seus treballs fent les tasques finals i, finalment, realitzant les exposicions davant dels tribunals i les fam\u00edlies.<\/p>\n<p>Tamb\u00e9 iniciarem la fase de doc\u00e8ncia amb els docents\u00a0residents dels m\u00e0sters de secund\u00e0ria. O sigui, que l&#8217;ESO\u00a0entra en una fase de m\u00e0xima activitat! Esperem que sigui una gran experi\u00e8ncia d&#8217;aprenentatge per a tothom.<\/p>\n<p><strong>I, s\u00ed, ja hem anunciat les <a href=\"http:\/\/ielesvinyes.net\/portes-obertes-2016\/\" target=\"_blank\">Portes\u00a0Obertes 2016<\/a>. \ud83d\ude42<\/strong><\/p>\n","protected":false},"excerpt":{"rendered":"<p>Comen\u00e7a avui\u00a0la quinzena dels projectes transversals a l\u2019ESO amb les presentacions i els reptes preparats pels equips docents del centre. Aquests projectes que fem amb tota una promoci\u00f3 estan concebuts per a desenvolupar aprenentatges competencials i el treball en equip. Aquests s\u00f3n els que hem iniciat: Projecte Les vinyes, sostenible?\u00a0\u2013 1r ESO El projecte #somsostenibles? [&hellip;]<\/p>\n","protected":false},"author":1,"featured_media":2810,"comment_status":"open","ping_status":"open","sticky":false,"template":"","format":"standard","meta":{"_bbp_topic_count":0,"_bbp_reply_count":0,"_bbp_total_topic_count":0,"_bbp_total_reply_count":0,"_bbp_voice_count":0,"_bbp_anonymous_reply_count":0,"_bbp_topic_count_hidden":0,"_bbp_reply_count_hidden":0,"_bbp_forum_subforum_count":0,"site-sidebar-layout":"default","site-content-layout":"","ast-site-content-layout":"","site-content-style":"default","site-sidebar-style":"default","ast-global-header-display":"","ast-banner-title-visibility":"","ast-main-header-display":"","ast-hfb-above-header-display":"","ast-hfb-below-header-display":"","ast-hfb-mobile-header-display":"","site-post-title":"","ast-breadcrumbs-content":"","ast-featured-img":"","footer-sml-layout":"","theme-transparent-header-meta":"","adv-header-id-meta":"","stick-header-meta":"","header-above-stick-meta":"","header-main-stick-meta":"","header-below-stick-meta":"","astra-migrate-meta-layouts":"default","ast-page-background-enabled":"default","ast-page-background-meta":{"desktop":{"background-color":"var(--ast-global-color-4)","background-image":"","background-repeat":"repeat","background-position":"center center","background-size":"auto","background-attachment":"scroll","background-type":"","background-media":"","overlay-type":"","overlay-color":"","overlay-opacity":"","overlay-gradient":""},"tablet":{"background-color":"","background-image":"","background-repeat":"repeat","background-position":"center center","background-size":"auto","background-attachment":"scroll","background-type":"","background-media":"","overlay-type":"","overlay-color":"","overlay-opacity":"","overlay-gradient":""},"mobile":{"background-color":"","background-image":"","background-repeat":"repeat","background-position":"center center","background-size":"auto","background-attachment":"scroll","background-type":"","background-media":"","overlay-type":"","overlay-color":"","overlay-opacity":"","overlay-gradient":""}},"ast-content-background-meta":{"desktop":{"background-color":"var(--ast-global-color-5)","background-image":"","background-repeat":"repeat","background-position":"center center","background-size":"auto","background-attachment":"scroll","background-type":"","background-media":"","overlay-type":"","overlay-color":"","overlay-opacity":"","overlay-gradient":""},"tablet":{"background-color":"var(--ast-global-color-5)","background-image":"","background-repeat":"repeat","background-position":"center center","background-size":"auto","background-attachment":"scroll","background-type":"","background-media":"","overlay-type":"","overlay-color":"","overlay-opacity":"","overlay-gradient":""},"mobile":{"background-color":"var(--ast-global-color-5)","background-image":"","background-repeat":"repeat","background-position":"center center","background-size":"auto","background-attachment":"scroll","background-type":"","background-media":"","overlay-type":"","overlay-color":"","overlay-opacity":"","overlay-gradient":""}},"footnotes":""},"categories":[112,301],"tags":[250],"class_list":["post-3080","post","type-post","status-publish","format-standard","has-post-thumbnail","hentry","category-2015-16","category-secundaria","tag-projecte"],"post_mailing_queue_ids":[],"_links":{"self":[{"href":"https:\/\/agora.xtec.cat\/ielesvinyes\/wp-json\/wp\/v2\/posts\/3080","targetHints":{"allow":["GET"]}}],"collection":[{"href":"https:\/\/agora.xtec.cat\/ielesvinyes\/wp-json\/wp\/v2\/posts"}],"about":[{"href":"https:\/\/agora.xtec.cat\/ielesvinyes\/wp-json\/wp\/v2\/types\/post"}],"author":[{"embeddable":true,"href":"https:\/\/agora.xtec.cat\/ielesvinyes\/wp-json\/wp\/v2\/users\/1"}],"replies":[{"embeddable":true,"href":"https:\/\/agora.xtec.cat\/ielesvinyes\/wp-json\/wp\/v2\/comments?post=3080"}],"version-history":[{"count":0,"href":"https:\/\/agora.xtec.cat\/ielesvinyes\/wp-json\/wp\/v2\/posts\/3080\/revisions"}],"wp:featuredmedia":[{"embeddable":true,"href":"https:\/\/agora.xtec.cat\/ielesvinyes\/wp-json\/wp\/v2\/media\/2810"}],"wp:attachment":[{"href":"https:\/\/agora.xtec.cat\/ielesvinyes\/wp-json\/wp\/v2\/media?parent=3080"}],"wp:term":[{"taxonomy":"category","embeddable":true,"href":"https:\/\/agora.xtec.cat\/ielesvinyes\/wp-json\/wp\/v2\/categories?post=3080"},{"taxonomy":"post_tag","embeddable":true,"href":"https:\/\/agora.xtec.cat\/ielesvinyes\/wp-json\/wp\/v2\/tags?post=3080"}],"curies":[{"name":"wp","href":"https:\/\/api.w.org\/{rel}","templated":true}]}}