{"id":3079,"date":"2015-07-27T17:37:58","date_gmt":"2015-07-27T15:37:58","guid":{"rendered":"http:\/\/ielesvinyes.net\/?p=2378"},"modified":"2015-07-27T17:37:58","modified_gmt":"2015-07-27T15:37:58","slug":"informacio-pel-nou-curs","status":"publish","type":"post","link":"https:\/\/agora.xtec.cat\/ielesvinyes\/2014-15\/informacio-pel-nou-curs\/","title":{"rendered":"Informaci\u00f3 pel curs vinent"},"content":{"rendered":"<p style=\"text-align: justify;\">Benvolgudes fam\u00edlies,<\/p>\n<p style=\"text-align: justify;\">En ple per\u00edode de vacances escolars, nosaltres estem preparant ja el nou curs amb molta il\u00b7lusi\u00f3, amb nous reptes i amb nous projectes, dels quals en podreu anar fent el seguiment a trav\u00e9s de la nostra p\u00e0gina web.<\/p>\n<p style=\"text-align: justify;\">Abans de comen\u00e7ar per\u00f2, us volem fer arribar unes informacions:<\/p>\n<p style=\"text-align: justify;\"><strong><span style=\"color: #000000;\">Inici de curs<\/span>: <\/strong>dia 14 de setembre.<\/p>\n<p style=\"text-align: justify;\"><span style=\"color: #000000;\"><strong>Horari:<\/strong><\/span><\/p>\n<ul style=\"text-align: justify;\">\n<li><strong>Infantil i Prim\u00e0ria:<\/strong>\n<ul>\n<li>Matins: de 9:00 h. a 12:30 h.<\/li>\n<li>Tardes: de 15:00 h. a 16:30 h.<\/li>\n<\/ul>\n<\/li>\n<\/ul>\n<p style=\"padding-left: 30px; text-align: justify;\">P3 fa horari d\u2019adaptaci\u00f3 els dies 14, 15 i 16 de setembre.<\/p>\n<ul style=\"text-align: justify;\">\n<li><strong>ESO:<\/strong>\n<ul>\n<li style=\"text-align: justify;\">Els dies 14 i 15, l\u2019alumnat de 1r d\u2019ESO far\u00e0 un horari especial pel Pla d\u2019acollida: de 9:00h. a 13:30 h. A partir del dia 16, iniciaran l\u2019horari lectiu de tot el curs, de 8:00h. a 14:30 h.<\/li>\n<li style=\"text-align: justify;\">L\u2019alumnat de 2n, 3r i 4t d\u2019ESO comen\u00e7ar\u00e0 el dia 14 amb l\u2019horari lectiu de 8:00 h. a 14:30 h.<\/li>\n<\/ul>\n<\/li>\n<\/ul>\n<p style=\"text-align: justify;\"><span style=\"color: #000000;\"><strong>Ex\u00e0mens recuperaci\u00f3 (1r, 2n i 3r d\u2019ESO):<\/strong><\/span><\/p>\n<ul style=\"text-align: justify;\">\n<li>Dies 3 i 4 de setembre, a les 9:00 h. Aquest dia s\u2019han de retornar tots els llibres de reutilitzaci\u00f3.<\/li>\n<\/ul>\n<p style=\"text-align: justify;\"><span style=\"color: #000000;\"><strong>Servei de menjador<\/strong>:<\/span><\/p>\n<ul style=\"text-align: justify;\">\n<li style=\"text-align: justify;\">P3: Inici el dia 17 de setembre (es recomana esperar com a m\u00ednim al dia 21).<\/li>\n<li style=\"text-align: justify;\">P4, P5 i Prim\u00e0ria: Inici dia 14 de setembre.<\/li>\n<li style=\"text-align: justify;\">ESO: Les fam\u00edlies interessades heu d\u2019enviar un mail a l\u2019AMPA (ampa@ielesvinyes.net) abans del dia 14 d\u2019agost, especificant el nom i cognoms del vostre fill\/a i el curs que ha de fer.<\/li>\n<\/ul>\n<p style=\"text-align: justify;\"><span style=\"color: #999999;\"><span style=\"color: #000000;\"><strong>Recollida de llibres de reutilitzaci\u00f3<\/strong> <strong>i\/o ordinadors<\/strong><\/span>,<\/span> al despatx de l\u2019AMPA:<\/p>\n<ul style=\"text-align: justify;\">\n<li style=\"text-align: justify;\">1r, 2n i 3r prim\u00e0ria: 9 de setembre, de 18:00 h. a 20:00 h.<\/li>\n<li style=\"text-align: justify;\">1r ESO (ordinadors): 30 de setembre<\/li>\n<li style=\"text-align: justify;\">4t ESO: 10 de setembre de 18:00 h. a 20:00 h.<\/li>\n<\/ul>\n<p style=\"text-align: justify;\">\u00a0<span style=\"color: #000000;\"><strong>Agenda i llibreta viatgera:<\/strong><\/span><\/p>\n<p style=\"padding-left: 30px; text-align: justify;\">Us recordem que no cal que en compreu cap. En comen\u00e7ar el curs en donarem una a tot l\u2019alumnat.<\/p>\n<p style=\"text-align: justify;\"><span style=\"color: #000000;\"><strong>AMPA<\/strong>:<\/span><\/p>\n<p style=\"padding-left: 30px; text-align: justify;\">En motiu del cinqu\u00e8 aniversari de l\u2019Institut-Escola, l\u2019AMPA obsequiar\u00e0 a tots els i les alumnes que hi estiguin inscrits, amb una bosseta per a l\u2019esmorzar, una carpeta o una carpeta amb separadors, segons els cursos. Per tant no cal que en compreu cap.<\/p>\n<p style=\"text-align: justify;\">Aprofitem per desitjar-vos, juntament amb l\u2019equip de professors\/es i la resta de personal del Centre, que acabeu de passar un bon estiu!<\/p>\n<p style=\"text-align: justify;\">Equip directiu IE Les Vinyes<\/p>\n","protected":false},"excerpt":{"rendered":"<p>Benvolgudes fam\u00edlies, En ple per\u00edode de vacances escolars, nosaltres estem preparant ja el nou curs amb molta il\u00b7lusi\u00f3, amb nous reptes i amb nous projectes, dels quals en podreu anar fent el seguiment a trav\u00e9s de la nostra p\u00e0gina web. Abans de comen\u00e7ar per\u00f2, us volem fer arribar unes informacions: Inici de curs: dia 14 [&hellip;]<\/p>\n","protected":false},"author":1,"featured_media":0,"comment_status":"open","ping_status":"open","sticky":false,"template":"","format":"standard","meta":{"_bbp_topic_count":0,"_bbp_reply_count":0,"_bbp_total_topic_count":0,"_bbp_total_reply_count":0,"_bbp_voice_count":0,"_bbp_anonymous_reply_count":0,"_bbp_topic_count_hidden":0,"_bbp_reply_count_hidden":0,"_bbp_forum_subforum_count":0,"site-sidebar-layout":"default","site-content-layout":"","ast-site-content-layout":"","site-content-style":"default","site-sidebar-style":"default","ast-global-header-display":"","ast-banner-title-visibility":"","ast-main-header-display":"","ast-hfb-above-header-display":"","ast-hfb-below-header-display":"","ast-hfb-mobile-header-display":"","site-post-title":"","ast-breadcrumbs-content":"","ast-featured-img":"","footer-sml-layout":"","theme-transparent-header-meta":"","adv-header-id-meta":"","stick-header-meta":"","header-above-stick-meta":"","header-main-stick-meta":"","header-below-stick-meta":"","astra-migrate-meta-layouts":"default","ast-page-background-enabled":"default","ast-page-background-meta":{"desktop":{"background-color":"var(--ast-global-color-4)","background-image":"","background-repeat":"repeat","background-position":"center center","background-size":"auto","background-attachment":"scroll","background-type":"","background-media":"","overlay-type":"","overlay-color":"","overlay-opacity":"","overlay-gradient":""},"tablet":{"background-color":"","background-image":"","background-repeat":"repeat","background-position":"center center","background-size":"auto","background-attachment":"scroll","background-type":"","background-media":"","overlay-type":"","overlay-color":"","overlay-opacity":"","overlay-gradient":""},"mobile":{"background-color":"","background-image":"","background-repeat":"repeat","background-position":"center center","background-size":"auto","background-attachment":"scroll","background-type":"","background-media":"","overlay-type":"","overlay-color":"","overlay-opacity":"","overlay-gradient":""}},"ast-content-background-meta":{"desktop":{"background-color":"var(--ast-global-color-5)","background-image":"","background-repeat":"repeat","background-position":"center center","background-size":"auto","background-attachment":"scroll","background-type":"","background-media":"","overlay-type":"","overlay-color":"","overlay-opacity":"","overlay-gradient":""},"tablet":{"background-color":"var(--ast-global-color-5)","background-image":"","background-repeat":"repeat","background-position":"center center","background-size":"auto","background-attachment":"scroll","background-type":"","background-media":"","overlay-type":"","overlay-color":"","overlay-opacity":"","overlay-gradient":""},"mobile":{"background-color":"var(--ast-global-color-5)","background-image":"","background-repeat":"repeat","background-position":"center center","background-size":"auto","background-attachment":"scroll","background-type":"","background-media":"","overlay-type":"","overlay-color":"","overlay-opacity":"","overlay-gradient":""}},"footnotes":""},"categories":[111,112],"tags":[],"class_list":["post-3079","post","type-post","status-publish","format-standard","hentry","category-2014-15","category-2015-16"],"post_mailing_queue_ids":[],"_links":{"self":[{"href":"https:\/\/agora.xtec.cat\/ielesvinyes\/wp-json\/wp\/v2\/posts\/3079","targetHints":{"allow":["GET"]}}],"collection":[{"href":"https:\/\/agora.xtec.cat\/ielesvinyes\/wp-json\/wp\/v2\/posts"}],"about":[{"href":"https:\/\/agora.xtec.cat\/ielesvinyes\/wp-json\/wp\/v2\/types\/post"}],"author":[{"embeddable":true,"href":"https:\/\/agora.xtec.cat\/ielesvinyes\/wp-json\/wp\/v2\/users\/1"}],"replies":[{"embeddable":true,"href":"https:\/\/agora.xtec.cat\/ielesvinyes\/wp-json\/wp\/v2\/comments?post=3079"}],"version-history":[{"count":0,"href":"https:\/\/agora.xtec.cat\/ielesvinyes\/wp-json\/wp\/v2\/posts\/3079\/revisions"}],"wp:attachment":[{"href":"https:\/\/agora.xtec.cat\/ielesvinyes\/wp-json\/wp\/v2\/media?parent=3079"}],"wp:term":[{"taxonomy":"category","embeddable":true,"href":"https:\/\/agora.xtec.cat\/ielesvinyes\/wp-json\/wp\/v2\/categories?post=3079"},{"taxonomy":"post_tag","embeddable":true,"href":"https:\/\/agora.xtec.cat\/ielesvinyes\/wp-json\/wp\/v2\/tags?post=3079"}],"curies":[{"name":"wp","href":"https:\/\/api.w.org\/{rel}","templated":true}]}}