{"id":3078,"date":"2015-04-22T08:11:26","date_gmt":"2015-04-22T06:11:26","guid":{"rendered":"http:\/\/ielesvinyes.net\/?p=2230"},"modified":"2015-04-22T08:11:26","modified_gmt":"2015-04-22T06:11:26","slug":"sant-jordi-a-linstitut-escola","status":"publish","type":"post","link":"https:\/\/agora.xtec.cat\/ielesvinyes\/general\/sant-jordi-a-linstitut-escola\/","title":{"rendered":"Sant Jordi a l&#039;Institut-Escola"},"content":{"rendered":"<p><a href=\"http:\/\/agora.xtec.cat\/ielesvinyes\/wp-content\/uploads\/usu1433\/2015\/04\/SantJordi-2015.jpg\"><img loading=\"lazy\" decoding=\"async\" class=\"  wp-image-2234 alignleft\" src=\"http:\/\/agora.xtec.cat\/ielesvinyes\/wp-content\/uploads\/usu1433\/2015\/04\/SantJordi-2015.jpg\" alt=\"SantJordi 2015\" width=\"592\" height=\"49\" srcset=\"https:\/\/agora.xtec.cat\/ielesvinyes\/wp-content\/uploads\/usu1433\/2015\/04\/SantJordi-2015.jpg 1433w, https:\/\/agora.xtec.cat\/ielesvinyes\/wp-content\/uploads\/usu1433\/2015\/04\/SantJordi-2015-300x25.jpg 300w, https:\/\/agora.xtec.cat\/ielesvinyes\/wp-content\/uploads\/usu1433\/2015\/04\/SantJordi-2015-768x64.jpg 768w, https:\/\/agora.xtec.cat\/ielesvinyes\/wp-content\/uploads\/usu1433\/2015\/04\/SantJordi-2015-1024x85.jpg 1024w\" sizes=\"auto, (max-width: 592px) 100vw, 592px\" \/><\/a><\/p>\n<p>Seguint el curs del calendari, ens veiem ja immersos en la primavera i amb la festa que l\u2019anuncia: Sant Jordi. Per tal de celebrar aquesta diada, l\u2019AMPA, el claustre i l\u2019alumnat de l\u2019Institut-Escola hem preparat un seguit d\u2019activitats que us resumim a continuaci\u00f3:<\/p>\n<p><strong><span style=\"color: #ff0000;\">Infantil i Prim\u00e0ria<\/span><\/strong><\/p>\n<p>Durant aquests dies ja s\u2019estan portant a terme activitats relacionades amb Sant Jordi. Dijous 23 al mat\u00ed, els alumnes participaran en uns tallers intercicles entre les 9 i les 11h. A les 11.30 h ens trobarem al gimn\u00e0s per veure el conte conjunt que estan creant els nens i nenes, des de P3 fins a 2n de prim\u00e0ria. A la tarda es portar\u00e0 a terme un intercanvi de llibres de segona m\u00e0 entre els alumnes de cada classe.<\/p>\n<p><strong><span style=\"color: #ff0000;\">Secund\u00e0ria<\/span><\/strong><\/p>\n<p>L\u2019alumnat anir\u00e0 a l\u2019Auditori dels Costals per compartir una jornada de lectures de poemes, actuacions musicals i lliurament de premis de diferents concursos convocats per a l\u2019esmentada diada. Aprofitarem el despla\u00e7ament a l\u2019Auditori per visitar les parades de llibres i flors que hi haur\u00e0 instal\u2022lades a la pla\u00e7a de l\u2019esgl\u00e9sia.<\/p>\n<p><strong><span style=\"color: #ff0000;\">Alumnat de 4t d\u2019ESO<\/span><\/strong><\/p>\n<p>Els alumnes de 4t muntaran una paradeta a la pla\u00e7a de l\u2019esgl\u00e9sia, de 16 h a 20 h, per vendre llibres que estan recollint aquests dies per continuar fent guardiola pel viatge de Praga de Final de Curs.\u00a0Us recordem que podeu fer l\u2019aportaci\u00f3 dels que tingueu a casa i ja no voleu tornar a llegir, deixant-los a consergeria<\/p>\n<p><strong><span style=\"color: #ff0000;\">AMPA<\/span><\/strong><\/p>\n<p>L\u2019AMPA ha organitzat unes paradetes de manualitats, coques i pastissos, de 16:30 h a 17:30 h als patis d\u2019Infantil i petit. Els diners que es recullin es destinaran a la compra de llibres per a la Biblioteca de l\u2019Institut-Escola i per a les classes.<\/p>\n<p><iframe loading=\"lazy\" src=\"https:\/\/player.vimeo.com\/video\/125471779\" width=\"500\" height=\"281\" frameborder=\"0\" webkitallowfullscreen mozallowfullscreen allowfullscreen><\/iframe> <\/p>\n<p><a href=\"https:\/\/vimeo.com\/125471779\">Sant Jordi 2015 Institut-Escola Les Vinyes<\/a> from <a href=\"https:\/\/vimeo.com\/ielesvinyes\">Institut Escola Les Vinyes<\/a> on <a href=\"https:\/\/vimeo.com\">Vimeo<\/a>.<\/p>\n","protected":false},"excerpt":{"rendered":"<p>Seguint el curs del calendari, ens veiem ja immersos en la primavera i amb la festa que l\u2019anuncia: Sant Jordi. Per tal de celebrar aquesta diada, l\u2019AMPA, el claustre i l\u2019alumnat de l\u2019Institut-Escola hem preparat un seguit d\u2019activitats que us resumim a continuaci\u00f3: Infantil i Prim\u00e0ria Durant aquests dies ja s\u2019estan portant a terme activitats [&hellip;]<\/p>\n","protected":false},"author":1,"featured_media":0,"comment_status":"open","ping_status":"open","sticky":false,"template":"","format":"standard","meta":{"_bbp_topic_count":0,"_bbp_reply_count":0,"_bbp_total_topic_count":0,"_bbp_total_reply_count":0,"_bbp_voice_count":0,"_bbp_anonymous_reply_count":0,"_bbp_topic_count_hidden":0,"_bbp_reply_count_hidden":0,"_bbp_forum_subforum_count":0,"site-sidebar-layout":"default","site-content-layout":"","ast-site-content-layout":"","site-content-style":"default","site-sidebar-style":"default","ast-global-header-display":"","ast-banner-title-visibility":"","ast-main-header-display":"","ast-hfb-above-header-display":"","ast-hfb-below-header-display":"","ast-hfb-mobile-header-display":"","site-post-title":"","ast-breadcrumbs-content":"","ast-featured-img":"","footer-sml-layout":"","theme-transparent-header-meta":"","adv-header-id-meta":"","stick-header-meta":"","header-above-stick-meta":"","header-main-stick-meta":"","header-below-stick-meta":"","astra-migrate-meta-layouts":"default","ast-page-background-enabled":"default","ast-page-background-meta":{"desktop":{"background-color":"var(--ast-global-color-4)","background-image":"","background-repeat":"repeat","background-position":"center center","background-size":"auto","background-attachment":"scroll","background-type":"","background-media":"","overlay-type":"","overlay-color":"","overlay-opacity":"","overlay-gradient":""},"tablet":{"background-color":"","background-image":"","background-repeat":"repeat","background-position":"center center","background-size":"auto","background-attachment":"scroll","background-type":"","background-media":"","overlay-type":"","overlay-color":"","overlay-opacity":"","overlay-gradient":""},"mobile":{"background-color":"","background-image":"","background-repeat":"repeat","background-position":"center center","background-size":"auto","background-attachment":"scroll","background-type":"","background-media":"","overlay-type":"","overlay-color":"","overlay-opacity":"","overlay-gradient":""}},"ast-content-background-meta":{"desktop":{"background-color":"var(--ast-global-color-5)","background-image":"","background-repeat":"repeat","background-position":"center center","background-size":"auto","background-attachment":"scroll","background-type":"","background-media":"","overlay-type":"","overlay-color":"","overlay-opacity":"","overlay-gradient":""},"tablet":{"background-color":"var(--ast-global-color-5)","background-image":"","background-repeat":"repeat","background-position":"center center","background-size":"auto","background-attachment":"scroll","background-type":"","background-media":"","overlay-type":"","overlay-color":"","overlay-opacity":"","overlay-gradient":""},"mobile":{"background-color":"var(--ast-global-color-5)","background-image":"","background-repeat":"repeat","background-position":"center center","background-size":"auto","background-attachment":"scroll","background-type":"","background-media":"","overlay-type":"","overlay-color":"","overlay-opacity":"","overlay-gradient":""}},"footnotes":""},"categories":[111,1,100,301],"tags":[38],"class_list":["post-3078","post","type-post","status-publish","format-standard","hentry","category-2014-15","category-general","category-infipri","category-secundaria","tag-sant-jordi"],"post_mailing_queue_ids":[],"_links":{"self":[{"href":"https:\/\/agora.xtec.cat\/ielesvinyes\/wp-json\/wp\/v2\/posts\/3078","targetHints":{"allow":["GET"]}}],"collection":[{"href":"https:\/\/agora.xtec.cat\/ielesvinyes\/wp-json\/wp\/v2\/posts"}],"about":[{"href":"https:\/\/agora.xtec.cat\/ielesvinyes\/wp-json\/wp\/v2\/types\/post"}],"author":[{"embeddable":true,"href":"https:\/\/agora.xtec.cat\/ielesvinyes\/wp-json\/wp\/v2\/users\/1"}],"replies":[{"embeddable":true,"href":"https:\/\/agora.xtec.cat\/ielesvinyes\/wp-json\/wp\/v2\/comments?post=3078"}],"version-history":[{"count":0,"href":"https:\/\/agora.xtec.cat\/ielesvinyes\/wp-json\/wp\/v2\/posts\/3078\/revisions"}],"wp:attachment":[{"href":"https:\/\/agora.xtec.cat\/ielesvinyes\/wp-json\/wp\/v2\/media?parent=3078"}],"wp:term":[{"taxonomy":"category","embeddable":true,"href":"https:\/\/agora.xtec.cat\/ielesvinyes\/wp-json\/wp\/v2\/categories?post=3078"},{"taxonomy":"post_tag","embeddable":true,"href":"https:\/\/agora.xtec.cat\/ielesvinyes\/wp-json\/wp\/v2\/tags?post=3078"}],"curies":[{"name":"wp","href":"https:\/\/api.w.org\/{rel}","templated":true}]}}