{"id":3076,"date":"2015-02-09T08:00:49","date_gmt":"2015-02-09T06:00:49","guid":{"rendered":"http:\/\/ielesvinyes.net\/?p=2136"},"modified":"2015-02-09T08:00:49","modified_gmt":"2015-02-09T06:00:49","slug":"setmana-del-carnestoltes-a-les-vinyes","status":"publish","type":"post","link":"https:\/\/agora.xtec.cat\/ielesvinyes\/2014-15\/setmana-del-carnestoltes-a-les-vinyes\/","title":{"rendered":"Setmana del Carnestoltes a Les Vinyes"},"content":{"rendered":"<figure id=\"attachment_2137\" aria-describedby=\"caption-attachment-2137\" style=\"width: 640px\" class=\"wp-caption aligncenter\"><img loading=\"lazy\" decoding=\"async\" class=\"wp-image-2137 size-large\" src=\"http:\/\/agora.xtec.cat\/ielesvinyes\/wp-content\/uploads\/usu1433\/2015\/02\/passafestes-1024x459.jpg\" alt=\"passafestes\" width=\"640\" height=\"287\" \/><figcaption id=\"caption-attachment-2137\" class=\"wp-caption-text\">Foto: Els &#8220;passafestes&#8221; i els seus m\u00fasics de l&#8217;ESO passant per les classes d&#8217;infantil<\/figcaption><\/figure>\n<p>Aquesta setmana arriba el Carnestoltes a l\u2019Institut-Escola. Divendres ja van passar els seus emissaris, els passafestes. Acompanyats d&#8217;un grup de\u00a0m\u00fasics, van entrar a les classes d&#8217;educaci\u00f3 infantil i prim\u00e0ria a dir-nos la consigna d&#8217;avui dilluns: <strong>els homes han d&#8217;anar vestits de dona i les dones, d&#8217;home. (*)<\/strong><\/p>\n<p>Avui tornaran\u00a0a\u00a0passar a les 9h. I tamb\u00e9 ho faran dem\u00e0, aix\u00ed \u00a0que, si escolteu aquesta marxa, ja us podeu preparar, que vindran a veure com heu acomplert la consigna.<\/p>\n<!--[if lt IE 9]><script>document.createElement('audio');<\/script><![endif]-->\n<audio class=\"wp-audio-shortcode\" id=\"audio-3076-1\" preload=\"none\" style=\"width: 100%;\" controls=\"controls\"><source type=\"audio\/mpeg\" src=\"http:\/\/agora.xtec.cat\/ielesvinyes\/wp-content\/uploads\/usu1433\/2012\/02\/PRAETORIUS-Gavotte-1.mp3?_=1\" \/><a href=\"http:\/\/agora.xtec.cat\/ielesvinyes\/wp-content\/uploads\/usu1433\/2012\/02\/PRAETORIUS-Gavotte-1.mp3\">http:\/\/agora.xtec.cat\/ielesvinyes\/wp-content\/uploads\/usu1433\/2012\/02\/PRAETORIUS-Gavotte-1.mp3<\/a><\/audio>\n<p>Tamb\u00e9 hem comen\u00e7at a fer activitats diverses del Treball Globalitzat de centre al voltant del joc i les joguines. Els grans de l&#8217;ESO veuran <a href=\"https:\/\/www.flickr.com\/photos\/ielesvinyes\/sets\/72157650176847648\/show\/\" target=\"_blank\">l&#8217;exposici\u00f3 de joguines antigues<\/a> que hi ha al centre i es posaran a treballar de valent. \u00a0Els petits ja ens afanyem\u00a0a preparar les nostres disfresses de Pinotxo, soldadet de plom i pirata, que dijous tenim la rua del Carnestoltes!<\/p>\n<figure id=\"attachment_2138\" aria-describedby=\"caption-attachment-2138\" style=\"width: 300px\" class=\"wp-caption alignright\"><a href=\"http:\/\/agora.xtec.cat\/ielesvinyes\/wp-content\/uploads\/usu1433\/2015\/02\/Experts-en-construccions.jpg\"><img loading=\"lazy\" decoding=\"async\" class=\"wp-image-2138 size-medium\" src=\"http:\/\/agora.xtec.cat\/ielesvinyes\/wp-content\/uploads\/usu1433\/2015\/02\/Experts-en-construccions-300x202.jpg\" alt=\"Grup d'experts en disseny\" width=\"300\" height=\"202\" srcset=\"https:\/\/agora.xtec.cat\/ielesvinyes\/wp-content\/uploads\/usu1433\/2015\/02\/Experts-en-construccions-300x202.jpg 300w, https:\/\/agora.xtec.cat\/ielesvinyes\/wp-content\/uploads\/usu1433\/2015\/02\/Experts-en-construccions.jpg 477w\" sizes=\"auto, (max-width: 300px) 100vw, 300px\" \/><\/a><figcaption id=\"caption-attachment-2138\" class=\"wp-caption-text\">FOTO: Grup d&#8217;experts en disseny<\/figcaption><\/figure>\n<p>I els de prim\u00e0ria ja ens hem reunit\u00a0en grups d&#8217;experts en disseny, en construcci\u00f3 i <a href=\"https:\/\/www.flickr.com\/photos\/ielesvinyes\/sets\/72157650607499596\/\" target=\"_blank\">en instruccions<\/a>\u00a0per a fer un joc plegats. Ep! I la disfressa, tamb\u00e9 la tenim a l&#8217;agenda!<\/p>\n<p><strong><span style=\"color: #3366ff;\">Bona Setmana de Carnestoltes!<\/span><\/strong><\/p>\n<p>(*) Els de prim\u00e0ria portarem un mitj\u00f3 de cada color, que avui anem d&#8217;excursi\u00f3 al Palau de la M\u00fasica Catalana! \ud83d\ude42<\/p>\n","protected":false},"excerpt":{"rendered":"<p>Aquesta setmana arriba el Carnestoltes a l\u2019Institut-Escola. Divendres ja van passar els seus emissaris, els passafestes. Acompanyats d&#8217;un grup de\u00a0m\u00fasics, van entrar a les classes d&#8217;educaci\u00f3 infantil i prim\u00e0ria a dir-nos la consigna d&#8217;avui dilluns: els homes han d&#8217;anar vestits de dona i les dones, d&#8217;home. (*) Avui tornaran\u00a0a\u00a0passar a les 9h. I tamb\u00e9 ho [&hellip;]<\/p>\n","protected":false},"author":6,"featured_media":2793,"comment_status":"open","ping_status":"open","sticky":false,"template":"","format":"standard","meta":{"_bbp_topic_count":0,"_bbp_reply_count":0,"_bbp_total_topic_count":0,"_bbp_total_reply_count":0,"_bbp_voice_count":0,"_bbp_anonymous_reply_count":0,"_bbp_topic_count_hidden":0,"_bbp_reply_count_hidden":0,"_bbp_forum_subforum_count":0,"site-sidebar-layout":"default","site-content-layout":"","ast-site-content-layout":"","site-content-style":"default","site-sidebar-style":"default","ast-global-header-display":"","ast-banner-title-visibility":"","ast-main-header-display":"","ast-hfb-above-header-display":"","ast-hfb-below-header-display":"","ast-hfb-mobile-header-display":"","site-post-title":"","ast-breadcrumbs-content":"","ast-featured-img":"","footer-sml-layout":"","theme-transparent-header-meta":"","adv-header-id-meta":"","stick-header-meta":"","header-above-stick-meta":"","header-main-stick-meta":"","header-below-stick-meta":"","astra-migrate-meta-layouts":"default","ast-page-background-enabled":"default","ast-page-background-meta":{"desktop":{"background-color":"var(--ast-global-color-4)","background-image":"","background-repeat":"repeat","background-position":"center center","background-size":"auto","background-attachment":"scroll","background-type":"","background-media":"","overlay-type":"","overlay-color":"","overlay-opacity":"","overlay-gradient":""},"tablet":{"background-color":"","background-image":"","background-repeat":"repeat","background-position":"center center","background-size":"auto","background-attachment":"scroll","background-type":"","background-media":"","overlay-type":"","overlay-color":"","overlay-opacity":"","overlay-gradient":""},"mobile":{"background-color":"","background-image":"","background-repeat":"repeat","background-position":"center center","background-size":"auto","background-attachment":"scroll","background-type":"","background-media":"","overlay-type":"","overlay-color":"","overlay-opacity":"","overlay-gradient":""}},"ast-content-background-meta":{"desktop":{"background-color":"var(--ast-global-color-5)","background-image":"","background-repeat":"repeat","background-position":"center center","background-size":"auto","background-attachment":"scroll","background-type":"","background-media":"","overlay-type":"","overlay-color":"","overlay-opacity":"","overlay-gradient":""},"tablet":{"background-color":"var(--ast-global-color-5)","background-image":"","background-repeat":"repeat","background-position":"center center","background-size":"auto","background-attachment":"scroll","background-type":"","background-media":"","overlay-type":"","overlay-color":"","overlay-opacity":"","overlay-gradient":""},"mobile":{"background-color":"var(--ast-global-color-5)","background-image":"","background-repeat":"repeat","background-position":"center center","background-size":"auto","background-attachment":"scroll","background-type":"","background-media":"","overlay-type":"","overlay-color":"","overlay-opacity":"","overlay-gradient":""}},"footnotes":""},"categories":[111],"tags":[177,274],"class_list":["post-3076","post","type-post","status-publish","format-standard","has-post-thumbnail","hentry","category-2014-15","tag-carnestoltes","tag-treball-globalitzat"],"post_mailing_queue_ids":[],"_links":{"self":[{"href":"https:\/\/agora.xtec.cat\/ielesvinyes\/wp-json\/wp\/v2\/posts\/3076","targetHints":{"allow":["GET"]}}],"collection":[{"href":"https:\/\/agora.xtec.cat\/ielesvinyes\/wp-json\/wp\/v2\/posts"}],"about":[{"href":"https:\/\/agora.xtec.cat\/ielesvinyes\/wp-json\/wp\/v2\/types\/post"}],"author":[{"embeddable":true,"href":"https:\/\/agora.xtec.cat\/ielesvinyes\/wp-json\/wp\/v2\/users\/6"}],"replies":[{"embeddable":true,"href":"https:\/\/agora.xtec.cat\/ielesvinyes\/wp-json\/wp\/v2\/comments?post=3076"}],"version-history":[{"count":0,"href":"https:\/\/agora.xtec.cat\/ielesvinyes\/wp-json\/wp\/v2\/posts\/3076\/revisions"}],"wp:featuredmedia":[{"embeddable":true,"href":"https:\/\/agora.xtec.cat\/ielesvinyes\/wp-json\/wp\/v2\/media\/2793"}],"wp:attachment":[{"href":"https:\/\/agora.xtec.cat\/ielesvinyes\/wp-json\/wp\/v2\/media?parent=3076"}],"wp:term":[{"taxonomy":"category","embeddable":true,"href":"https:\/\/agora.xtec.cat\/ielesvinyes\/wp-json\/wp\/v2\/categories?post=3076"},{"taxonomy":"post_tag","embeddable":true,"href":"https:\/\/agora.xtec.cat\/ielesvinyes\/wp-json\/wp\/v2\/tags?post=3076"}],"curies":[{"name":"wp","href":"https:\/\/api.w.org\/{rel}","templated":true}]}}