{"id":3073,"date":"2014-12-15T14:54:56","date_gmt":"2014-12-15T12:54:56","guid":{"rendered":"http:\/\/ielesvinyes.net\/?p=2078"},"modified":"2014-12-15T14:54:56","modified_gmt":"2014-12-15T12:54:56","slug":"calendari-dels-ultims-dies-de-trimestre","status":"publish","type":"post","link":"https:\/\/agora.xtec.cat\/ielesvinyes\/general\/calendari-dels-ultims-dies-de-trimestre\/","title":{"rendered":"Calendari dels \u00faltims dies de trimestre"},"content":{"rendered":"<p>S\u2019acosta el final del primer trimestre i el calendari ens recorda que les festes de Nadal s\u00f3n ben a prop.<\/p>\n<p>Us informem\u00a0de diverses q\u00fcestions:<\/p>\n<p><span style=\"color: #339966;\"><strong>FESTA DE NADAL INFANTIL I PRIM\u00c0RIA<\/strong><\/span><\/p>\n<p>Dimarts 23 de desembre, a les 11.00 h. al gimn\u00e0s de l\u2019Institut Escola, els nens i nenes de P3, P4, P5, 1r i 2n de Prim\u00e0ria us presentaran l\u2019espectacle \u201cEl nadal de la Vinyet\u201d.<br \/>\nLes fam\u00edlies rebreu dues entrades per poder assistir a l\u2019acte.<\/p>\n<p>Us recordem que aquest dia es fa jornada intensiva i acabarem a les 13h.<\/p>\n<p><span style=\"color: #339966;\"><strong>RECOLLIDA DE JOGUINES<\/strong><\/span><\/p>\n<p>Hi ha unes caixes al vest\u00edbul de l\u2019Institut Escola per tal que pugueu col\u2022laborar en la Campanya \u201cCap infant sense joguina\u201d que organitza l\u2019Ajuntament de Castellbisbal, dipositant-hi joguines noves o en bon estat, que no siguin b\u00e8l\u2022liques.<\/p>\n<p><span style=\"color: #339966;\"><strong>RECOLLIDA D\u2019ALIMENTS<\/strong><\/span><\/p>\n<p>Trobareu tamb\u00e9 una altra caixa al vest\u00edbul per tal de col\u2022laborar en aquesta campanya solid\u00e0ria. El menjar que es demana \u00e9s: pasta, llegums seques, conserves de tot tipus, arr\u00f2s, oli, galetes&#8230; (Per\u00f2 res en pots de vidre!). Tots aquests aliments es destinaran al Banc d&#8217;Aliments de Castellbisbal.<\/p>\n<p>Des de l\u2019Institut Escola aprofitem les ocasions que ens arriben per potenciar valors com la solidaritat, el respecte, etc., demanem doncs la vostra complicitat davant d\u2019aquesta tasca educativa.<\/p>\n<p><span style=\"color: #339966;\"><strong>PRESENTACIONS DELS PROJECTES D\u2019ESO<\/strong><\/span><\/p>\n<p>Els nois i noies de Secund\u00e0ria estan acabant els seus respectius projectes trimestrals i us conviden a les diverses presentacions:<\/p>\n<p><strong>1r d\u2019ESO \u201cItineraris\u201d\u00a0<\/strong><\/p>\n<figure id=\"attachment_2081\" aria-describedby=\"caption-attachment-2081\" style=\"width: 300px\" class=\"wp-caption alignright\"><a href=\"http:\/\/agora.xtec.cat\/ielesvinyes\/wp-content\/uploads\/usu1433\/2014\/12\/projecte-1r-ESO.jpg\"><img loading=\"lazy\" decoding=\"async\" class=\"size-medium wp-image-2081\" src=\"http:\/\/agora.xtec.cat\/ielesvinyes\/wp-content\/uploads\/usu1433\/2014\/12\/projecte-1r-ESO-300x200.jpg\" alt=\"Activitat del projecte &quot;Itineraris&quot; de 1r d'ESO\" width=\"300\" height=\"200\" srcset=\"https:\/\/agora.xtec.cat\/ielesvinyes\/wp-content\/uploads\/usu1433\/2014\/12\/projecte-1r-ESO-300x200.jpg 300w, https:\/\/agora.xtec.cat\/ielesvinyes\/wp-content\/uploads\/usu1433\/2014\/12\/projecte-1r-ESO.jpg 640w\" sizes=\"auto, (max-width: 300px) 100vw, 300px\" \/><\/a><figcaption id=\"caption-attachment-2081\" class=\"wp-caption-text\">Activitat del projecte &#8220;Itineraris&#8221; de 1r d&#8217;ESO<\/figcaption><\/figure>\n<p>Divendres 19 de desembre a les 13h. a la Biblioteca del centre<\/p>\n<p><strong>2n d\u2019ESO \u201cLa llum \u2013 El documental\u201d<\/strong><br \/>\nDilluns 22 de desembre a les 13h. al Gimn\u00e0s del centre.<\/p>\n<p><strong>3r d\u2019ESO \u201cBe healthy!\u201d<\/strong><br \/>\nDilluns 22 de desembre a les 12:40h. a la Biblioteca del centre.<\/p>\n<p><span style=\"color: #339966;\"><strong>ENTREGA DE NOTES D\u2019ESO<\/strong><\/span><\/p>\n<p>Us recordem que el dimarts 23 de desembre al mat\u00ed no hi haur\u00e0 activitat lectiva amb l\u2019alumnat d\u2019ESO perqu\u00e8 els tutors\/es individuals entregaran les notes del 1r trimestre a les fam\u00edlies.<\/p>\n<p>Aprofitem l\u2019avinentesa per desitjar-vos unes bones festes i una bona entrada d\u2019any.<\/p>\n<p>Atentament,<\/p>\n<p><em>El claustre de l\u2019IE Les Vinyes<\/em><\/p>\n","protected":false},"excerpt":{"rendered":"<p>S\u2019acosta el final del primer trimestre i el calendari ens recorda que les festes de Nadal s\u00f3n ben a prop. Us informem\u00a0de diverses q\u00fcestions: FESTA DE NADAL INFANTIL I PRIM\u00c0RIA Dimarts 23 de desembre, a les 11.00 h. al gimn\u00e0s de l\u2019Institut Escola, els nens i nenes de P3, P4, P5, 1r i 2n de [&hellip;]<\/p>\n","protected":false},"author":6,"featured_media":2081,"comment_status":"open","ping_status":"open","sticky":false,"template":"","format":"standard","meta":{"_bbp_topic_count":0,"_bbp_reply_count":0,"_bbp_total_topic_count":0,"_bbp_total_reply_count":0,"_bbp_voice_count":0,"_bbp_anonymous_reply_count":0,"_bbp_topic_count_hidden":0,"_bbp_reply_count_hidden":0,"_bbp_forum_subforum_count":0,"site-sidebar-layout":"default","site-content-layout":"","ast-site-content-layout":"","site-content-style":"default","site-sidebar-style":"default","ast-global-header-display":"","ast-banner-title-visibility":"","ast-main-header-display":"","ast-hfb-above-header-display":"","ast-hfb-below-header-display":"","ast-hfb-mobile-header-display":"","site-post-title":"","ast-breadcrumbs-content":"","ast-featured-img":"","footer-sml-layout":"","theme-transparent-header-meta":"","adv-header-id-meta":"","stick-header-meta":"","header-above-stick-meta":"","header-main-stick-meta":"","header-below-stick-meta":"","astra-migrate-meta-layouts":"default","ast-page-background-enabled":"default","ast-page-background-meta":{"desktop":{"background-color":"var(--ast-global-color-4)","background-image":"","background-repeat":"repeat","background-position":"center center","background-size":"auto","background-attachment":"scroll","background-type":"","background-media":"","overlay-type":"","overlay-color":"","overlay-opacity":"","overlay-gradient":""},"tablet":{"background-color":"","background-image":"","background-repeat":"repeat","background-position":"center center","background-size":"auto","background-attachment":"scroll","background-type":"","background-media":"","overlay-type":"","overlay-color":"","overlay-opacity":"","overlay-gradient":""},"mobile":{"background-color":"","background-image":"","background-repeat":"repeat","background-position":"center center","background-size":"auto","background-attachment":"scroll","background-type":"","background-media":"","overlay-type":"","overlay-color":"","overlay-opacity":"","overlay-gradient":""}},"ast-content-background-meta":{"desktop":{"background-color":"var(--ast-global-color-5)","background-image":"","background-repeat":"repeat","background-position":"center center","background-size":"auto","background-attachment":"scroll","background-type":"","background-media":"","overlay-type":"","overlay-color":"","overlay-opacity":"","overlay-gradient":""},"tablet":{"background-color":"var(--ast-global-color-5)","background-image":"","background-repeat":"repeat","background-position":"center center","background-size":"auto","background-attachment":"scroll","background-type":"","background-media":"","overlay-type":"","overlay-color":"","overlay-opacity":"","overlay-gradient":""},"mobile":{"background-color":"var(--ast-global-color-5)","background-image":"","background-repeat":"repeat","background-position":"center center","background-size":"auto","background-attachment":"scroll","background-type":"","background-media":"","overlay-type":"","overlay-color":"","overlay-opacity":"","overlay-gradient":""}},"footnotes":""},"categories":[111,1,100,301],"tags":[],"class_list":["post-3073","post","type-post","status-publish","format-standard","has-post-thumbnail","hentry","category-2014-15","category-general","category-infipri","category-secundaria"],"post_mailing_queue_ids":[],"_links":{"self":[{"href":"https:\/\/agora.xtec.cat\/ielesvinyes\/wp-json\/wp\/v2\/posts\/3073","targetHints":{"allow":["GET"]}}],"collection":[{"href":"https:\/\/agora.xtec.cat\/ielesvinyes\/wp-json\/wp\/v2\/posts"}],"about":[{"href":"https:\/\/agora.xtec.cat\/ielesvinyes\/wp-json\/wp\/v2\/types\/post"}],"author":[{"embeddable":true,"href":"https:\/\/agora.xtec.cat\/ielesvinyes\/wp-json\/wp\/v2\/users\/6"}],"replies":[{"embeddable":true,"href":"https:\/\/agora.xtec.cat\/ielesvinyes\/wp-json\/wp\/v2\/comments?post=3073"}],"version-history":[{"count":0,"href":"https:\/\/agora.xtec.cat\/ielesvinyes\/wp-json\/wp\/v2\/posts\/3073\/revisions"}],"wp:featuredmedia":[{"embeddable":true,"href":"https:\/\/agora.xtec.cat\/ielesvinyes\/wp-json\/wp\/v2\/media\/2081"}],"wp:attachment":[{"href":"https:\/\/agora.xtec.cat\/ielesvinyes\/wp-json\/wp\/v2\/media?parent=3073"}],"wp:term":[{"taxonomy":"category","embeddable":true,"href":"https:\/\/agora.xtec.cat\/ielesvinyes\/wp-json\/wp\/v2\/categories?post=3073"},{"taxonomy":"post_tag","embeddable":true,"href":"https:\/\/agora.xtec.cat\/ielesvinyes\/wp-json\/wp\/v2\/tags?post=3073"}],"curies":[{"name":"wp","href":"https:\/\/api.w.org\/{rel}","templated":true}]}}