{"id":3071,"date":"2014-10-31T08:00:35","date_gmt":"2014-10-31T06:00:35","guid":{"rendered":"http:\/\/ielesvinyes.net\/?p=2002"},"modified":"2014-10-31T08:00:35","modified_gmt":"2014-10-31T06:00:35","slug":"castanyada-a-les-vinyes","status":"publish","type":"post","link":"https:\/\/agora.xtec.cat\/ielesvinyes\/general\/castanyada-a-les-vinyes\/","title":{"rendered":"Castanyada a Les Vinyes!"},"content":{"rendered":"<p style=\"text-align: justify;\"><a href=\"http:\/\/agora.xtec.cat\/ielesvinyes\/wp-content\/uploads\/usu1433\/2014\/10\/castanyera.jpg\"><img loading=\"lazy\" decoding=\"async\" class=\"alignleft size-medium wp-image-2003\" src=\"http:\/\/agora.xtec.cat\/ielesvinyes\/wp-content\/uploads\/usu1433\/2014\/10\/castanyera-300x204.jpg\" alt=\"castanyera\" width=\"300\" height=\"204\" \/><\/a>Tot i que el fred sembla que vulgui fer vacances, <strong>les castanyes i els panellets han arribat a Les Vinyes!<\/strong><\/p>\n<p style=\"text-align: justify;\">Aquests dies ho hem estat preparant tot per gaudir d&#8217;aquesta festa tan peculiar: hem treballat el significat de la tradici\u00f3, hem organitzat un debat Castanyada <em>vs<\/em> Halloween, hem decorat els nostres racons, hem fet coques de tardor i panellets&#8230; i avui toca gaudir-ne! Al llarg del dia d&#8217;avui, els nens i les nenes d&#8217;infantil i prim\u00e0ria descobriran els fruits de la tardor a l&#8217;exposici\u00f3 organitzada pels alumnes de secund\u00e0ria, coneixeran la castanyera i tastaran els panellets fets a l&#8217;optativa de &#8220;Cuina sense fogons&#8221;.<\/p>\n<p style=\"text-align: justify;\">A la tarda, podreu passejar per la pla\u00e7a de l&#8217;Esgl\u00e9sia on hi trobareu, entre d&#8217;altres coses, <strong>una<\/strong> <strong>parada organitzada per l&#8217;AMPA<\/strong> amb manualitats relacionades amb la Castanyada per als m\u00e9s menuts i <strong>un espai organitzat per l&#8217;alumnat de 4t d&#8217;ESO<\/strong> (amb la col\u00b7laboraci\u00f3 de les fam\u00edlies) amb activitats, inspirades en el <em>Halloween<\/em>, per recaptar diners de cara al viatge de final d&#8217;etapa. Entre d&#8217;altres coses hi haur\u00e0 berenar pels m\u00e9s petits amb uns venedors un p\u00e8l esgarrifats, varietat de sucs amb els quals despr\u00e9s tamb\u00e9 podreu triar l&#8217;opci\u00f3 de c\u00f2ctel sense alcohol (preparats per ells mateixos).<\/p>\n<p style=\"text-align: justify;\"><strong>Us hi esperem!<\/strong><\/p>\n<p style=\"text-align: justify;\">Properament podreu trobar els \u00e0lbums de fotografies de les activitats al <em>Flickr<\/em> de l&#8217;Institut Escola.<\/p>\n","protected":false},"excerpt":{"rendered":"<p>Tot i que el fred sembla que vulgui fer vacances, les castanyes i els panellets han arribat a Les Vinyes! Aquests dies ho hem estat preparant tot per gaudir d&#8217;aquesta festa tan peculiar: hem treballat el significat de la tradici\u00f3, hem organitzat un debat Castanyada vs Halloween, hem decorat els nostres racons, hem fet coques [&hellip;]<\/p>\n","protected":false},"author":6,"featured_media":2003,"comment_status":"open","ping_status":"open","sticky":false,"template":"","format":"standard","meta":{"_bbp_topic_count":0,"_bbp_reply_count":0,"_bbp_total_topic_count":0,"_bbp_total_reply_count":0,"_bbp_voice_count":0,"_bbp_anonymous_reply_count":0,"_bbp_topic_count_hidden":0,"_bbp_reply_count_hidden":0,"_bbp_forum_subforum_count":0,"site-sidebar-layout":"default","site-content-layout":"","ast-site-content-layout":"","site-content-style":"default","site-sidebar-style":"default","ast-global-header-display":"","ast-banner-title-visibility":"","ast-main-header-display":"","ast-hfb-above-header-display":"","ast-hfb-below-header-display":"","ast-hfb-mobile-header-display":"","site-post-title":"","ast-breadcrumbs-content":"","ast-featured-img":"","footer-sml-layout":"","theme-transparent-header-meta":"","adv-header-id-meta":"","stick-header-meta":"","header-above-stick-meta":"","header-main-stick-meta":"","header-below-stick-meta":"","astra-migrate-meta-layouts":"default","ast-page-background-enabled":"default","ast-page-background-meta":{"desktop":{"background-color":"var(--ast-global-color-4)","background-image":"","background-repeat":"repeat","background-position":"center center","background-size":"auto","background-attachment":"scroll","background-type":"","background-media":"","overlay-type":"","overlay-color":"","overlay-opacity":"","overlay-gradient":""},"tablet":{"background-color":"","background-image":"","background-repeat":"repeat","background-position":"center center","background-size":"auto","background-attachment":"scroll","background-type":"","background-media":"","overlay-type":"","overlay-color":"","overlay-opacity":"","overlay-gradient":""},"mobile":{"background-color":"","background-image":"","background-repeat":"repeat","background-position":"center center","background-size":"auto","background-attachment":"scroll","background-type":"","background-media":"","overlay-type":"","overlay-color":"","overlay-opacity":"","overlay-gradient":""}},"ast-content-background-meta":{"desktop":{"background-color":"var(--ast-global-color-5)","background-image":"","background-repeat":"repeat","background-position":"center center","background-size":"auto","background-attachment":"scroll","background-type":"","background-media":"","overlay-type":"","overlay-color":"","overlay-opacity":"","overlay-gradient":""},"tablet":{"background-color":"var(--ast-global-color-5)","background-image":"","background-repeat":"repeat","background-position":"center center","background-size":"auto","background-attachment":"scroll","background-type":"","background-media":"","overlay-type":"","overlay-color":"","overlay-opacity":"","overlay-gradient":""},"mobile":{"background-color":"var(--ast-global-color-5)","background-image":"","background-repeat":"repeat","background-position":"center center","background-size":"auto","background-attachment":"scroll","background-type":"","background-media":"","overlay-type":"","overlay-color":"","overlay-opacity":"","overlay-gradient":""}},"footnotes":""},"categories":[111,1,100,301],"tags":[179],"class_list":["post-3071","post","type-post","status-publish","format-standard","has-post-thumbnail","hentry","category-2014-15","category-general","category-infipri","category-secundaria","tag-castanyada"],"post_mailing_queue_ids":[],"_links":{"self":[{"href":"https:\/\/agora.xtec.cat\/ielesvinyes\/wp-json\/wp\/v2\/posts\/3071","targetHints":{"allow":["GET"]}}],"collection":[{"href":"https:\/\/agora.xtec.cat\/ielesvinyes\/wp-json\/wp\/v2\/posts"}],"about":[{"href":"https:\/\/agora.xtec.cat\/ielesvinyes\/wp-json\/wp\/v2\/types\/post"}],"author":[{"embeddable":true,"href":"https:\/\/agora.xtec.cat\/ielesvinyes\/wp-json\/wp\/v2\/users\/6"}],"replies":[{"embeddable":true,"href":"https:\/\/agora.xtec.cat\/ielesvinyes\/wp-json\/wp\/v2\/comments?post=3071"}],"version-history":[{"count":0,"href":"https:\/\/agora.xtec.cat\/ielesvinyes\/wp-json\/wp\/v2\/posts\/3071\/revisions"}],"wp:featuredmedia":[{"embeddable":true,"href":"https:\/\/agora.xtec.cat\/ielesvinyes\/wp-json\/wp\/v2\/media\/2003"}],"wp:attachment":[{"href":"https:\/\/agora.xtec.cat\/ielesvinyes\/wp-json\/wp\/v2\/media?parent=3071"}],"wp:term":[{"taxonomy":"category","embeddable":true,"href":"https:\/\/agora.xtec.cat\/ielesvinyes\/wp-json\/wp\/v2\/categories?post=3071"},{"taxonomy":"post_tag","embeddable":true,"href":"https:\/\/agora.xtec.cat\/ielesvinyes\/wp-json\/wp\/v2\/tags?post=3071"}],"curies":[{"name":"wp","href":"https:\/\/api.w.org\/{rel}","templated":true}]}}