{"id":3070,"date":"2014-10-30T12:42:07","date_gmt":"2014-10-30T10:42:07","guid":{"rendered":"http:\/\/ielesvinyes.net\/?p=1995"},"modified":"2014-10-30T12:42:07","modified_gmt":"2014-10-30T10:42:07","slug":"les-mestres-de-la-republica-a-la-setmana-de-la-gent-gran","status":"publish","type":"post","link":"https:\/\/agora.xtec.cat\/ielesvinyes\/general\/les-mestres-de-la-republica-a-la-setmana-de-la-gent-gran\/","title":{"rendered":"Les mestres de la rep\u00fablica a la &quot;Setmana de la gent gran&quot;"},"content":{"rendered":"<p>El passat 16 d&#8217;octubre vam participar en \u201cLa setmana de la gent gran\u201d, una iniciativa de l&#8217;Ajuntament de Castellbisbal, a la qual vam ser convidats els dos instituts del poble. Una quinzena d&#8217;alumnes van participar volunt\u00e0riament com a conductors d\u2019un f\u00f2rum que vam fer a \u201cEls Costals\u201d; all\u00ed vam veure un excel\u00b7lent documental sobre \u201cLes Mestres de la rep\u00fablica\u201d, que vam poder comentar despr\u00e9s de veure\u2019l tots junts, amb uns 150 ve\u00efns i ve\u00efnes del poble, els quals ens van contar els records sobre l\u2019escola franquista que havien viscut. El documental \u00e9s una del\u00edcia que ens va emocionar i ens va recordar idees i moments excel\u00b7lents sobre l\u2019escola d\u2019aquell moment.<\/p>\n<figure id=\"attachment_1998\" aria-describedby=\"caption-attachment-1998\" style=\"width: 502px\" class=\"wp-caption aligncenter\"><a href=\"http:\/\/agora.xtec.cat\/ielesvinyes\/wp-content\/uploads\/usu1433\/2014\/10\/acte-als-Costals.jpg\"><img loading=\"lazy\" decoding=\"async\" class=\"wp-image-1998 size-full\" src=\"http:\/\/agora.xtec.cat\/ielesvinyes\/wp-content\/uploads\/usu1433\/2014\/10\/acte-als-Costals.jpg\" alt=\"Acte als Costals amb l'alumnat i les direccions dels centres.\" width=\"502\" height=\"275\" srcset=\"https:\/\/agora.xtec.cat\/ielesvinyes\/wp-content\/uploads\/usu1433\/2014\/10\/acte-als-Costals.jpg 502w, https:\/\/agora.xtec.cat\/ielesvinyes\/wp-content\/uploads\/usu1433\/2014\/10\/acte-als-Costals-300x164.jpg 300w\" sizes=\"auto, (max-width: 502px) 100vw, 502px\" \/><\/a><figcaption id=\"caption-attachment-1998\" class=\"wp-caption-text\">Acte als Costals amb l&#8217;alumnat i les direccions dels centres Castellbisbal i Les Vinyes.<\/figcaption><\/figure>\n<p>L&#8217;educaci\u00f3 a Catalunya va viure el millor moment de la seva hist\u00f2ria. S\u2019utilitzaven els m\u00e8todes pedag\u00f2gics m\u00e9s avan\u00e7ats i pedagogs de la talla de Maria Montessori se sentien, al nostre pa\u00eds, com a casa seva. Era una escola catalana, moderna, coeducadora, laica -per\u00f2 amb un gran respecte i toler\u00e0ncia envers la religi\u00f3 de cada alumne-, de qualitat, que partia de l\u2019observaci\u00f3 i l\u2019experimentaci\u00f3, oberta, compromesa, al servei del pa\u00eds. Era una escola que ensenyava a pensar, que formava ciutadans, en definitiva, que posava l\u2019alumne en el centre del sistema educatiu. Era tamb\u00e9 una escola que dignificava i reconeixia socialment el paper dels mestres. L&#8217;Institut-Escola Les Vinyes ens sentim hereus d&#8217;aquest esperit.<\/p>\n<p>L\u2019educaci\u00f3 era una pe\u00e7a b\u00e0sica en la construcci\u00f3 del pa\u00eds. L\u2019objectiu era transformar la societat des de l\u2019escola. I pol\u00edtics i mestres van caminar junts en aquesta direcci\u00f3. Va ser el millor llegat que ens va deixar la Rep\u00fablica. I qui eren aquests mestres? Gent activa, compromesa, entusiasta, amb inquietuds, amb ganes de canviar l\u2019escola.<\/p>\n<p>Malauradament, el franquisme va acabar amb tot aix\u00f2 i els nostres contertulis, alumnes d\u2019aquell retroc\u00e9s escolar ens ho van recordar. Va ser una tert\u00falia molt interessant i emotiva.<br \/>\nLes i els nostres alumnes van acabar satisfets i contents d\u2019aquella trobada i es van oferir per la propera si era semblant.<\/p>\n<p>Gr\u00e0cies a l\u2019ajuntament per la iniciativa i a tots i a totes pel moment que vam viure junts.<\/p>\n<p style=\"text-align: right;\">Maria Beneyto, professora del centre<\/p>\n","protected":false},"excerpt":{"rendered":"<p>El passat 16 d&#8217;octubre vam participar en \u201cLa setmana de la gent gran\u201d, una iniciativa de l&#8217;Ajuntament de Castellbisbal, a la qual vam ser convidats els dos instituts del poble. Una quinzena d&#8217;alumnes van participar volunt\u00e0riament com a conductors d\u2019un f\u00f2rum que vam fer a \u201cEls Costals\u201d; all\u00ed vam veure un excel\u00b7lent documental sobre \u201cLes [&hellip;]<\/p>\n","protected":false},"author":1,"featured_media":1998,"comment_status":"open","ping_status":"open","sticky":false,"template":"","format":"standard","meta":{"_bbp_topic_count":0,"_bbp_reply_count":0,"_bbp_total_topic_count":0,"_bbp_total_reply_count":0,"_bbp_voice_count":0,"_bbp_anonymous_reply_count":0,"_bbp_topic_count_hidden":0,"_bbp_reply_count_hidden":0,"_bbp_forum_subforum_count":0,"site-sidebar-layout":"default","site-content-layout":"","ast-site-content-layout":"","site-content-style":"default","site-sidebar-style":"default","ast-global-header-display":"","ast-banner-title-visibility":"","ast-main-header-display":"","ast-hfb-above-header-display":"","ast-hfb-below-header-display":"","ast-hfb-mobile-header-display":"","site-post-title":"","ast-breadcrumbs-content":"","ast-featured-img":"","footer-sml-layout":"","theme-transparent-header-meta":"","adv-header-id-meta":"","stick-header-meta":"","header-above-stick-meta":"","header-main-stick-meta":"","header-below-stick-meta":"","astra-migrate-meta-layouts":"default","ast-page-background-enabled":"default","ast-page-background-meta":{"desktop":{"background-color":"var(--ast-global-color-4)","background-image":"","background-repeat":"repeat","background-position":"center center","background-size":"auto","background-attachment":"scroll","background-type":"","background-media":"","overlay-type":"","overlay-color":"","overlay-opacity":"","overlay-gradient":""},"tablet":{"background-color":"","background-image":"","background-repeat":"repeat","background-position":"center center","background-size":"auto","background-attachment":"scroll","background-type":"","background-media":"","overlay-type":"","overlay-color":"","overlay-opacity":"","overlay-gradient":""},"mobile":{"background-color":"","background-image":"","background-repeat":"repeat","background-position":"center center","background-size":"auto","background-attachment":"scroll","background-type":"","background-media":"","overlay-type":"","overlay-color":"","overlay-opacity":"","overlay-gradient":""}},"ast-content-background-meta":{"desktop":{"background-color":"var(--ast-global-color-5)","background-image":"","background-repeat":"repeat","background-position":"center center","background-size":"auto","background-attachment":"scroll","background-type":"","background-media":"","overlay-type":"","overlay-color":"","overlay-opacity":"","overlay-gradient":""},"tablet":{"background-color":"var(--ast-global-color-5)","background-image":"","background-repeat":"repeat","background-position":"center center","background-size":"auto","background-attachment":"scroll","background-type":"","background-media":"","overlay-type":"","overlay-color":"","overlay-opacity":"","overlay-gradient":""},"mobile":{"background-color":"var(--ast-global-color-5)","background-image":"","background-repeat":"repeat","background-position":"center center","background-size":"auto","background-attachment":"scroll","background-type":"","background-media":"","overlay-type":"","overlay-color":"","overlay-opacity":"","overlay-gradient":""}},"footnotes":""},"categories":[111,1,301],"tags":[341,342],"class_list":["post-3070","post","type-post","status-publish","format-standard","has-post-thumbnail","hentry","category-2014-15","category-general","category-secundaria","tag-acte","tag-gent-gran"],"post_mailing_queue_ids":[],"_links":{"self":[{"href":"https:\/\/agora.xtec.cat\/ielesvinyes\/wp-json\/wp\/v2\/posts\/3070","targetHints":{"allow":["GET"]}}],"collection":[{"href":"https:\/\/agora.xtec.cat\/ielesvinyes\/wp-json\/wp\/v2\/posts"}],"about":[{"href":"https:\/\/agora.xtec.cat\/ielesvinyes\/wp-json\/wp\/v2\/types\/post"}],"author":[{"embeddable":true,"href":"https:\/\/agora.xtec.cat\/ielesvinyes\/wp-json\/wp\/v2\/users\/1"}],"replies":[{"embeddable":true,"href":"https:\/\/agora.xtec.cat\/ielesvinyes\/wp-json\/wp\/v2\/comments?post=3070"}],"version-history":[{"count":0,"href":"https:\/\/agora.xtec.cat\/ielesvinyes\/wp-json\/wp\/v2\/posts\/3070\/revisions"}],"wp:featuredmedia":[{"embeddable":true,"href":"https:\/\/agora.xtec.cat\/ielesvinyes\/wp-json\/wp\/v2\/media\/1998"}],"wp:attachment":[{"href":"https:\/\/agora.xtec.cat\/ielesvinyes\/wp-json\/wp\/v2\/media?parent=3070"}],"wp:term":[{"taxonomy":"category","embeddable":true,"href":"https:\/\/agora.xtec.cat\/ielesvinyes\/wp-json\/wp\/v2\/categories?post=3070"},{"taxonomy":"post_tag","embeddable":true,"href":"https:\/\/agora.xtec.cat\/ielesvinyes\/wp-json\/wp\/v2\/tags?post=3070"}],"curies":[{"name":"wp","href":"https:\/\/api.w.org\/{rel}","templated":true}]}}