{"id":3064,"date":"2014-06-16T08:00:36","date_gmt":"2014-06-16T07:00:36","guid":{"rendered":"http:\/\/ielesvinyes.net\/?p=1848"},"modified":"2014-06-16T08:00:36","modified_gmt":"2014-06-16T07:00:36","slug":"excursio-de-final-de-curs-de-les-vinyes","status":"publish","type":"post","link":"https:\/\/agora.xtec.cat\/ielesvinyes\/general\/excursio-de-final-de-curs-de-les-vinyes\/","title":{"rendered":"Excursi\u00f3 de final de curs de Les Vinyes"},"content":{"rendered":"<p>Divendres passat, grans i petits de l&#8217;<strong>Institut Escola Les Vinyes<\/strong> vam anar d&#8217;excursi\u00f3 al Parc Natural de Sant Lloren\u00e7 del Munt i l&#8217;Obac. Concretament, vam passar el dia pels entorns de la <strong>Casa Nova de l&#8217;Obac<\/strong>.<\/p>\n<figure id=\"attachment_1851\" aria-describedby=\"caption-attachment-1851\" style=\"width: 300px\" class=\"wp-caption aligncenter\"><a title=\"\u00c0lbum de fotografies de l'excursi\u00f3\" href=\"https:\/\/www.flickr.com\/photos\/ielesvinyes\/sets\/72157645147728182\/page4\/\" target=\"_blank\"><img loading=\"lazy\" decoding=\"async\" class=\"size-medium wp-image-1851\" src=\"http:\/\/agora.xtec.cat\/ielesvinyes\/wp-content\/uploads\/usu1433\/2014\/06\/2n-dESO-300x225.jpg\" alt=\"L'alumnat de 2n d'ESO a l'entorn de la Casa Nova de l'Obac.\" width=\"300\" height=\"225\" srcset=\"https:\/\/agora.xtec.cat\/ielesvinyes\/wp-content\/uploads\/usu1433\/2014\/06\/2n-dESO-300x225.jpg 300w, https:\/\/agora.xtec.cat\/ielesvinyes\/wp-content\/uploads\/usu1433\/2014\/06\/2n-dESO-200x150.jpg 200w, https:\/\/agora.xtec.cat\/ielesvinyes\/wp-content\/uploads\/usu1433\/2014\/06\/2n-dESO.jpg 500w\" sizes=\"auto, (max-width: 300px) 100vw, 300px\" \/><\/a><figcaption id=\"caption-attachment-1851\" class=\"wp-caption-text\">L&#8217;alumnat de 2n d&#8217;ESO a l&#8217;entorn de la Casa Nova de l&#8217;Obac.<\/figcaption><\/figure>\n<p>Els primers en arribar a l&#8217;indret van ser <strong>els gan\u00e0pies de l&#8217;ESO<\/strong>. Despr\u00e9s d&#8217;esmorzar van comen\u00e7ar a caminar: l&#8217;alumnat de 3r va pujar fins la torre de guaita i el pou de gla\u00e7, i 1r i 2n van fer una ruta circular pujant fins els Alts de la Pepa i acabant a l&#8217;Obac Vell. Tot i la calor, la gorra, la crema solar i, sobretot, l&#8217;aigua ens van facilitar l&#8217;excursi\u00f3.<\/p>\n<p>En segon lloc, van arribar <strong>les classes de&#8221;&#8221;Els mags i les magues&#8221; i &#8220;Els planetes&#8221;<\/strong>, de 1r de prim\u00e0ria. Carregats d&#8217;energia van fer l&#8217;excursi\u00f3 que els va fer passar per l&#8217;Obac Vell, el pou de gla\u00e7 i fins arribar a la Font de la Portella.<\/p>\n<figure id=\"attachment_1852\" aria-describedby=\"caption-attachment-1852\" style=\"width: 300px\" class=\"wp-caption aligncenter\"><a title=\"\u00c0lbum de fotografies de l'excursi\u00f3\" href=\"https:\/\/www.flickr.com\/photos\/ielesvinyes\/sets\/72157645147728182\/page4\/\" target=\"_blank\"><img loading=\"lazy\" decoding=\"async\" class=\"size-medium wp-image-1852\" src=\"http:\/\/agora.xtec.cat\/ielesvinyes\/wp-content\/uploads\/usu1433\/2014\/06\/1r-esmorzant-300x225.jpg\" alt=\"Les classes d'els &quot;Mags i les magues&quot; i dels &quot;Planetes&quot; esmorzant, a l'Obac Vell.\" width=\"300\" height=\"225\" \/><\/a><figcaption id=\"caption-attachment-1852\" class=\"wp-caption-text\">Les classes d&#8217;els &#8220;Mags i les magues&#8221; i dels &#8220;Planetes&#8221; esmorzant, a l&#8217;Obac Vell.<\/figcaption><\/figure>\n<p>I finalment, van arribar a la Casa Nova els m\u00e9s menuts de Les Vinyes: <strong>&#8220;Els cotxes&#8221;, &#8220;Els ratpenats&#8221;, &#8220;Els llops&#8221; i &#8220;Les serps&#8221;<\/strong>. Ben equipats contra la calor, van posar-se a la pell d&#8217;uns aut\u00e8ntics bandolers i van descobrir els misteris del bosc!<\/p>\n<figure id=\"attachment_1853\" aria-describedby=\"caption-attachment-1853\" style=\"width: 300px\" class=\"wp-caption aligncenter\"><a title=\"\u00c0lbum de fotografies de l'excursi\u00f3\" href=\"https:\/\/www.flickr.com\/photos\/ielesvinyes\/sets\/72157645147728182\/page4\/\" target=\"_blank\"><img loading=\"lazy\" decoding=\"async\" class=\"size-medium wp-image-1853\" src=\"http:\/\/agora.xtec.cat\/ielesvinyes\/wp-content\/uploads\/usu1433\/2014\/06\/P4-300x225.jpg\" alt=\"La classe dels &quot;Ratpenats&quot; en un moment de l'activitat de descoberta.\" width=\"300\" height=\"225\" \/><\/a><figcaption id=\"caption-attachment-1853\" class=\"wp-caption-text\">La classe dels &#8220;Ratpenats&#8221; en un moment de l&#8217;activitat de descoberta.<\/figcaption><\/figure>\n<p>Despr\u00e9s de les respectives activitats, ens vam tornar a trobar a l&#8217;era de la Casa Nova de l&#8217;Obac i <strong>padrins i fillols<\/strong> van fer uns quants jocs per acomiadar el curs.<\/p>\n<figure id=\"attachment_1857\" aria-describedby=\"caption-attachment-1857\" style=\"width: 300px\" class=\"wp-caption alignleft\"><a title=\"\u00c0lbum de fotografies de l'excursi\u00f3\" href=\"https:\/\/www.flickr.com\/photos\/ielesvinyes\/sets\/72157645147728182\/page3\/\" target=\"_blank\"><img loading=\"lazy\" decoding=\"async\" class=\"wp-image-1857 size-medium\" src=\"http:\/\/agora.xtec.cat\/ielesvinyes\/wp-content\/uploads\/usu1433\/2014\/06\/padrins-i-fillols-300x225.jpg\" alt=\"padrins i fillols\" width=\"300\" height=\"225\" \/><\/a><figcaption id=\"caption-attachment-1857\" class=\"wp-caption-text\">La padrina i els seus dos fillols.<\/figcaption><\/figure>\n<p>Amb la gana feta, vam <strong>dinar<\/strong> repartits per les zones amb ombra i ja es va fer l&#8217;hora d&#8217;anar a buscar els autocars. Aix\u00ed doncs, de forma esglaonada, vam anar tornant cap a Castellbisbal.<\/p>\n<p>Ara ens toca encarar l&#8217;<strong>\u00faltima setmana del curs escolar<\/strong>: acabar feines, tancar projectes i presentar-los a les fam\u00edlies, assajar l&#8217;acte de final de curs dels m\u00e9s petits, preparar els \u00e0lbums, entregar els butlletins de notes&#8230; i un llarg etc\u00e8tera que acabar\u00e0 amb la <strong>festa de final de curs<\/strong>, organitzada per l&#8217;AMPA, el <strong>divendres 20 de juny al vespre<\/strong>. Esperem retorbar-nos tots plegats pe desitjar-nos un bon estiu! \ud83d\ude09<\/p>\n","protected":false},"excerpt":{"rendered":"<p>Divendres passat, grans i petits de l&#8217;Institut Escola Les Vinyes vam anar d&#8217;excursi\u00f3 al Parc Natural de Sant Lloren\u00e7 del Munt i l&#8217;Obac. Concretament, vam passar el dia pels entorns de la Casa Nova de l&#8217;Obac. Els primers en arribar a l&#8217;indret van ser els gan\u00e0pies de l&#8217;ESO. Despr\u00e9s d&#8217;esmorzar van comen\u00e7ar a caminar: l&#8217;alumnat [&hellip;]<\/p>\n","protected":false},"author":6,"featured_media":0,"comment_status":"open","ping_status":"open","sticky":false,"template":"","format":"standard","meta":{"_bbp_topic_count":0,"_bbp_reply_count":0,"_bbp_total_topic_count":0,"_bbp_total_reply_count":0,"_bbp_voice_count":0,"_bbp_anonymous_reply_count":0,"_bbp_topic_count_hidden":0,"_bbp_reply_count_hidden":0,"_bbp_forum_subforum_count":0,"site-sidebar-layout":"default","site-content-layout":"","ast-site-content-layout":"","site-content-style":"default","site-sidebar-style":"default","ast-global-header-display":"","ast-banner-title-visibility":"","ast-main-header-display":"","ast-hfb-above-header-display":"","ast-hfb-below-header-display":"","ast-hfb-mobile-header-display":"","site-post-title":"","ast-breadcrumbs-content":"","ast-featured-img":"","footer-sml-layout":"","theme-transparent-header-meta":"","adv-header-id-meta":"","stick-header-meta":"","header-above-stick-meta":"","header-main-stick-meta":"","header-below-stick-meta":"","astra-migrate-meta-layouts":"default","ast-page-background-enabled":"default","ast-page-background-meta":{"desktop":{"background-color":"var(--ast-global-color-4)","background-image":"","background-repeat":"repeat","background-position":"center center","background-size":"auto","background-attachment":"scroll","background-type":"","background-media":"","overlay-type":"","overlay-color":"","overlay-opacity":"","overlay-gradient":""},"tablet":{"background-color":"","background-image":"","background-repeat":"repeat","background-position":"center center","background-size":"auto","background-attachment":"scroll","background-type":"","background-media":"","overlay-type":"","overlay-color":"","overlay-opacity":"","overlay-gradient":""},"mobile":{"background-color":"","background-image":"","background-repeat":"repeat","background-position":"center center","background-size":"auto","background-attachment":"scroll","background-type":"","background-media":"","overlay-type":"","overlay-color":"","overlay-opacity":"","overlay-gradient":""}},"ast-content-background-meta":{"desktop":{"background-color":"var(--ast-global-color-5)","background-image":"","background-repeat":"repeat","background-position":"center center","background-size":"auto","background-attachment":"scroll","background-type":"","background-media":"","overlay-type":"","overlay-color":"","overlay-opacity":"","overlay-gradient":""},"tablet":{"background-color":"var(--ast-global-color-5)","background-image":"","background-repeat":"repeat","background-position":"center center","background-size":"auto","background-attachment":"scroll","background-type":"","background-media":"","overlay-type":"","overlay-color":"","overlay-opacity":"","overlay-gradient":""},"mobile":{"background-color":"var(--ast-global-color-5)","background-image":"","background-repeat":"repeat","background-position":"center center","background-size":"auto","background-attachment":"scroll","background-type":"","background-media":"","overlay-type":"","overlay-color":"","overlay-opacity":"","overlay-gradient":""}},"footnotes":""},"categories":[110,1,100,301,116],"tags":[],"class_list":["post-3064","post","type-post","status-publish","format-standard","hentry","category-2013-14","category-general","category-infipri","category-secundaria","category-sortida"],"post_mailing_queue_ids":[],"_links":{"self":[{"href":"https:\/\/agora.xtec.cat\/ielesvinyes\/wp-json\/wp\/v2\/posts\/3064","targetHints":{"allow":["GET"]}}],"collection":[{"href":"https:\/\/agora.xtec.cat\/ielesvinyes\/wp-json\/wp\/v2\/posts"}],"about":[{"href":"https:\/\/agora.xtec.cat\/ielesvinyes\/wp-json\/wp\/v2\/types\/post"}],"author":[{"embeddable":true,"href":"https:\/\/agora.xtec.cat\/ielesvinyes\/wp-json\/wp\/v2\/users\/6"}],"replies":[{"embeddable":true,"href":"https:\/\/agora.xtec.cat\/ielesvinyes\/wp-json\/wp\/v2\/comments?post=3064"}],"version-history":[{"count":0,"href":"https:\/\/agora.xtec.cat\/ielesvinyes\/wp-json\/wp\/v2\/posts\/3064\/revisions"}],"wp:attachment":[{"href":"https:\/\/agora.xtec.cat\/ielesvinyes\/wp-json\/wp\/v2\/media?parent=3064"}],"wp:term":[{"taxonomy":"category","embeddable":true,"href":"https:\/\/agora.xtec.cat\/ielesvinyes\/wp-json\/wp\/v2\/categories?post=3064"},{"taxonomy":"post_tag","embeddable":true,"href":"https:\/\/agora.xtec.cat\/ielesvinyes\/wp-json\/wp\/v2\/tags?post=3064"}],"curies":[{"name":"wp","href":"https:\/\/api.w.org\/{rel}","templated":true}]}}