{"id":3062,"date":"2014-04-11T15:12:48","date_gmt":"2014-04-11T14:12:48","guid":{"rendered":"http:\/\/ielesvinyes.net\/?p=1791"},"modified":"2014-04-11T15:12:48","modified_gmt":"2014-04-11T14:12:48","slug":"comunicat-a-la-comunitat-educativa","status":"publish","type":"post","link":"https:\/\/agora.xtec.cat\/ielesvinyes\/2013-14\/comunicat-a-la-comunitat-educativa\/","title":{"rendered":"Comunicat a la comunitat educativa"},"content":{"rendered":"<p>Els docents del Claustre de l&#8217;Institut-Escola Les Vinyes manifestem el nostre agra\u00efment a totes les fam\u00edlies que han preinscrit els seus fills al nostre centre, per la confian\u00e7a que aix\u00f2 significa en el projecte educatiu, malgrat que la direcci\u00f3 de Serveis Territorials ens ha comunicat que per al curs 2014-2015 tindrem assignat un \u00fanic grup de P3.<\/p>\n<p>El nostre principal objectiu \u00e9s el de treballar per un Institut-Escola que aculli alumnat entre els 3 i els 16 anys, i que ofereixi un ensenyament de qualitat en una \u00fanica l\u00ednia pedag\u00f2gica. Per aix\u00f2, ens centrarem en treballar amb il\u00b7lusi\u00f3 i energia per tal de fer cr\u00e9ixer i garantir la continu\u00eftat d&#8217;un gran projecte educatiu en el nostre petit centre, conjuntament amb tota la comunitat educativa de Les Vinyes.<\/p>\n<p>No ens responsabilitzem d&#8217;accions, declaracions o comunicats que no hagin sorgit del claustre de Les Vinyes, ja que no hem tingut ni volem tenir cap actitud de confrontaci\u00f3 amb cap altre centre educatiu del municipi.<\/p>\n<p>Desitgem, doncs, continuar treballant i col\u2022laborant amb tota la comunitat educativa del municipi amb l&#8217;objectiu d&#8217;arribar a acords que benefici\u00efn tots els Centres educatius de Castellbisbal, amb respecte i consideraci\u00f3 per a tothom.<\/p>\n<p style=\"text-align: right;\">Claustre de l\u2019Institut-Escola Les Vinyes<br \/>\nCastellbisbal, abril de 2014<\/p>\n<p style=\"text-align: left;\">Aprofitem aquesta comunicaci\u00f3 per desitjar-vos unes bones vacances de Setmana Santa i agrair-vos aquesta intensa col\u00b7laboraci\u00f3 que hem tingut aquestes darreres setmanes en el <a href=\"https:\/\/www.flickr.com\/photos\/ielesvinyes\/collections\/72157635480853677\/\" target=\"_blank\">Projecte transversal de la Cocreaci\u00f3 #emPATItza&#8217;t.<\/a> Hem fet un recull d&#8217;imatges de la Fase de construcci\u00f3 en els \u00e0lbums de l&#8217;Institut-Escola, esperem que en gaudiu!<\/p>\n<p><object width=\"400\" height=\"300\" classid=\"clsid:d27cdb6e-ae6d-11cf-96b8-444553540000\" codebase=\"http:\/\/download.macromedia.com\/pub\/shockwave\/cabs\/flash\/swflash.cab#version=6,0,40,0\"><param name=\"flashvars\" value=\"offsite=true&amp;lang=es-us&amp;page_show_url=%2Fphotos%2Fielesvinyes%2Fsets%2F72157643790964743%2Fshow%2F&amp;page_show_back_url=%2Fphotos%2Fielesvinyes%2Fsets%2F72157643790964743%2F&amp;set_id=72157643790964743&amp;jump_to=\" \/><param name=\"allowFullScreen\" value=\"true\" \/><param name=\"src\" value=\"https:\/\/www.flickr.com\/apps\/slideshow\/show.swf?v=143270\" \/><param name=\"allowfullscreen\" value=\"true\" \/><embed width=\"400\" height=\"300\" type=\"application\/x-shockwave-flash\" src=\"https:\/\/www.flickr.com\/apps\/slideshow\/show.swf?v=143270\" flashvars=\"offsite=true&amp;lang=es-us&amp;page_show_url=%2Fphotos%2Fielesvinyes%2Fsets%2F72157643790964743%2Fshow%2F&amp;page_show_back_url=%2Fphotos%2Fielesvinyes%2Fsets%2F72157643790964743%2F&amp;set_id=72157643790964743&amp;jump_to=\" allowFullScreen=\"true\" allowfullscreen=\"true\" \/><\/object><\/p>\n<p><a href=\"https:\/\/www.flickr.com\/photos\/ielesvinyes\/sets\/72157643790964743\/\" target=\"_blank\">\u00c0lbum resum de la Fase Construcci\u00f3<\/a> del projecte emPATItza&#8217;t<\/p>\n","protected":false},"excerpt":{"rendered":"<p>Els docents del Claustre de l&#8217;Institut-Escola Les Vinyes manifestem el nostre agra\u00efment a totes les fam\u00edlies que han preinscrit els seus fills al nostre centre, per la confian\u00e7a que aix\u00f2 significa en el projecte educatiu, malgrat que la direcci\u00f3 de Serveis Territorials ens ha comunicat que per al curs 2014-2015 tindrem assignat un \u00fanic grup [&hellip;]<\/p>\n","protected":false},"author":1,"featured_media":0,"comment_status":"open","ping_status":"open","sticky":false,"template":"","format":"standard","meta":{"_bbp_topic_count":0,"_bbp_reply_count":0,"_bbp_total_topic_count":0,"_bbp_total_reply_count":0,"_bbp_voice_count":0,"_bbp_anonymous_reply_count":0,"_bbp_topic_count_hidden":0,"_bbp_reply_count_hidden":0,"_bbp_forum_subforum_count":0,"site-sidebar-layout":"default","site-content-layout":"","ast-site-content-layout":"","site-content-style":"default","site-sidebar-style":"default","ast-global-header-display":"","ast-banner-title-visibility":"","ast-main-header-display":"","ast-hfb-above-header-display":"","ast-hfb-below-header-display":"","ast-hfb-mobile-header-display":"","site-post-title":"","ast-breadcrumbs-content":"","ast-featured-img":"","footer-sml-layout":"","theme-transparent-header-meta":"","adv-header-id-meta":"","stick-header-meta":"","header-above-stick-meta":"","header-main-stick-meta":"","header-below-stick-meta":"","astra-migrate-meta-layouts":"default","ast-page-background-enabled":"default","ast-page-background-meta":{"desktop":{"background-color":"var(--ast-global-color-4)","background-image":"","background-repeat":"repeat","background-position":"center center","background-size":"auto","background-attachment":"scroll","background-type":"","background-media":"","overlay-type":"","overlay-color":"","overlay-opacity":"","overlay-gradient":""},"tablet":{"background-color":"","background-image":"","background-repeat":"repeat","background-position":"center center","background-size":"auto","background-attachment":"scroll","background-type":"","background-media":"","overlay-type":"","overlay-color":"","overlay-opacity":"","overlay-gradient":""},"mobile":{"background-color":"","background-image":"","background-repeat":"repeat","background-position":"center center","background-size":"auto","background-attachment":"scroll","background-type":"","background-media":"","overlay-type":"","overlay-color":"","overlay-opacity":"","overlay-gradient":""}},"ast-content-background-meta":{"desktop":{"background-color":"var(--ast-global-color-5)","background-image":"","background-repeat":"repeat","background-position":"center center","background-size":"auto","background-attachment":"scroll","background-type":"","background-media":"","overlay-type":"","overlay-color":"","overlay-opacity":"","overlay-gradient":""},"tablet":{"background-color":"var(--ast-global-color-5)","background-image":"","background-repeat":"repeat","background-position":"center center","background-size":"auto","background-attachment":"scroll","background-type":"","background-media":"","overlay-type":"","overlay-color":"","overlay-opacity":"","overlay-gradient":""},"mobile":{"background-color":"var(--ast-global-color-5)","background-image":"","background-repeat":"repeat","background-position":"center center","background-size":"auto","background-attachment":"scroll","background-type":"","background-media":"","overlay-type":"","overlay-color":"","overlay-opacity":"","overlay-gradient":""}},"footnotes":""},"categories":[110],"tags":[],"class_list":["post-3062","post","type-post","status-publish","format-standard","hentry","category-2013-14"],"post_mailing_queue_ids":[],"_links":{"self":[{"href":"https:\/\/agora.xtec.cat\/ielesvinyes\/wp-json\/wp\/v2\/posts\/3062","targetHints":{"allow":["GET"]}}],"collection":[{"href":"https:\/\/agora.xtec.cat\/ielesvinyes\/wp-json\/wp\/v2\/posts"}],"about":[{"href":"https:\/\/agora.xtec.cat\/ielesvinyes\/wp-json\/wp\/v2\/types\/post"}],"author":[{"embeddable":true,"href":"https:\/\/agora.xtec.cat\/ielesvinyes\/wp-json\/wp\/v2\/users\/1"}],"replies":[{"embeddable":true,"href":"https:\/\/agora.xtec.cat\/ielesvinyes\/wp-json\/wp\/v2\/comments?post=3062"}],"version-history":[{"count":0,"href":"https:\/\/agora.xtec.cat\/ielesvinyes\/wp-json\/wp\/v2\/posts\/3062\/revisions"}],"wp:attachment":[{"href":"https:\/\/agora.xtec.cat\/ielesvinyes\/wp-json\/wp\/v2\/media?parent=3062"}],"wp:term":[{"taxonomy":"category","embeddable":true,"href":"https:\/\/agora.xtec.cat\/ielesvinyes\/wp-json\/wp\/v2\/categories?post=3062"},{"taxonomy":"post_tag","embeddable":true,"href":"https:\/\/agora.xtec.cat\/ielesvinyes\/wp-json\/wp\/v2\/tags?post=3062"}],"curies":[{"name":"wp","href":"https:\/\/api.w.org\/{rel}","templated":true}]}}