{"id":3061,"date":"2014-04-01T08:52:23","date_gmt":"2014-04-01T07:52:23","guid":{"rendered":"http:\/\/ielesvinyes.net\/?p=1776"},"modified":"2014-04-01T08:52:23","modified_gmt":"2014-04-01T07:52:23","slug":"dissabte-de-cocreacio-amb-les-families","status":"publish","type":"post","link":"https:\/\/agora.xtec.cat\/ielesvinyes\/general\/dissabte-de-cocreacio-amb-les-families\/","title":{"rendered":"Dissabte de Cocreaci\u00f3 amb les fam\u00edlies"},"content":{"rendered":"<figure id=\"attachment_1778\" aria-describedby=\"caption-attachment-1778\" style=\"width: 300px\" class=\"wp-caption alignleft\"><a href=\"http:\/\/agora.xtec.cat\/ielesvinyes\/wp-content\/uploads\/usu1433\/2014\/03\/Fam\u00edlies.jpg\"><img loading=\"lazy\" decoding=\"async\" class=\"size-medium wp-image-1778 \" alt=\"Fam\u00edlies\" src=\"http:\/\/agora.xtec.cat\/ielesvinyes\/wp-content\/uploads\/usu1433\/2014\/03\/Fam\u00edlies-300x268.jpg\" width=\"300\" height=\"268\" \/><\/a><figcaption id=\"caption-attachment-1778\" class=\"wp-caption-text\">Foto: fam\u00edlies cocreant al pati d&#8217;infantil<\/figcaption><\/figure>\n<p>Aquest dissabte hem estat cocreant amb les fam\u00edlies! Una gran jornada de participaci\u00f3 i creativitat amb tots els membres de la comunitat educativa que han volgut participar. Els alumnes van presentar a les fam\u00edlies m\u00e9s de 18 propostes per a millorar el pati, amb l&#8217;ajuda dels docents responsables dels equips de treball. <strong>Les fam\u00edlies les van prototipar i millorar, tot aportant coneixements i idees<\/strong>, amb l&#8217;assessorament de <a href=\"http:\/\/www.sabadellartiga.com\/\" target=\"_blank\">Llu\u00eds Sabadell Artiga<\/a>, de <a href=\"http:\/\/www.cocreable.org\/\" target=\"_blank\">Cocreable<\/a>.<\/p>\n<p>Un salze viu, un cuc de pneum\u00e0tics, una caseta de jocs, un lle\u00f3 rampant, un anamorfisme gegant, jocs infantils pintats, circuits pintats pels nens, murals a les parets, mosaics de flors i fulles, trencad\u00eds de cer\u00e0mica&#8230; Propostes que van ser avaluades i prototipades. <strong><span style=\"color: #339966;\">Gran jornada!<\/span><\/strong><\/p>\n<p>Ara hem comen\u00e7at <strong>la fase de construcci\u00f3<\/strong>, ja que estem en ple projecte trimestral i ens orientem a un resultat global i col\u00b7lectiu: la realitzaci\u00f3 \u00a0de les millores dels patis de l&#8217;escola. Si voleu fer-ne el seguiment, acosteu-voa a la p\u00e0gina que han preparat els alumnes de l&#8217;equip de comunicaci\u00f3:\u00a0<a href=\"http:\/\/empatitzat.ielesvinyes.net\/\" target=\"_blank\">EmPATitza&#8217;t!<\/a>.<\/p>\n<p><strong>Moltes gr\u00e0cies a tothom pel seu entusiasme i generositat, per l&#8217;energia aportada i per la complicitat amb aquesta creaci\u00f3 col\u00b7lectiva i oberta que ens portar\u00e0 a nous i potents aprenentatges.<\/strong><\/p>\n<p><object width=\"400\" height=\"300\" classid=\"clsid:d27cdb6e-ae6d-11cf-96b8-444553540000\" codebase=\"http:\/\/download.macromedia.com\/pub\/shockwave\/cabs\/flash\/swflash.cab#version=6,0,40,0\"><param name=\"flashvars\" value=\"offsite=true&amp;lang=es-us&amp;page_show_url=%2Fphotos%2Fielesvinyes%2Fsets%2F72157642923787203%2Fshow%2Fwith%2F13509630955%2F&amp;page_show_back_url=%2Fphotos%2Fielesvinyes%2Fsets%2F72157642923787203%2Fwith%2F13509630955%2F&amp;set_id=72157642923787203&amp;jump_to=13509630955\" \/><param name=\"allowFullScreen\" value=\"true\" \/><param name=\"src\" value=\"https:\/\/www.flickr.com\/apps\/slideshow\/show.swf?v=140556\" \/><param name=\"allowfullscreen\" value=\"true\" \/><embed width=\"400\" height=\"300\" type=\"application\/x-shockwave-flash\" src=\"https:\/\/www.flickr.com\/apps\/slideshow\/show.swf?v=140556\" flashvars=\"offsite=true&amp;lang=es-us&amp;page_show_url=%2Fphotos%2Fielesvinyes%2Fsets%2F72157642923787203%2Fshow%2Fwith%2F13509630955%2F&amp;page_show_back_url=%2Fphotos%2Fielesvinyes%2Fsets%2F72157642923787203%2Fwith%2F13509630955%2F&amp;set_id=72157642923787203&amp;jump_to=13509630955\" allowFullScreen=\"true\" allowfullscreen=\"true\" \/><\/object><\/p>\n<p>\u00c0lbum de fotografies<\/p>\n","protected":false},"excerpt":{"rendered":"<p>Aquest dissabte hem estat cocreant amb les fam\u00edlies! Una gran jornada de participaci\u00f3 i creativitat amb tots els membres de la comunitat educativa que han volgut participar. Els alumnes van presentar a les fam\u00edlies m\u00e9s de 18 propostes per a millorar el pati, amb l&#8217;ajuda dels docents responsables dels equips de treball. Les fam\u00edlies les [&hellip;]<\/p>\n","protected":false},"author":1,"featured_media":0,"comment_status":"open","ping_status":"open","sticky":false,"template":"","format":"standard","meta":{"_bbp_topic_count":0,"_bbp_reply_count":0,"_bbp_total_topic_count":0,"_bbp_total_reply_count":0,"_bbp_voice_count":0,"_bbp_anonymous_reply_count":0,"_bbp_topic_count_hidden":0,"_bbp_reply_count_hidden":0,"_bbp_forum_subforum_count":0,"site-sidebar-layout":"default","site-content-layout":"","ast-site-content-layout":"","site-content-style":"default","site-sidebar-style":"default","ast-global-header-display":"","ast-banner-title-visibility":"","ast-main-header-display":"","ast-hfb-above-header-display":"","ast-hfb-below-header-display":"","ast-hfb-mobile-header-display":"","site-post-title":"","ast-breadcrumbs-content":"","ast-featured-img":"","footer-sml-layout":"","theme-transparent-header-meta":"","adv-header-id-meta":"","stick-header-meta":"","header-above-stick-meta":"","header-main-stick-meta":"","header-below-stick-meta":"","astra-migrate-meta-layouts":"default","ast-page-background-enabled":"default","ast-page-background-meta":{"desktop":{"background-color":"var(--ast-global-color-4)","background-image":"","background-repeat":"repeat","background-position":"center center","background-size":"auto","background-attachment":"scroll","background-type":"","background-media":"","overlay-type":"","overlay-color":"","overlay-opacity":"","overlay-gradient":""},"tablet":{"background-color":"","background-image":"","background-repeat":"repeat","background-position":"center center","background-size":"auto","background-attachment":"scroll","background-type":"","background-media":"","overlay-type":"","overlay-color":"","overlay-opacity":"","overlay-gradient":""},"mobile":{"background-color":"","background-image":"","background-repeat":"repeat","background-position":"center center","background-size":"auto","background-attachment":"scroll","background-type":"","background-media":"","overlay-type":"","overlay-color":"","overlay-opacity":"","overlay-gradient":""}},"ast-content-background-meta":{"desktop":{"background-color":"var(--ast-global-color-5)","background-image":"","background-repeat":"repeat","background-position":"center center","background-size":"auto","background-attachment":"scroll","background-type":"","background-media":"","overlay-type":"","overlay-color":"","overlay-opacity":"","overlay-gradient":""},"tablet":{"background-color":"var(--ast-global-color-5)","background-image":"","background-repeat":"repeat","background-position":"center center","background-size":"auto","background-attachment":"scroll","background-type":"","background-media":"","overlay-type":"","overlay-color":"","overlay-opacity":"","overlay-gradient":""},"mobile":{"background-color":"var(--ast-global-color-5)","background-image":"","background-repeat":"repeat","background-position":"center center","background-size":"auto","background-attachment":"scroll","background-type":"","background-media":"","overlay-type":"","overlay-color":"","overlay-opacity":"","overlay-gradient":""}},"footnotes":""},"categories":[110,1,100,301],"tags":[182,250],"class_list":["post-3061","post","type-post","status-publish","format-standard","hentry","category-2013-14","category-general","category-infipri","category-secundaria","tag-cocreacio","tag-projecte"],"post_mailing_queue_ids":[],"_links":{"self":[{"href":"https:\/\/agora.xtec.cat\/ielesvinyes\/wp-json\/wp\/v2\/posts\/3061","targetHints":{"allow":["GET"]}}],"collection":[{"href":"https:\/\/agora.xtec.cat\/ielesvinyes\/wp-json\/wp\/v2\/posts"}],"about":[{"href":"https:\/\/agora.xtec.cat\/ielesvinyes\/wp-json\/wp\/v2\/types\/post"}],"author":[{"embeddable":true,"href":"https:\/\/agora.xtec.cat\/ielesvinyes\/wp-json\/wp\/v2\/users\/1"}],"replies":[{"embeddable":true,"href":"https:\/\/agora.xtec.cat\/ielesvinyes\/wp-json\/wp\/v2\/comments?post=3061"}],"version-history":[{"count":0,"href":"https:\/\/agora.xtec.cat\/ielesvinyes\/wp-json\/wp\/v2\/posts\/3061\/revisions"}],"wp:attachment":[{"href":"https:\/\/agora.xtec.cat\/ielesvinyes\/wp-json\/wp\/v2\/media?parent=3061"}],"wp:term":[{"taxonomy":"category","embeddable":true,"href":"https:\/\/agora.xtec.cat\/ielesvinyes\/wp-json\/wp\/v2\/categories?post=3061"},{"taxonomy":"post_tag","embeddable":true,"href":"https:\/\/agora.xtec.cat\/ielesvinyes\/wp-json\/wp\/v2\/tags?post=3061"}],"curies":[{"name":"wp","href":"https:\/\/api.w.org\/{rel}","templated":true}]}}