{"id":3060,"date":"2014-03-24T10:00:27","date_gmt":"2014-03-24T09:00:27","guid":{"rendered":"http:\/\/ielesvinyes.net\/?p=1766"},"modified":"2014-03-24T10:00:27","modified_gmt":"2014-03-24T09:00:27","slug":"empatitzat-el-projecte-de-centre-de-cocreacio-a-tota-vela","status":"publish","type":"post","link":"https:\/\/agora.xtec.cat\/ielesvinyes\/general\/empatitzat-el-projecte-de-centre-de-cocreacio-a-tota-vela\/","title":{"rendered":"EmPATItza&#039;t, el projecte de centre de cocreaci\u00f3, a tota vela!"},"content":{"rendered":"<p><a href=\"http:\/\/agora.xtec.cat\/ielesvinyes\/wp-content\/uploads\/usu1433\/2014\/02\/EMPA.jpg\"><img loading=\"lazy\" decoding=\"async\" class=\"size-full wp-image-1690 alignleft\" alt=\"EMPA\" src=\"http:\/\/agora.xtec.cat\/ielesvinyes\/wp-content\/uploads\/usu1433\/2014\/02\/EMPA.jpg\" width=\"208\" height=\"42\" \/><\/a>Iniciem avui l&#8217;etapa decisiva del projecte transversal d&#8217;aquest curs: <strong>emPATItza&#8217;t, millorem els patis de l&#8217;Institut Escola<\/strong>. Els alumnes d&#8217;educaci\u00f3 Infantil, Prim\u00e0ria i Secund\u00e0ria dedicaran dues setmanes a dur a terme aquest treball conjunt que inclou el proc\u00e9s d&#8217;ideaci\u00f3, disseny, prototipatge i execuci\u00f3 de millores als patis de l&#8217;escola.<\/p>\n<p>Com en altres <a href=\"http:\/\/ielesvinyes.net\/?s=projecte\">projectes<\/a> anteriors, els alumnes treballaran en grups cooperatius, realitzarem activitats internivells, recerca documental, sortides, treball amb experts externs, productes de comunicaci\u00f3 interna i externa, planificaci\u00f3 i execuci\u00f3, aprenentatge entre iguals, reptes creatius, etc.<\/p>\n<p><iframe loading=\"lazy\" src=\"https:\/\/docs.google.com\/presentation\/d\/1qZBOmcm2_YNsVTk4rt7Nh7VqpepKA8aG1QKRHWS1l-w\/embed?start=true&amp;loop=false&amp;delayms=3000\" height=\"389\" width=\"480\" allowfullscreen=\"true\" frameborder=\"0\"><\/iframe><\/p>\n<p>Aquest curs, a m\u00e9s a m\u00e9s, ho fem en equips formats per <strong>alumnes de 1r, 2n i 3r<\/strong> junts i amb una <strong>major interacci\u00f3 amb infantil i prim\u00e0ria, que tamb\u00e9 treballar\u00e0 en grups d&#8217;experts<\/strong>. Aix\u00ed doncs, ser\u00e0 un aut\u00e8ntic treball internivells de cocreaci\u00f3.<\/p>\n<p>Finalment, comptem amb la col\u00b7laboraci\u00f3 de les fam\u00edlies, molt especialment <strong><span style=\"color: #ff0000;\">el proper dissabte 29 al mat\u00ed<\/span><\/strong> per a fer junts el prototipatge de les propostes i enriquir-les i millorar-les. Les fam\u00edlies rebreu una convocat\u00f2ria per correu electr\u00f2nic.<strong> No hi podeu faltar, la cocreaci\u00f3 tamb\u00e9 us necessita! \ud83d\ude42<\/strong><\/p>\n","protected":false},"excerpt":{"rendered":"<p>Iniciem avui l&#8217;etapa decisiva del projecte transversal d&#8217;aquest curs: emPATItza&#8217;t, millorem els patis de l&#8217;Institut Escola. Els alumnes d&#8217;educaci\u00f3 Infantil, Prim\u00e0ria i Secund\u00e0ria dedicaran dues setmanes a dur a terme aquest treball conjunt que inclou el proc\u00e9s d&#8217;ideaci\u00f3, disseny, prototipatge i execuci\u00f3 de millores als patis de l&#8217;escola. Com en altres projectes anteriors, els alumnes [&hellip;]<\/p>\n","protected":false},"author":1,"featured_media":0,"comment_status":"open","ping_status":"open","sticky":false,"template":"","format":"standard","meta":{"_bbp_topic_count":0,"_bbp_reply_count":0,"_bbp_total_topic_count":0,"_bbp_total_reply_count":0,"_bbp_voice_count":0,"_bbp_anonymous_reply_count":0,"_bbp_topic_count_hidden":0,"_bbp_reply_count_hidden":0,"_bbp_forum_subforum_count":0,"site-sidebar-layout":"default","site-content-layout":"","ast-site-content-layout":"","site-content-style":"default","site-sidebar-style":"default","ast-global-header-display":"","ast-banner-title-visibility":"","ast-main-header-display":"","ast-hfb-above-header-display":"","ast-hfb-below-header-display":"","ast-hfb-mobile-header-display":"","site-post-title":"","ast-breadcrumbs-content":"","ast-featured-img":"","footer-sml-layout":"","theme-transparent-header-meta":"","adv-header-id-meta":"","stick-header-meta":"","header-above-stick-meta":"","header-main-stick-meta":"","header-below-stick-meta":"","astra-migrate-meta-layouts":"default","ast-page-background-enabled":"default","ast-page-background-meta":{"desktop":{"background-color":"var(--ast-global-color-4)","background-image":"","background-repeat":"repeat","background-position":"center center","background-size":"auto","background-attachment":"scroll","background-type":"","background-media":"","overlay-type":"","overlay-color":"","overlay-opacity":"","overlay-gradient":""},"tablet":{"background-color":"","background-image":"","background-repeat":"repeat","background-position":"center center","background-size":"auto","background-attachment":"scroll","background-type":"","background-media":"","overlay-type":"","overlay-color":"","overlay-opacity":"","overlay-gradient":""},"mobile":{"background-color":"","background-image":"","background-repeat":"repeat","background-position":"center center","background-size":"auto","background-attachment":"scroll","background-type":"","background-media":"","overlay-type":"","overlay-color":"","overlay-opacity":"","overlay-gradient":""}},"ast-content-background-meta":{"desktop":{"background-color":"var(--ast-global-color-5)","background-image":"","background-repeat":"repeat","background-position":"center center","background-size":"auto","background-attachment":"scroll","background-type":"","background-media":"","overlay-type":"","overlay-color":"","overlay-opacity":"","overlay-gradient":""},"tablet":{"background-color":"var(--ast-global-color-5)","background-image":"","background-repeat":"repeat","background-position":"center center","background-size":"auto","background-attachment":"scroll","background-type":"","background-media":"","overlay-type":"","overlay-color":"","overlay-opacity":"","overlay-gradient":""},"mobile":{"background-color":"var(--ast-global-color-5)","background-image":"","background-repeat":"repeat","background-position":"center center","background-size":"auto","background-attachment":"scroll","background-type":"","background-media":"","overlay-type":"","overlay-color":"","overlay-opacity":"","overlay-gradient":""}},"footnotes":""},"categories":[110,1,100,301],"tags":[182,250,336],"class_list":["post-3060","post","type-post","status-publish","format-standard","hentry","category-2013-14","category-general","category-infipri","category-secundaria","tag-cocreacio","tag-projecte","tag-projecte2014"],"post_mailing_queue_ids":[],"_links":{"self":[{"href":"https:\/\/agora.xtec.cat\/ielesvinyes\/wp-json\/wp\/v2\/posts\/3060","targetHints":{"allow":["GET"]}}],"collection":[{"href":"https:\/\/agora.xtec.cat\/ielesvinyes\/wp-json\/wp\/v2\/posts"}],"about":[{"href":"https:\/\/agora.xtec.cat\/ielesvinyes\/wp-json\/wp\/v2\/types\/post"}],"author":[{"embeddable":true,"href":"https:\/\/agora.xtec.cat\/ielesvinyes\/wp-json\/wp\/v2\/users\/1"}],"replies":[{"embeddable":true,"href":"https:\/\/agora.xtec.cat\/ielesvinyes\/wp-json\/wp\/v2\/comments?post=3060"}],"version-history":[{"count":0,"href":"https:\/\/agora.xtec.cat\/ielesvinyes\/wp-json\/wp\/v2\/posts\/3060\/revisions"}],"wp:attachment":[{"href":"https:\/\/agora.xtec.cat\/ielesvinyes\/wp-json\/wp\/v2\/media?parent=3060"}],"wp:term":[{"taxonomy":"category","embeddable":true,"href":"https:\/\/agora.xtec.cat\/ielesvinyes\/wp-json\/wp\/v2\/categories?post=3060"},{"taxonomy":"post_tag","embeddable":true,"href":"https:\/\/agora.xtec.cat\/ielesvinyes\/wp-json\/wp\/v2\/tags?post=3060"}],"curies":[{"name":"wp","href":"https:\/\/api.w.org\/{rel}","templated":true}]}}