{"id":3058,"date":"2014-01-29T13:23:49","date_gmt":"2014-01-29T12:23:49","guid":{"rendered":"http:\/\/ielesvinyes.net\/?p=1652"},"modified":"2014-01-29T13:23:49","modified_gmt":"2014-01-29T12:23:49","slug":"reprenem-la-cocreacio-del-patis","status":"publish","type":"post","link":"https:\/\/agora.xtec.cat\/ielesvinyes\/2013-14\/reprenem-la-cocreacio-del-patis\/","title":{"rendered":"Reprenem la cocreaci\u00f3 del patis"},"content":{"rendered":"<figure id=\"attachment_1664\" aria-describedby=\"caption-attachment-1664\" style=\"width: 659px\" class=\"wp-caption aligncenter\"><a href=\"http:\/\/agora.xtec.cat\/ielesvinyes\/wp-content\/uploads\/usu1433\/2014\/01\/empatitzat.jpg\"><img loading=\"lazy\" decoding=\"async\" class=\" wp-image-1664\" alt=\"empatitzat\" src=\"http:\/\/agora.xtec.cat\/ielesvinyes\/wp-content\/uploads\/usu1433\/2014\/01\/empatitzat.jpg\" width=\"659\" height=\"194\" \/><\/a><figcaption id=\"caption-attachment-1664\" class=\"wp-caption-text\">Imatge: Logo emPATItza&#8217;t, elaborat per l&#8217;alumnat i triat per la comunitat educativa<\/figcaption><\/figure>\n<p style=\"text-align: left;\"><a href=\"http:\/\/ielesvinyes.net\/2013\/11\/04\/festa-dinici-de-la-fase-coneixer-de-la-cocreacio-del-pati\/\" target=\"_blank\">Reprenem la cocreaci\u00f3<\/a> dels patis amb una setmana dedicada a la fase con\u00e8ixer i, concretament, a <strong>recollir propostes<\/strong>.\u00a0En la fase con\u00e8ixer volem saber qu\u00e8 vols, qu\u00e8 penses, qu\u00e8 saps, qu\u00e8 opines sobre el pati i els patis\u2026 en general.<\/p>\n<p>La fase con\u00e8ixer serveix per a generar informaci\u00f3 per activar el proc\u00e9s de creaci\u00f3 col\u00b7lectiva.\u00a0Per a con\u00e8ixer usarem quatre eines: preguntar, observar, inspirar-nos i experimentar.\u00a0D\u2019aqu\u00ed en sortir\u00e0 una informaci\u00f3 b\u00e0sica i uns conceptes-clau que en serviran per a crear col\u00b7lectivament el pati en la segona fase.<\/p>\n<h2><strong>Com participar en la fase con\u00e8ixer?<\/strong><\/h2>\n<p><strong>1. Envia un correu a cocreaci\u00f3@ielesvinyes.net<\/strong> amb una fotografia, un comentari, una proposta, una idea\u2026 sobre:<\/p>\n<p style=\"padding-left: 30px;\"><strong>&#8211; <a href=\"http:\/\/cocreacio.ielesvinyes.net\/category\/coneixer\/pati-actual\/\" target=\"_blank\">El pati actual<br \/>\n<\/a><\/strong>Qu\u00e8 en penses del pati actual? Com s&#8217;hi juga? Qu\u00e8 si fa? Quin servei d\u00f3na? I quin li falta? Qu\u00e8 ha de millorar?<\/p>\n<p style=\"padding-left: 30px;\"><strong>&#8211; <a href=\"http:\/\/cocreacio.ielesvinyes.net\/category\/coneixer\/pati-recordat\/\" target=\"_blank\">El pati recordat<br \/>\n<\/a><\/strong>Qu\u00e8 recordes memorable del pati de la teva infantesa? Hi ha llocs d&#8217;esbarjo que coneguis?<\/p>\n<p style=\"padding-left: 30px;\"><strong>&#8211; <a href=\"http:\/\/cocreacio.ielesvinyes.net\/category\/coneixer\/pati-somiat\/\" target=\"_blank\">El pati somiat<br \/>\n<\/a><\/strong>Com \u00e9s el teu pati somiat? Coneixes algun espai inspirador?<\/p>\n<p style=\"padding-left: 30px;\">Nosaltres ho publicarem al centre i a <a href=\"http:\/\/cocreacio.ielesvinyes.net\/\" target=\"_blank\">la web de la cocreaci\u00f3<\/a> i tothom en gaudir\u00e0!<\/p>\n<p><strong>2. Omple la teva postal!<\/strong><\/p>\n<p style=\"padding-left: 30px;\">Avui dimecres\u00a0<strong>rebreu de la m\u00e0 dels vostres fills i filles una postal que ens podreu retornar<\/strong> amb les vostres aportacions.<\/p>\n<p style=\"padding-left: 30px; text-align: center;\"><a href=\"http:\/\/cocreacio.ielesvinyes.net\/wp-content\/uploads\/2013\/10\/Postal-Cocreaci%C3%B3-davant.jpg\" target=\"_blank\">Postal Cocreaci\u00f3 davant\u00a0<\/a>\u00a0&#8211;\u00a0<a href=\"http:\/\/cocreacio.ielesvinyes.net\/wp-content\/uploads\/2013\/10\/Postal-Cocreaci%C3%B3-darrere.jpg\" target=\"_blank\">Postal Cocreaci\u00f3 darrere<\/a><\/p>\n<p><strong>3. Vota al web.\u00a0<\/strong>Mira les aportacions de les altres persones i<strong> <a href=\"http:\/\/cocreacio.ielesvinyes.net\/\">vota<\/a><\/strong><a href=\"http:\/\/cocreacio.ielesvinyes.net\/\"> les que m\u00e9s t&#8217;agradin<\/a> amb les estrelles!<\/p>\n<p style=\"text-align: center;\"><a href=\"http:\/\/cocreacio.ielesvinyes.net\/\" target=\"_blank\"><span style=\"font-size: large; background-color: #ffff00;\">* \u00a0* \u00a0<\/span><span style=\"font-size: large; background-color: #ffff00;\">* \u00a0* \u00a0*<\/span><\/a><\/p>\n<p>El m\u00e9s votats seran publicats a la web del centre i s&#8217;exposaran al vest\u00edbul de l\u2019Institut Escola perqu\u00e8 tothom els conegui.<\/p>\n<p>Gr\u00e0cies per cocrear!!<\/p>\n","protected":false},"excerpt":{"rendered":"<p>Reprenem la cocreaci\u00f3 dels patis amb una setmana dedicada a la fase con\u00e8ixer i, concretament, a recollir propostes.\u00a0En la fase con\u00e8ixer volem saber qu\u00e8 vols, qu\u00e8 penses, qu\u00e8 saps, qu\u00e8 opines sobre el pati i els patis\u2026 en general. La fase con\u00e8ixer serveix per a generar informaci\u00f3 per activar el proc\u00e9s de creaci\u00f3 col\u00b7lectiva.\u00a0Per a [&hellip;]<\/p>\n","protected":false},"author":1,"featured_media":0,"comment_status":"open","ping_status":"open","sticky":false,"template":"","format":"standard","meta":{"_bbp_topic_count":0,"_bbp_reply_count":0,"_bbp_total_topic_count":0,"_bbp_total_reply_count":0,"_bbp_voice_count":0,"_bbp_anonymous_reply_count":0,"_bbp_topic_count_hidden":0,"_bbp_reply_count_hidden":0,"_bbp_forum_subforum_count":0,"site-sidebar-layout":"default","site-content-layout":"","ast-site-content-layout":"","site-content-style":"default","site-sidebar-style":"default","ast-global-header-display":"","ast-banner-title-visibility":"","ast-main-header-display":"","ast-hfb-above-header-display":"","ast-hfb-below-header-display":"","ast-hfb-mobile-header-display":"","site-post-title":"","ast-breadcrumbs-content":"","ast-featured-img":"","footer-sml-layout":"","theme-transparent-header-meta":"","adv-header-id-meta":"","stick-header-meta":"","header-above-stick-meta":"","header-main-stick-meta":"","header-below-stick-meta":"","astra-migrate-meta-layouts":"default","ast-page-background-enabled":"default","ast-page-background-meta":{"desktop":{"background-color":"var(--ast-global-color-4)","background-image":"","background-repeat":"repeat","background-position":"center center","background-size":"auto","background-attachment":"scroll","background-type":"","background-media":"","overlay-type":"","overlay-color":"","overlay-opacity":"","overlay-gradient":""},"tablet":{"background-color":"","background-image":"","background-repeat":"repeat","background-position":"center center","background-size":"auto","background-attachment":"scroll","background-type":"","background-media":"","overlay-type":"","overlay-color":"","overlay-opacity":"","overlay-gradient":""},"mobile":{"background-color":"","background-image":"","background-repeat":"repeat","background-position":"center center","background-size":"auto","background-attachment":"scroll","background-type":"","background-media":"","overlay-type":"","overlay-color":"","overlay-opacity":"","overlay-gradient":""}},"ast-content-background-meta":{"desktop":{"background-color":"var(--ast-global-color-5)","background-image":"","background-repeat":"repeat","background-position":"center center","background-size":"auto","background-attachment":"scroll","background-type":"","background-media":"","overlay-type":"","overlay-color":"","overlay-opacity":"","overlay-gradient":""},"tablet":{"background-color":"var(--ast-global-color-5)","background-image":"","background-repeat":"repeat","background-position":"center center","background-size":"auto","background-attachment":"scroll","background-type":"","background-media":"","overlay-type":"","overlay-color":"","overlay-opacity":"","overlay-gradient":""},"mobile":{"background-color":"var(--ast-global-color-5)","background-image":"","background-repeat":"repeat","background-position":"center center","background-size":"auto","background-attachment":"scroll","background-type":"","background-media":"","overlay-type":"","overlay-color":"","overlay-opacity":"","overlay-gradient":""}},"footnotes":""},"categories":[110],"tags":[182,329],"class_list":["post-3058","post","type-post","status-publish","format-standard","hentry","category-2013-14","tag-cocreacio","tag-comunitat-educativa"],"post_mailing_queue_ids":[],"_links":{"self":[{"href":"https:\/\/agora.xtec.cat\/ielesvinyes\/wp-json\/wp\/v2\/posts\/3058","targetHints":{"allow":["GET"]}}],"collection":[{"href":"https:\/\/agora.xtec.cat\/ielesvinyes\/wp-json\/wp\/v2\/posts"}],"about":[{"href":"https:\/\/agora.xtec.cat\/ielesvinyes\/wp-json\/wp\/v2\/types\/post"}],"author":[{"embeddable":true,"href":"https:\/\/agora.xtec.cat\/ielesvinyes\/wp-json\/wp\/v2\/users\/1"}],"replies":[{"embeddable":true,"href":"https:\/\/agora.xtec.cat\/ielesvinyes\/wp-json\/wp\/v2\/comments?post=3058"}],"version-history":[{"count":0,"href":"https:\/\/agora.xtec.cat\/ielesvinyes\/wp-json\/wp\/v2\/posts\/3058\/revisions"}],"wp:attachment":[{"href":"https:\/\/agora.xtec.cat\/ielesvinyes\/wp-json\/wp\/v2\/media?parent=3058"}],"wp:term":[{"taxonomy":"category","embeddable":true,"href":"https:\/\/agora.xtec.cat\/ielesvinyes\/wp-json\/wp\/v2\/categories?post=3058"},{"taxonomy":"post_tag","embeddable":true,"href":"https:\/\/agora.xtec.cat\/ielesvinyes\/wp-json\/wp\/v2\/tags?post=3058"}],"curies":[{"name":"wp","href":"https:\/\/api.w.org\/{rel}","templated":true}]}}