{"id":3057,"date":"2013-12-20T10:03:36","date_gmt":"2013-12-20T09:03:36","guid":{"rendered":"http:\/\/ielesvinyes.net\/?p=1618"},"modified":"2013-12-20T10:03:36","modified_gmt":"2013-12-20T09:03:36","slug":"un-trimestre-molt-intens","status":"publish","type":"post","link":"https:\/\/agora.xtec.cat\/ielesvinyes\/general\/un-trimestre-molt-intens\/","title":{"rendered":"Un trimestre molt intens"},"content":{"rendered":"<p>Acabem avui un trimestre molt intens. Des de l&#8217;inicial <a href=\"https:\/\/vimeo.com\/75256807\" target=\"_blank\">Pla d&#8217;acollida<\/a> fins al <a href=\"http:\/\/www.flickr.com\/photos\/ielesvinyes\/sets\/72157638824166624\/detail\/\" target=\"_blank\">Concert de Nadal<\/a>, si n&#8217;han passat de coses! Experi\u00e8ncies, aprenentatges, coneixences, reptes, reunions, sortides, projectes, treballs, claustres, rialles, somriures, lluites, esperances, preocupacions, somnis, can\u00e7ons, poesies, dibuixos, paraules, colors, jocs, berenars, juguesques, abra\u00e7ades, conflictes, lletres, n\u00fameros, notes, imatges i fins i tot\u00a0<a href=\"http:\/\/femcreixerlesvinyes.wordpress.com\/\" target=\"_blank\">regadores<\/a>! \ud83d\ude42<\/p>\n<p>Una comunitat viva que creix i apr\u00e8n. Amb l&#8217;esfor\u00e7 de tothom, amb l&#8217;alegria dels bons moments i amb la responsabilitat serena davant de les dificultats. Amb el somriure i amb el plor dels infants, amb la joia d&#8217;aprendre i madurar plegats infants, fam\u00edlies i professorat: com els ra\u00efms de la vinya!<\/p>\n<p>Celebrem, doncs, aquest primer trimestre i l&#8217;acabament de l&#8217;any 2013.<\/p>\n<p>I que sigui per molts anys aquesta creixen\u00e7a!<\/p>\n<p><iframe loading=\"lazy\" src=\"\/\/player.vimeo.com\/video\/82333480?byline=0\" width=\"500\" height=\"375\" frameborder=\"0\" webkitallowfullscreen mozallowfullscreen allowfullscreen><\/iframe><\/p>\n","protected":false},"excerpt":{"rendered":"<p>Acabem avui un trimestre molt intens. Des de l&#8217;inicial Pla d&#8217;acollida fins al Concert de Nadal, si n&#8217;han passat de coses! Experi\u00e8ncies, aprenentatges, coneixences, reptes, reunions, sortides, projectes, treballs, claustres, rialles, somriures, lluites, esperances, preocupacions, somnis, can\u00e7ons, poesies, dibuixos, paraules, colors, jocs, berenars, juguesques, abra\u00e7ades, conflictes, lletres, n\u00fameros, notes, imatges i fins i tot\u00a0regadores! \ud83d\ude42 [&hellip;]<\/p>\n","protected":false},"author":1,"featured_media":0,"comment_status":"open","ping_status":"open","sticky":false,"template":"","format":"standard","meta":{"_bbp_topic_count":0,"_bbp_reply_count":0,"_bbp_total_topic_count":0,"_bbp_total_reply_count":0,"_bbp_voice_count":0,"_bbp_anonymous_reply_count":0,"_bbp_topic_count_hidden":0,"_bbp_reply_count_hidden":0,"_bbp_forum_subforum_count":0,"site-sidebar-layout":"default","site-content-layout":"","ast-site-content-layout":"","site-content-style":"default","site-sidebar-style":"default","ast-global-header-display":"","ast-banner-title-visibility":"","ast-main-header-display":"","ast-hfb-above-header-display":"","ast-hfb-below-header-display":"","ast-hfb-mobile-header-display":"","site-post-title":"","ast-breadcrumbs-content":"","ast-featured-img":"","footer-sml-layout":"","theme-transparent-header-meta":"","adv-header-id-meta":"","stick-header-meta":"","header-above-stick-meta":"","header-main-stick-meta":"","header-below-stick-meta":"","astra-migrate-meta-layouts":"default","ast-page-background-enabled":"default","ast-page-background-meta":{"desktop":{"background-color":"var(--ast-global-color-4)","background-image":"","background-repeat":"repeat","background-position":"center center","background-size":"auto","background-attachment":"scroll","background-type":"","background-media":"","overlay-type":"","overlay-color":"","overlay-opacity":"","overlay-gradient":""},"tablet":{"background-color":"","background-image":"","background-repeat":"repeat","background-position":"center center","background-size":"auto","background-attachment":"scroll","background-type":"","background-media":"","overlay-type":"","overlay-color":"","overlay-opacity":"","overlay-gradient":""},"mobile":{"background-color":"","background-image":"","background-repeat":"repeat","background-position":"center center","background-size":"auto","background-attachment":"scroll","background-type":"","background-media":"","overlay-type":"","overlay-color":"","overlay-opacity":"","overlay-gradient":""}},"ast-content-background-meta":{"desktop":{"background-color":"var(--ast-global-color-5)","background-image":"","background-repeat":"repeat","background-position":"center center","background-size":"auto","background-attachment":"scroll","background-type":"","background-media":"","overlay-type":"","overlay-color":"","overlay-opacity":"","overlay-gradient":""},"tablet":{"background-color":"var(--ast-global-color-5)","background-image":"","background-repeat":"repeat","background-position":"center center","background-size":"auto","background-attachment":"scroll","background-type":"","background-media":"","overlay-type":"","overlay-color":"","overlay-opacity":"","overlay-gradient":""},"mobile":{"background-color":"var(--ast-global-color-5)","background-image":"","background-repeat":"repeat","background-position":"center center","background-size":"auto","background-attachment":"scroll","background-type":"","background-media":"","overlay-type":"","overlay-color":"","overlay-opacity":"","overlay-gradient":""}},"footnotes":""},"categories":[326,110,1,100,301],"tags":[328],"class_list":["post-3057","post","type-post","status-publish","format-standard","hentry","category-femcreixerlesvinyes","category-2013-14","category-general","category-infipri","category-secundaria","tag-nadala"],"post_mailing_queue_ids":[],"_links":{"self":[{"href":"https:\/\/agora.xtec.cat\/ielesvinyes\/wp-json\/wp\/v2\/posts\/3057","targetHints":{"allow":["GET"]}}],"collection":[{"href":"https:\/\/agora.xtec.cat\/ielesvinyes\/wp-json\/wp\/v2\/posts"}],"about":[{"href":"https:\/\/agora.xtec.cat\/ielesvinyes\/wp-json\/wp\/v2\/types\/post"}],"author":[{"embeddable":true,"href":"https:\/\/agora.xtec.cat\/ielesvinyes\/wp-json\/wp\/v2\/users\/1"}],"replies":[{"embeddable":true,"href":"https:\/\/agora.xtec.cat\/ielesvinyes\/wp-json\/wp\/v2\/comments?post=3057"}],"version-history":[{"count":0,"href":"https:\/\/agora.xtec.cat\/ielesvinyes\/wp-json\/wp\/v2\/posts\/3057\/revisions"}],"wp:attachment":[{"href":"https:\/\/agora.xtec.cat\/ielesvinyes\/wp-json\/wp\/v2\/media?parent=3057"}],"wp:term":[{"taxonomy":"category","embeddable":true,"href":"https:\/\/agora.xtec.cat\/ielesvinyes\/wp-json\/wp\/v2\/categories?post=3057"},{"taxonomy":"post_tag","embeddable":true,"href":"https:\/\/agora.xtec.cat\/ielesvinyes\/wp-json\/wp\/v2\/tags?post=3057"}],"curies":[{"name":"wp","href":"https:\/\/api.w.org\/{rel}","templated":true}]}}