{"id":3055,"date":"2013-11-27T07:02:01","date_gmt":"2013-11-27T06:02:01","guid":{"rendered":"http:\/\/ielesvinyes.net\/?p=1587"},"modified":"2013-11-27T07:02:01","modified_gmt":"2013-11-27T06:02:01","slug":"comunicat-de-lajuntament-i-les-direccions-dels-centres-educatius-de-castellbisbal","status":"publish","type":"post","link":"https:\/\/agora.xtec.cat\/ielesvinyes\/general\/comunicat-de-lajuntament-i-les-direccions-dels-centres-educatius-de-castellbisbal\/","title":{"rendered":"Comunicat de l&#039;Ajuntament i les direccions dels centres educatius de Castellbisbal"},"content":{"rendered":"<p style=\"text-align: center;\">\u00a0<img loading=\"lazy\" decoding=\"async\" class=\" wp-image-1589 aligncenter\" alt=\"Escoles Castellbisbal\" src=\"http:\/\/agora.xtec.cat\/ielesvinyes\/wp-content\/uploads\/usu1433\/2013\/11\/Escoles-Castellbisbal.jpg\" width=\"595\" height=\"162\" srcset=\"https:\/\/agora.xtec.cat\/ielesvinyes\/wp-content\/uploads\/usu1433\/2013\/11\/Escoles-Castellbisbal.jpg 1240w, https:\/\/agora.xtec.cat\/ielesvinyes\/wp-content\/uploads\/usu1433\/2013\/11\/Escoles-Castellbisbal-300x82.jpg 300w, https:\/\/agora.xtec.cat\/ielesvinyes\/wp-content\/uploads\/usu1433\/2013\/11\/Escoles-Castellbisbal-768x210.jpg 768w, https:\/\/agora.xtec.cat\/ielesvinyes\/wp-content\/uploads\/usu1433\/2013\/11\/Escoles-Castellbisbal-1024x280.jpg 1024w\" sizes=\"auto, (max-width: 595px) 100vw, 595px\" \/><\/p>\n<p style=\"text-align: center;\"><strong>Comunicat de l&#8217;Ajuntament i les direccions dels centres educatius de Castellbisbal\u00a0<\/strong><\/p>\n<p style=\"text-align: justify;\">El passat 6 de novembre el Director General dels Serveis Territorials d\u2019Ensenyament\u00a0del Vall\u00e8s Occidental, Sr. Lluis Baulenas, en una reuni\u00f3 amb les direccions dels Centres\u00a0i l\u2019Ajuntament de Castellbisbal, va comunicar que, degut a la baixa natalitat en el\u00a0municipi, es volia tancar una l\u00ednia de P3 a Castellbisbal. El tancament d\u2019aquesta l\u00ednia\u00a0afectaria l\u2019Institut Escola Les Vinyes que, de cara al curs 2014-2015 no oferiria places a\u00a0nou alumnat de P3, garantint per\u00f2 la continu\u00eftat dels alumnes ja matriculats al centre.<\/p>\n<p style=\"text-align: justify;\">El Consell Escolar Municipal en un acord del dia 25 de juny passat, va decidir que, en\u00a0cas de mancan\u00e7a d\u2019alumnes, es demanaria a Serveis Territorials del Vall\u00e8s Occidental\u00a0que els grups de P3 es repartissin entre tots els Centres del municipi, de manera que\u00a0almenys s\u2019ofer\u00eds una l\u00ednia educativa a cada escola. Aquest acord va ser ratificat\u00a0posteriorment pel Ple Municipal.<\/p>\n<p style=\"text-align: justify;\">Aix\u00ed doncs,<strong> en defensa dels acords del municipi, del dret de les fam\u00edlies a l\u2019elecci\u00f3\u00a0de centre, i el dret a l\u2019escolaritzaci\u00f3 en el mateix centre dels germans, s\u2019ha decidit\u00a0emprendre les accions que convinguin per tal de reconduir la situaci\u00f3 en benefici\u00a0de tothom i, molt especialment, de les fam\u00edlies i llurs infants.<\/strong><\/p>\n<p style=\"text-align: justify;\"><strong><\/strong>\u00c9s per aix\u00f2, que l\u2019Ajuntament i les direccions dels centres educatius p\u00fablics del\u00a0municipi fan seu aquest comunicat i adopten el comprom\u00eds de treballar plegats per\u00a0tal de garantir la continu\u00eftat del grup de P3 a totes les escoles de Castellbisbal, i per a\u00a0treballar per una soluci\u00f3 global i duradora que mantingui la qualitat educativa del nostre\u00a0municipi.<\/p>\n<p style=\"text-align: justify;\">Per \u00faltim informem tamb\u00e9 que, en la reuni\u00f3 citada anteriorment, el Sr. Llu\u00eds Baulenas va\u00a0comunicar que, accedint a la petici\u00f3 del Consell Escolar Municipal de modificaci\u00f3 del\u00a0mapa escolar de zonificaci\u00f3, <strong>el nostre municipi passa a ser una zona \u00fanica.<\/strong> Aquesta\u00a0\u00e9s doncs una bona not\u00edcia, ja que permetr\u00e0 que totes les fam\u00edlies, valorant el projecte\u00a0de cada Centre, puguin escollir l\u2019escola on volen portar els seus fills i filles, sempre que\u00a0hi hagi places disponibles.<\/p>\n<p style=\"text-align: right;\">Dolors Conde &#8211; Alcaldessa i regidora d\u2019Educaci\u00f3<br \/>\nM. \u00c0ngels Fuentes \u2013 Directora Escola Els Arenys<br \/>\nJ\u00falia Mart\u00ednez \u2013 Directora Escola Benviure<br \/>\nNeus Cardona \u2013 Directora Escola Montserrat<br \/>\nMaria Fern\u00e1ndez \u2013 Directora Institut Castellbisbal<br \/>\nRosa Sard\u00e0 \u2013 Directora Institut Escola Les Vinyes<\/p>\n<p style=\"text-align: center;\">-o0O0o-<\/p>\n<p style=\"text-align: center;\">PS.\u00a0Els pares i mares de l&#8217;Institut Escola han posat en marxa<br \/>\nla <a href=\"http:\/\/femcreixerlesvinyes.wordpress.com\/\" target=\"_blank\">Plataforma Fem cr\u00e9ixer Les Vinyes<\/a><br \/>\n<strong><span style=\"color: #ff0000;\">Uneix-t&#8217;hi!<\/span><\/strong><\/p>\n","protected":false},"excerpt":{"rendered":"<p>\u00a0 Comunicat de l&#8217;Ajuntament i les direccions dels centres educatius de Castellbisbal\u00a0 El passat 6 de novembre el Director General dels Serveis Territorials d\u2019Ensenyament\u00a0del Vall\u00e8s Occidental, Sr. Lluis Baulenas, en una reuni\u00f3 amb les direccions dels Centres\u00a0i l\u2019Ajuntament de Castellbisbal, va comunicar que, degut a la baixa natalitat en el\u00a0municipi, es volia tancar una l\u00ednia [&hellip;]<\/p>\n","protected":false},"author":1,"featured_media":0,"comment_status":"open","ping_status":"open","sticky":false,"template":"","format":"standard","meta":{"_bbp_topic_count":0,"_bbp_reply_count":0,"_bbp_total_topic_count":0,"_bbp_total_reply_count":0,"_bbp_voice_count":0,"_bbp_anonymous_reply_count":0,"_bbp_topic_count_hidden":0,"_bbp_reply_count_hidden":0,"_bbp_forum_subforum_count":0,"site-sidebar-layout":"default","site-content-layout":"","ast-site-content-layout":"","site-content-style":"default","site-sidebar-style":"default","ast-global-header-display":"","ast-banner-title-visibility":"","ast-main-header-display":"","ast-hfb-above-header-display":"","ast-hfb-below-header-display":"","ast-hfb-mobile-header-display":"","site-post-title":"","ast-breadcrumbs-content":"","ast-featured-img":"","footer-sml-layout":"","theme-transparent-header-meta":"","adv-header-id-meta":"","stick-header-meta":"","header-above-stick-meta":"","header-main-stick-meta":"","header-below-stick-meta":"","astra-migrate-meta-layouts":"default","ast-page-background-enabled":"default","ast-page-background-meta":{"desktop":{"background-color":"var(--ast-global-color-4)","background-image":"","background-repeat":"repeat","background-position":"center center","background-size":"auto","background-attachment":"scroll","background-type":"","background-media":"","overlay-type":"","overlay-color":"","overlay-opacity":"","overlay-gradient":""},"tablet":{"background-color":"","background-image":"","background-repeat":"repeat","background-position":"center center","background-size":"auto","background-attachment":"scroll","background-type":"","background-media":"","overlay-type":"","overlay-color":"","overlay-opacity":"","overlay-gradient":""},"mobile":{"background-color":"","background-image":"","background-repeat":"repeat","background-position":"center center","background-size":"auto","background-attachment":"scroll","background-type":"","background-media":"","overlay-type":"","overlay-color":"","overlay-opacity":"","overlay-gradient":""}},"ast-content-background-meta":{"desktop":{"background-color":"var(--ast-global-color-5)","background-image":"","background-repeat":"repeat","background-position":"center center","background-size":"auto","background-attachment":"scroll","background-type":"","background-media":"","overlay-type":"","overlay-color":"","overlay-opacity":"","overlay-gradient":""},"tablet":{"background-color":"var(--ast-global-color-5)","background-image":"","background-repeat":"repeat","background-position":"center center","background-size":"auto","background-attachment":"scroll","background-type":"","background-media":"","overlay-type":"","overlay-color":"","overlay-opacity":"","overlay-gradient":""},"mobile":{"background-color":"var(--ast-global-color-5)","background-image":"","background-repeat":"repeat","background-position":"center center","background-size":"auto","background-attachment":"scroll","background-type":"","background-media":"","overlay-type":"","overlay-color":"","overlay-opacity":"","overlay-gradient":""}},"footnotes":""},"categories":[326,110,1,100,301],"tags":[],"class_list":["post-3055","post","type-post","status-publish","format-standard","hentry","category-femcreixerlesvinyes","category-2013-14","category-general","category-infipri","category-secundaria"],"post_mailing_queue_ids":[],"_links":{"self":[{"href":"https:\/\/agora.xtec.cat\/ielesvinyes\/wp-json\/wp\/v2\/posts\/3055","targetHints":{"allow":["GET"]}}],"collection":[{"href":"https:\/\/agora.xtec.cat\/ielesvinyes\/wp-json\/wp\/v2\/posts"}],"about":[{"href":"https:\/\/agora.xtec.cat\/ielesvinyes\/wp-json\/wp\/v2\/types\/post"}],"author":[{"embeddable":true,"href":"https:\/\/agora.xtec.cat\/ielesvinyes\/wp-json\/wp\/v2\/users\/1"}],"replies":[{"embeddable":true,"href":"https:\/\/agora.xtec.cat\/ielesvinyes\/wp-json\/wp\/v2\/comments?post=3055"}],"version-history":[{"count":0,"href":"https:\/\/agora.xtec.cat\/ielesvinyes\/wp-json\/wp\/v2\/posts\/3055\/revisions"}],"wp:attachment":[{"href":"https:\/\/agora.xtec.cat\/ielesvinyes\/wp-json\/wp\/v2\/media?parent=3055"}],"wp:term":[{"taxonomy":"category","embeddable":true,"href":"https:\/\/agora.xtec.cat\/ielesvinyes\/wp-json\/wp\/v2\/categories?post=3055"},{"taxonomy":"post_tag","embeddable":true,"href":"https:\/\/agora.xtec.cat\/ielesvinyes\/wp-json\/wp\/v2\/tags?post=3055"}],"curies":[{"name":"wp","href":"https:\/\/api.w.org\/{rel}","templated":true}]}}