{"id":3054,"date":"2013-04-04T13:05:45","date_gmt":"2013-04-04T12:05:45","guid":{"rendered":"http:\/\/ielesvinyes.net\/?p=1227"},"modified":"2022-09-28T07:05:43","modified_gmt":"2022-09-28T05:05:43","slug":"llops-i-papallones-ja-son-de-colonies","status":"publish","type":"post","link":"https:\/\/agora.xtec.cat\/ielesvinyes\/2012-13\/llops-i-papallones-ja-son-de-colonies\/","title":{"rendered":"Llops i Papallones ja s\u00f3n de col\u00f2nies"},"content":{"rendered":"<p>Tornem de vacances\u2026 i ja marxem! \ud83d\ude42<\/p>\n<figure id=\"attachment_1229\" aria-describedby=\"caption-attachment-1229\" style=\"width: 277px\" class=\"wp-caption alignleft\"><a href=\"http:\/\/agora.xtec.cat\/ielesvinyes\/wp-content\/uploads\/usu1433\/2013\/04\/P5-a-La-Carral.jpg\"><img loading=\"lazy\" decoding=\"async\" class=\" wp-image-1229 \" alt=\"P5 a La Carral\" src=\"http:\/\/agora.xtec.cat\/ielesvinyes\/wp-content\/uploads\/usu1433\/2013\/04\/P5-a-La-Carral.jpg\" width=\"277\" height=\"194\" srcset=\"https:\/\/agora.xtec.cat\/ielesvinyes\/wp-content\/uploads\/usu1433\/2013\/04\/P5-a-La-Carral.jpg 1603w, https:\/\/agora.xtec.cat\/ielesvinyes\/wp-content\/uploads\/usu1433\/2013\/04\/P5-a-La-Carral-300x210.jpg 300w, https:\/\/agora.xtec.cat\/ielesvinyes\/wp-content\/uploads\/usu1433\/2013\/04\/P5-a-La-Carral-768x538.jpg 768w, https:\/\/agora.xtec.cat\/ielesvinyes\/wp-content\/uploads\/usu1433\/2013\/04\/P5-a-La-Carral-1024x717.jpg 1024w\" sizes=\"auto, (max-width: 277px) 100vw, 277px\" \/><\/a><figcaption id=\"caption-attachment-1229\" class=\"wp-caption-text\">Papallones i Llops a la Casa de col\u00f2nies<\/figcaption><\/figure>\n<p>B\u00e9, els que han marxat de col\u00f2nies s\u00f3n els nostres Llops i Papallones, els alumnes de P5 que fan les seves col\u00f2nies a La Carral.<\/p>\n<p>El viatge ha anat molt b\u00e9 i ja estan instal\u2022lats en les habitacions. Han fet una mica de coneixement de l\u2019entorn, doncs sembla que el dia aguanta sense ploure.<\/p>\n<figure id=\"attachment_1233\" aria-describedby=\"caption-attachment-1233\" style=\"width: 260px\" class=\"wp-caption alignright\"><a href=\"http:\/\/agora.xtec.cat\/ielesvinyes\/wp-content\/uploads\/usu1433\/2013\/04\/Una-bona-rebuda.jpg\"><img loading=\"lazy\" decoding=\"async\" class=\"wp-image-1233 \" alt=\"Una bona rebuda\" src=\"http:\/\/agora.xtec.cat\/ielesvinyes\/wp-content\/uploads\/usu1433\/2013\/04\/Una-bona-rebuda.jpg\" width=\"260\" height=\"204\" srcset=\"https:\/\/agora.xtec.cat\/ielesvinyes\/wp-content\/uploads\/usu1433\/2013\/04\/Una-bona-rebuda.jpg 1203w, https:\/\/agora.xtec.cat\/ielesvinyes\/wp-content\/uploads\/usu1433\/2013\/04\/Una-bona-rebuda-300x235.jpg 300w, https:\/\/agora.xtec.cat\/ielesvinyes\/wp-content\/uploads\/usu1433\/2013\/04\/Una-bona-rebuda-768x602.jpg 768w, https:\/\/agora.xtec.cat\/ielesvinyes\/wp-content\/uploads\/usu1433\/2013\/04\/Una-bona-rebuda-1024x803.jpg 1024w\" sizes=\"auto, (max-width: 260px) 100vw, 260px\" \/><\/a><figcaption id=\"caption-attachment-1233\" class=\"wp-caption-text\">Una bona rebuda&#8230;<\/figcaption><\/figure>\n<p>Esperem que aquesta tarda puguem fer <em>L\u2019Aventura dels Bandolers<\/em> que tenim prevista!<\/p>\n<p>La resta de centre estem en ple funcionament, planificant el treball globalitzat a l\u2019entorn dels s\u00edmbols de Sant Jordi i reprenent amb energia les classes.<\/p>\n<p>Aquest dissabte exposarem el nostre treball amb les fam\u00edlies a la Jornada\u00a0d&#8217;educaci\u00f3\u00a0<a href=\"http:\/\/www.rosasensat.org\/cursos\/83\/84\/\" target=\"_blank\" rel=\"noopener\">Participaci\u00f3: l&#8217;aprenentatge de la democr\u00e0cia<\/a> de Rosa Sensat, que ens hi han convidat.<\/p>\n<p>Ben retrobats i bon trimestre a tothom!<\/p>\n<p>&nbsp;<\/p>\n","protected":false},"excerpt":{"rendered":"<p>Tornem de vacances\u2026 i ja marxem! \ud83d\ude42 B\u00e9, els que han marxat de col\u00f2nies s\u00f3n els nostres Llops i Papallones, els alumnes de P5 que fan les seves col\u00f2nies a La Carral. El viatge ha anat molt b\u00e9 i ja estan instal\u2022lats en les habitacions. Han fet una mica de coneixement de l\u2019entorn, doncs sembla [&hellip;]<\/p>\n","protected":false},"author":1,"featured_media":0,"comment_status":"open","ping_status":"open","sticky":false,"template":"","format":"standard","meta":{"_bbp_topic_count":0,"_bbp_reply_count":0,"_bbp_total_topic_count":0,"_bbp_total_reply_count":0,"_bbp_voice_count":0,"_bbp_anonymous_reply_count":0,"_bbp_topic_count_hidden":0,"_bbp_reply_count_hidden":0,"_bbp_forum_subforum_count":0,"site-sidebar-layout":"default","site-content-layout":"","ast-site-content-layout":"","site-content-style":"default","site-sidebar-style":"default","ast-global-header-display":"","ast-banner-title-visibility":"","ast-main-header-display":"","ast-hfb-above-header-display":"","ast-hfb-below-header-display":"","ast-hfb-mobile-header-display":"","site-post-title":"","ast-breadcrumbs-content":"","ast-featured-img":"","footer-sml-layout":"","theme-transparent-header-meta":"","adv-header-id-meta":"","stick-header-meta":"","header-above-stick-meta":"","header-main-stick-meta":"","header-below-stick-meta":"","astra-migrate-meta-layouts":"default","ast-page-background-enabled":"default","ast-page-background-meta":{"desktop":{"background-color":"var(--ast-global-color-4)","background-image":"","background-repeat":"repeat","background-position":"center center","background-size":"auto","background-attachment":"scroll","background-type":"","background-media":"","overlay-type":"","overlay-color":"","overlay-opacity":"","overlay-gradient":""},"tablet":{"background-color":"","background-image":"","background-repeat":"repeat","background-position":"center center","background-size":"auto","background-attachment":"scroll","background-type":"","background-media":"","overlay-type":"","overlay-color":"","overlay-opacity":"","overlay-gradient":""},"mobile":{"background-color":"","background-image":"","background-repeat":"repeat","background-position":"center center","background-size":"auto","background-attachment":"scroll","background-type":"","background-media":"","overlay-type":"","overlay-color":"","overlay-opacity":"","overlay-gradient":""}},"ast-content-background-meta":{"desktop":{"background-color":"var(--ast-global-color-5)","background-image":"","background-repeat":"repeat","background-position":"center center","background-size":"auto","background-attachment":"scroll","background-type":"","background-media":"","overlay-type":"","overlay-color":"","overlay-opacity":"","overlay-gradient":""},"tablet":{"background-color":"var(--ast-global-color-5)","background-image":"","background-repeat":"repeat","background-position":"center center","background-size":"auto","background-attachment":"scroll","background-type":"","background-media":"","overlay-type":"","overlay-color":"","overlay-opacity":"","overlay-gradient":""},"mobile":{"background-color":"var(--ast-global-color-5)","background-image":"","background-repeat":"repeat","background-position":"center center","background-size":"auto","background-attachment":"scroll","background-type":"","background-media":"","overlay-type":"","overlay-color":"","overlay-opacity":"","overlay-gradient":""}},"footnotes":""},"categories":[109],"tags":[269],"class_list":["post-3054","post","type-post","status-publish","format-standard","hentry","category-2012-13","tag-sortida"],"post_mailing_queue_ids":[],"_links":{"self":[{"href":"https:\/\/agora.xtec.cat\/ielesvinyes\/wp-json\/wp\/v2\/posts\/3054","targetHints":{"allow":["GET"]}}],"collection":[{"href":"https:\/\/agora.xtec.cat\/ielesvinyes\/wp-json\/wp\/v2\/posts"}],"about":[{"href":"https:\/\/agora.xtec.cat\/ielesvinyes\/wp-json\/wp\/v2\/types\/post"}],"author":[{"embeddable":true,"href":"https:\/\/agora.xtec.cat\/ielesvinyes\/wp-json\/wp\/v2\/users\/1"}],"replies":[{"embeddable":true,"href":"https:\/\/agora.xtec.cat\/ielesvinyes\/wp-json\/wp\/v2\/comments?post=3054"}],"version-history":[{"count":1,"href":"https:\/\/agora.xtec.cat\/ielesvinyes\/wp-json\/wp\/v2\/posts\/3054\/revisions"}],"predecessor-version":[{"id":7442,"href":"https:\/\/agora.xtec.cat\/ielesvinyes\/wp-json\/wp\/v2\/posts\/3054\/revisions\/7442"}],"wp:attachment":[{"href":"https:\/\/agora.xtec.cat\/ielesvinyes\/wp-json\/wp\/v2\/media?parent=3054"}],"wp:term":[{"taxonomy":"category","embeddable":true,"href":"https:\/\/agora.xtec.cat\/ielesvinyes\/wp-json\/wp\/v2\/categories?post=3054"},{"taxonomy":"post_tag","embeddable":true,"href":"https:\/\/agora.xtec.cat\/ielesvinyes\/wp-json\/wp\/v2\/tags?post=3054"}],"curies":[{"name":"wp","href":"https:\/\/api.w.org\/{rel}","templated":true}]}}