{"id":3050,"date":"2012-10-19T17:27:01","date_gmt":"2012-10-19T16:27:01","guid":{"rendered":"http:\/\/ielesvinyes.net\/?p=624"},"modified":"2012-10-19T17:27:01","modified_gmt":"2012-10-19T16:27:01","slug":"reunions-deducacio-infantil-amb-les-families","status":"publish","type":"post","link":"https:\/\/agora.xtec.cat\/ielesvinyes\/general\/reunions-deducacio-infantil-amb-les-families\/","title":{"rendered":"Reunions d&#039;educaci\u00f3 infantil amb les fam\u00edlies"},"content":{"rendered":"<p>El proper<strong> dilluns 22 d\u2019octubre a les 17:30 h<\/strong>, a la biblioteca de l\u2019Institut Escola, tindr\u00e0 lloc la reuni\u00f3 de pares i mares d&#8217;alumnes de<strong> P5<\/strong> amb les mestres d&#8217;educaci\u00f3 infantil. Igualment, el <strong>dimecres 24 d&#8217;octubre<\/strong>, a les 17.30 farem la reuni\u00f3 de <strong>P4<\/strong>, tamb\u00e9 a la biblioteca del centre.<\/p>\n<figure id=\"attachment_625\" aria-describedby=\"caption-attachment-625\" style=\"width: 300px\" class=\"wp-caption alignleft\"><a style=\"color: #ff4b33;\" href=\"http:\/\/agora.xtec.cat\/ielesvinyes\/wp-content\/uploads\/usu1433\/2012\/10\/equip-educaci\u00f3-infantil.jpg\"><img loading=\"lazy\" decoding=\"async\" class=\"size-medium wp-image-625  \" title=\"equip educaci\u00f3 infantil\" src=\"http:\/\/agora.xtec.cat\/ielesvinyes\/wp-content\/uploads\/usu1433\/2012\/10\/equip-educaci\u00f3-infantil-300x245.jpg\" alt=\"\" width=\"300\" height=\"245\" srcset=\"https:\/\/agora.xtec.cat\/ielesvinyes\/wp-content\/uploads\/usu1433\/2012\/10\/equip-educaci\u00f3-infantil-300x245.jpg 300w, https:\/\/agora.xtec.cat\/ielesvinyes\/wp-content\/uploads\/usu1433\/2012\/10\/equip-educaci\u00f3-infantil-768x627.jpg 768w, https:\/\/agora.xtec.cat\/ielesvinyes\/wp-content\/uploads\/usu1433\/2012\/10\/equip-educaci\u00f3-infantil.jpg 830w\" sizes=\"auto, (max-width: 300px) 100vw, 300px\" \/><\/a><figcaption id=\"caption-attachment-625\" class=\"wp-caption-text\">El nostre magn\u00edfic equip d&#8217;educaci\u00f3 infantil!<\/figcaption><\/figure>\n<p>Us presentarem el projecte d&#8217;Educaci\u00f3 infantil, el nou impuls al treball globalitzat, els projectes i els centres d&#8217;inter\u00e8s, els tallers transversals i els racons. Informarem de les sortides i el seu aprofitament did\u00e0ctic i de diferents aspectes organitzatius i pedag\u00f2gics.<\/p>\n<p><strong>Moltes propostes i informacions per aquest nou curs!<\/strong><\/p>\n<p><strong><span style=\"color: #008000;\">Us hi esperem!<\/span><\/strong><\/p>\n<p>Rebreu una convocat\u00f2ria escrita que caldr\u00e0 tornar signada indicant que\u00a0assitiareu\u00a0(o no) a la reuni\u00f3. Us preguem que, per tal de facilitar el bon desenvolupament de la reuni\u00f3, no vingueu acompanyats dels vostres fills i filles.<\/p>\n","protected":false},"excerpt":{"rendered":"<p>El proper dilluns 22 d\u2019octubre a les 17:30 h, a la biblioteca de l\u2019Institut Escola, tindr\u00e0 lloc la reuni\u00f3 de pares i mares d&#8217;alumnes de P5 amb les mestres d&#8217;educaci\u00f3 infantil. Igualment, el dimecres 24 d&#8217;octubre, a les 17.30 farem la reuni\u00f3 de P4, tamb\u00e9 a la biblioteca del centre. Us presentarem el projecte d&#8217;Educaci\u00f3 [&hellip;]<\/p>\n","protected":false},"author":1,"featured_media":0,"comment_status":"open","ping_status":"open","sticky":false,"template":"","format":"standard","meta":{"_bbp_topic_count":0,"_bbp_reply_count":0,"_bbp_total_topic_count":0,"_bbp_total_reply_count":0,"_bbp_voice_count":0,"_bbp_anonymous_reply_count":0,"_bbp_topic_count_hidden":0,"_bbp_reply_count_hidden":0,"_bbp_forum_subforum_count":0,"site-sidebar-layout":"default","site-content-layout":"","ast-site-content-layout":"","site-content-style":"default","site-sidebar-style":"default","ast-global-header-display":"","ast-banner-title-visibility":"","ast-main-header-display":"","ast-hfb-above-header-display":"","ast-hfb-below-header-display":"","ast-hfb-mobile-header-display":"","site-post-title":"","ast-breadcrumbs-content":"","ast-featured-img":"","footer-sml-layout":"","theme-transparent-header-meta":"","adv-header-id-meta":"","stick-header-meta":"","header-above-stick-meta":"","header-main-stick-meta":"","header-below-stick-meta":"","astra-migrate-meta-layouts":"default","ast-page-background-enabled":"default","ast-page-background-meta":{"desktop":{"background-color":"var(--ast-global-color-4)","background-image":"","background-repeat":"repeat","background-position":"center center","background-size":"auto","background-attachment":"scroll","background-type":"","background-media":"","overlay-type":"","overlay-color":"","overlay-opacity":"","overlay-gradient":""},"tablet":{"background-color":"","background-image":"","background-repeat":"repeat","background-position":"center center","background-size":"auto","background-attachment":"scroll","background-type":"","background-media":"","overlay-type":"","overlay-color":"","overlay-opacity":"","overlay-gradient":""},"mobile":{"background-color":"","background-image":"","background-repeat":"repeat","background-position":"center center","background-size":"auto","background-attachment":"scroll","background-type":"","background-media":"","overlay-type":"","overlay-color":"","overlay-opacity":"","overlay-gradient":""}},"ast-content-background-meta":{"desktop":{"background-color":"var(--ast-global-color-5)","background-image":"","background-repeat":"repeat","background-position":"center center","background-size":"auto","background-attachment":"scroll","background-type":"","background-media":"","overlay-type":"","overlay-color":"","overlay-opacity":"","overlay-gradient":""},"tablet":{"background-color":"var(--ast-global-color-5)","background-image":"","background-repeat":"repeat","background-position":"center center","background-size":"auto","background-attachment":"scroll","background-type":"","background-media":"","overlay-type":"","overlay-color":"","overlay-opacity":"","overlay-gradient":""},"mobile":{"background-color":"var(--ast-global-color-5)","background-image":"","background-repeat":"repeat","background-position":"center center","background-size":"auto","background-attachment":"scroll","background-type":"","background-media":"","overlay-type":"","overlay-color":"","overlay-opacity":"","overlay-gradient":""}},"footnotes":""},"categories":[1],"tags":[260],"class_list":["post-3050","post","type-post","status-publish","format-standard","hentry","category-general","tag-reunio"],"post_mailing_queue_ids":[],"_links":{"self":[{"href":"https:\/\/agora.xtec.cat\/ielesvinyes\/wp-json\/wp\/v2\/posts\/3050","targetHints":{"allow":["GET"]}}],"collection":[{"href":"https:\/\/agora.xtec.cat\/ielesvinyes\/wp-json\/wp\/v2\/posts"}],"about":[{"href":"https:\/\/agora.xtec.cat\/ielesvinyes\/wp-json\/wp\/v2\/types\/post"}],"author":[{"embeddable":true,"href":"https:\/\/agora.xtec.cat\/ielesvinyes\/wp-json\/wp\/v2\/users\/1"}],"replies":[{"embeddable":true,"href":"https:\/\/agora.xtec.cat\/ielesvinyes\/wp-json\/wp\/v2\/comments?post=3050"}],"version-history":[{"count":0,"href":"https:\/\/agora.xtec.cat\/ielesvinyes\/wp-json\/wp\/v2\/posts\/3050\/revisions"}],"wp:attachment":[{"href":"https:\/\/agora.xtec.cat\/ielesvinyes\/wp-json\/wp\/v2\/media?parent=3050"}],"wp:term":[{"taxonomy":"category","embeddable":true,"href":"https:\/\/agora.xtec.cat\/ielesvinyes\/wp-json\/wp\/v2\/categories?post=3050"},{"taxonomy":"post_tag","embeddable":true,"href":"https:\/\/agora.xtec.cat\/ielesvinyes\/wp-json\/wp\/v2\/tags?post=3050"}],"curies":[{"name":"wp","href":"https:\/\/api.w.org\/{rel}","templated":true}]}}