{"id":3049,"date":"2012-09-16T11:26:38","date_gmt":"2012-09-16T10:26:38","guid":{"rendered":"http:\/\/ielesvinyes.net\/?p=573"},"modified":"2012-09-16T11:26:38","modified_gmt":"2012-09-16T10:26:38","slug":"el-curs-2012-2013-a-tota-vela","status":"publish","type":"post","link":"https:\/\/agora.xtec.cat\/ielesvinyes\/general\/el-curs-2012-2013-a-tota-vela\/","title":{"rendered":"El curs 2012-2013, a tota vela!"},"content":{"rendered":"<p style=\"text-align: center;\">Hem fet aquesta setmana l&#8217;acollida dels <a href=\"http:\/\/infantil.ielesvinyes.net\/2012\/09\/comencem-un-nou-curs\/\" target=\"_blank\">nous alumnes de P3<\/a> i de <a href=\"http:\/\/eso.ielesvinyes.net\/2012\/09\/inici-del-curs-2012-2013\/\" target=\"_blank\">primer d&#8217;ESO<\/a>. Infants grans o petits que s&#8217;incorporen, juntament amb les seves fam\u00edlies, a la nostra comunitat educativa. L&#8217;etapa d&#8217;educaci\u00f3 infantil es completa aquest curs i l&#8217;ESO comen\u00e7a a cr\u00e9ixer.<\/p>\n<p style=\"text-align: left;\"><a href=\"http:\/\/agora.xtec.cat\/ielesvinyes\/wp-content\/uploads\/usu1433\/2012\/09\/acollida.jpg\"><img loading=\"lazy\" decoding=\"async\" class=\"wp-image-548 aligncenter\" title=\"Acollida 2012\" src=\"http:\/\/agora.xtec.cat\/ielesvinyes\/wp-content\/uploads\/usu1433\/2012\/09\/acollida.jpg\" alt=\"\" width=\"522\" height=\"382\" srcset=\"https:\/\/agora.xtec.cat\/ielesvinyes\/wp-content\/uploads\/usu1433\/2012\/09\/acollida.jpg 815w, https:\/\/agora.xtec.cat\/ielesvinyes\/wp-content\/uploads\/usu1433\/2012\/09\/acollida-300x220.jpg 300w, https:\/\/agora.xtec.cat\/ielesvinyes\/wp-content\/uploads\/usu1433\/2012\/09\/acollida-768x564.jpg 768w\" sizes=\"auto, (max-width: 522px) 100vw, 522px\" \/><\/a><br \/>\nAmb molta il\u2022lusi\u00f3 per a continuar desenvolupant els eixos del nostre projecte educatiu: aprofundint en els projectes de treball a Infantil i en <a href=\"http:\/\/eso.ielesvinyes.net\/tag\/projecte\/\" target=\"_blank\">els projectes trimestrals a l\u2019ESO<\/a>, potenciant activitats i tasques centrades en les compet\u00e8ncies (franja de treball globalitzat, tallers internivell), endegant noves propostes (Lectura en parella, Padrins de lectura, L\u2019hora del cinema i el \u201cEl bon dia\u201d), procurant el creixement professional i integraci\u00f3 del nou professorat, treballant per la digitalitzaci\u00f3 progressiva de l&#8217;Institut-Escola i, sobretot, <strong>procurant l&#8217;\u00e8xit escolar i personal de tots els alumnes del centre<\/strong>.<\/p>\n<p style=\"text-align: left;\"><strong><span style=\"color: #008000;\">Que tinguem tots un bon curs!<\/span><\/strong><\/p>\n<p style=\"text-align: center;\">\n","protected":false},"excerpt":{"rendered":"<p>Hem fet aquesta setmana l&#8217;acollida dels nous alumnes de P3 i de primer d&#8217;ESO. Infants grans o petits que s&#8217;incorporen, juntament amb les seves fam\u00edlies, a la nostra comunitat educativa. L&#8217;etapa d&#8217;educaci\u00f3 infantil es completa aquest curs i l&#8217;ESO comen\u00e7a a cr\u00e9ixer. Amb molta il\u2022lusi\u00f3 per a continuar desenvolupant els eixos del nostre projecte educatiu: [&hellip;]<\/p>\n","protected":false},"author":18,"featured_media":0,"comment_status":"open","ping_status":"open","sticky":false,"template":"","format":"standard","meta":{"_bbp_topic_count":0,"_bbp_reply_count":0,"_bbp_total_topic_count":0,"_bbp_total_reply_count":0,"_bbp_voice_count":0,"_bbp_anonymous_reply_count":0,"_bbp_topic_count_hidden":0,"_bbp_reply_count_hidden":0,"_bbp_forum_subforum_count":0,"site-sidebar-layout":"default","site-content-layout":"","ast-site-content-layout":"","site-content-style":"default","site-sidebar-style":"default","ast-global-header-display":"","ast-banner-title-visibility":"","ast-main-header-display":"","ast-hfb-above-header-display":"","ast-hfb-below-header-display":"","ast-hfb-mobile-header-display":"","site-post-title":"","ast-breadcrumbs-content":"","ast-featured-img":"","footer-sml-layout":"","theme-transparent-header-meta":"","adv-header-id-meta":"","stick-header-meta":"","header-above-stick-meta":"","header-main-stick-meta":"","header-below-stick-meta":"","astra-migrate-meta-layouts":"default","ast-page-background-enabled":"default","ast-page-background-meta":{"desktop":{"background-color":"var(--ast-global-color-4)","background-image":"","background-repeat":"repeat","background-position":"center center","background-size":"auto","background-attachment":"scroll","background-type":"","background-media":"","overlay-type":"","overlay-color":"","overlay-opacity":"","overlay-gradient":""},"tablet":{"background-color":"","background-image":"","background-repeat":"repeat","background-position":"center center","background-size":"auto","background-attachment":"scroll","background-type":"","background-media":"","overlay-type":"","overlay-color":"","overlay-opacity":"","overlay-gradient":""},"mobile":{"background-color":"","background-image":"","background-repeat":"repeat","background-position":"center center","background-size":"auto","background-attachment":"scroll","background-type":"","background-media":"","overlay-type":"","overlay-color":"","overlay-opacity":"","overlay-gradient":""}},"ast-content-background-meta":{"desktop":{"background-color":"var(--ast-global-color-5)","background-image":"","background-repeat":"repeat","background-position":"center center","background-size":"auto","background-attachment":"scroll","background-type":"","background-media":"","overlay-type":"","overlay-color":"","overlay-opacity":"","overlay-gradient":""},"tablet":{"background-color":"var(--ast-global-color-5)","background-image":"","background-repeat":"repeat","background-position":"center center","background-size":"auto","background-attachment":"scroll","background-type":"","background-media":"","overlay-type":"","overlay-color":"","overlay-opacity":"","overlay-gradient":""},"mobile":{"background-color":"var(--ast-global-color-5)","background-image":"","background-repeat":"repeat","background-position":"center center","background-size":"auto","background-attachment":"scroll","background-type":"","background-media":"","overlay-type":"","overlay-color":"","overlay-opacity":"","overlay-gradient":""}},"footnotes":""},"categories":[1],"tags":[161],"class_list":["post-3049","post","type-post","status-publish","format-standard","hentry","category-general","tag-acollida"],"post_mailing_queue_ids":[],"_links":{"self":[{"href":"https:\/\/agora.xtec.cat\/ielesvinyes\/wp-json\/wp\/v2\/posts\/3049","targetHints":{"allow":["GET"]}}],"collection":[{"href":"https:\/\/agora.xtec.cat\/ielesvinyes\/wp-json\/wp\/v2\/posts"}],"about":[{"href":"https:\/\/agora.xtec.cat\/ielesvinyes\/wp-json\/wp\/v2\/types\/post"}],"author":[{"embeddable":true,"href":"https:\/\/agora.xtec.cat\/ielesvinyes\/wp-json\/wp\/v2\/users\/18"}],"replies":[{"embeddable":true,"href":"https:\/\/agora.xtec.cat\/ielesvinyes\/wp-json\/wp\/v2\/comments?post=3049"}],"version-history":[{"count":0,"href":"https:\/\/agora.xtec.cat\/ielesvinyes\/wp-json\/wp\/v2\/posts\/3049\/revisions"}],"wp:attachment":[{"href":"https:\/\/agora.xtec.cat\/ielesvinyes\/wp-json\/wp\/v2\/media?parent=3049"}],"wp:term":[{"taxonomy":"category","embeddable":true,"href":"https:\/\/agora.xtec.cat\/ielesvinyes\/wp-json\/wp\/v2\/categories?post=3049"},{"taxonomy":"post_tag","embeddable":true,"href":"https:\/\/agora.xtec.cat\/ielesvinyes\/wp-json\/wp\/v2\/tags?post=3049"}],"curies":[{"name":"wp","href":"https:\/\/api.w.org\/{rel}","templated":true}]}}