{"id":3048,"date":"2012-09-03T18:02:11","date_gmt":"2012-09-03T17:02:11","guid":{"rendered":"http:\/\/ielesvinyes.net\/?p=533"},"modified":"2012-09-03T18:02:11","modified_gmt":"2012-09-03T17:02:11","slug":"inici-del-curs-2013-2013","status":"publish","type":"post","link":"https:\/\/agora.xtec.cat\/ielesvinyes\/general\/inici-del-curs-2013-2013\/","title":{"rendered":"Inici del curs 2013-2013"},"content":{"rendered":"<figure id=\"attachment_534\" aria-describedby=\"caption-attachment-534\" style=\"width: 154px\" class=\"wp-caption alignleft\"><img loading=\"lazy\" decoding=\"async\" class=\" wp-image-534   \" title=\"Piles carregades!\" src=\"http:\/\/agora.xtec.cat\/ielesvinyes\/wp-content\/uploads\/usu1433\/2012\/09\/73092368-220x300.jpg\" alt=\"\" width=\"154\" height=\"210\" \/><figcaption id=\"caption-attachment-534\" class=\"wp-caption-text\">Piles carregades!<\/figcaption><\/figure>\n<p>Hem donat el tret de sortida del <strong>nou curs 2012-2013<\/strong> amb un claustre amb tot el professorat del centre, format per 21 professionals d&#8217;educaci\u00f3 infantil i secund\u00e0ria. Tot comen\u00e7a a posar-se en marxa per tal de rebre l&#8217;alumnat de P3, P4, P5, 1r d&#8217;ESO i 2n d&#8217;ESO!<\/p>\n<p>Aprofitem per recordar-vos que dem\u00e0 <strong>dimarts 4, a les 10 h, hi ha els ex\u00e0mens de recuperaci\u00f3 de l&#8217;ESO<\/strong> i \u00a0que el proper dimarts 12\u00a0comencem\u00a0les classes amb un <strong>Pla d&#8217;acollida a l&#8217;educaci\u00f3 secund\u00e0ria<\/strong> durant\u00a0els dies 12, 13 i 14, que anir\u00e0 de 9h. a 13:30 h. A partir de dilluns 17, farem l&#8217;horari de jornada continuada a l&#8217;ESO, de 8 h a 14.30 h.<\/p>\n<p>Pel que fa a <strong><a href=\"http:\/\/infantil.ielesvinyes.net\/2012\/09\/comencem-un-nou-curs\/\" target=\"_blank\">l&#8217;educaci\u00f3 infantil<\/a>, els infants de P3 faran l&#8217;adaptaci\u00f3 al centre<\/strong> i els alumnes de <strong>P4 i P5 faran l&#8217;horari habitual de l&#8217;educaci\u00f3 infantil<\/strong>: matins de 9:00 h. a 12\u201930 h. i tardes de\u00a015:00 h. a 16\u201930 h.<\/p>\n<p>Ben retrobats i que tinguem tots un bon curs!<\/p>\n<p><a href=\"http:\/\/ielesvinyes.net\/2012\/07\/20\/525\/\" target=\"_blank\">+ informacions<\/a><\/p>\n","protected":false},"excerpt":{"rendered":"<p>Hem donat el tret de sortida del nou curs 2012-2013 amb un claustre amb tot el professorat del centre, format per 21 professionals d&#8217;educaci\u00f3 infantil i secund\u00e0ria. Tot comen\u00e7a a posar-se en marxa per tal de rebre l&#8217;alumnat de P3, P4, P5, 1r d&#8217;ESO i 2n d&#8217;ESO! Aprofitem per recordar-vos que dem\u00e0 dimarts 4, a [&hellip;]<\/p>\n","protected":false},"author":1,"featured_media":0,"comment_status":"open","ping_status":"open","sticky":false,"template":"","format":"standard","meta":{"_bbp_topic_count":0,"_bbp_reply_count":0,"_bbp_total_topic_count":0,"_bbp_total_reply_count":0,"_bbp_voice_count":0,"_bbp_anonymous_reply_count":0,"_bbp_topic_count_hidden":0,"_bbp_reply_count_hidden":0,"_bbp_forum_subforum_count":0,"site-sidebar-layout":"default","site-content-layout":"","ast-site-content-layout":"","site-content-style":"default","site-sidebar-style":"default","ast-global-header-display":"","ast-banner-title-visibility":"","ast-main-header-display":"","ast-hfb-above-header-display":"","ast-hfb-below-header-display":"","ast-hfb-mobile-header-display":"","site-post-title":"","ast-breadcrumbs-content":"","ast-featured-img":"","footer-sml-layout":"","theme-transparent-header-meta":"","adv-header-id-meta":"","stick-header-meta":"","header-above-stick-meta":"","header-main-stick-meta":"","header-below-stick-meta":"","astra-migrate-meta-layouts":"default","ast-page-background-enabled":"default","ast-page-background-meta":{"desktop":{"background-color":"var(--ast-global-color-4)","background-image":"","background-repeat":"repeat","background-position":"center center","background-size":"auto","background-attachment":"scroll","background-type":"","background-media":"","overlay-type":"","overlay-color":"","overlay-opacity":"","overlay-gradient":""},"tablet":{"background-color":"","background-image":"","background-repeat":"repeat","background-position":"center center","background-size":"auto","background-attachment":"scroll","background-type":"","background-media":"","overlay-type":"","overlay-color":"","overlay-opacity":"","overlay-gradient":""},"mobile":{"background-color":"","background-image":"","background-repeat":"repeat","background-position":"center center","background-size":"auto","background-attachment":"scroll","background-type":"","background-media":"","overlay-type":"","overlay-color":"","overlay-opacity":"","overlay-gradient":""}},"ast-content-background-meta":{"desktop":{"background-color":"var(--ast-global-color-5)","background-image":"","background-repeat":"repeat","background-position":"center center","background-size":"auto","background-attachment":"scroll","background-type":"","background-media":"","overlay-type":"","overlay-color":"","overlay-opacity":"","overlay-gradient":""},"tablet":{"background-color":"var(--ast-global-color-5)","background-image":"","background-repeat":"repeat","background-position":"center center","background-size":"auto","background-attachment":"scroll","background-type":"","background-media":"","overlay-type":"","overlay-color":"","overlay-opacity":"","overlay-gradient":""},"mobile":{"background-color":"var(--ast-global-color-5)","background-image":"","background-repeat":"repeat","background-position":"center center","background-size":"auto","background-attachment":"scroll","background-type":"","background-media":"","overlay-type":"","overlay-color":"","overlay-opacity":"","overlay-gradient":""}},"footnotes":""},"categories":[1,301],"tags":[],"class_list":["post-3048","post","type-post","status-publish","format-standard","hentry","category-general","category-secundaria"],"post_mailing_queue_ids":[],"_links":{"self":[{"href":"https:\/\/agora.xtec.cat\/ielesvinyes\/wp-json\/wp\/v2\/posts\/3048","targetHints":{"allow":["GET"]}}],"collection":[{"href":"https:\/\/agora.xtec.cat\/ielesvinyes\/wp-json\/wp\/v2\/posts"}],"about":[{"href":"https:\/\/agora.xtec.cat\/ielesvinyes\/wp-json\/wp\/v2\/types\/post"}],"author":[{"embeddable":true,"href":"https:\/\/agora.xtec.cat\/ielesvinyes\/wp-json\/wp\/v2\/users\/1"}],"replies":[{"embeddable":true,"href":"https:\/\/agora.xtec.cat\/ielesvinyes\/wp-json\/wp\/v2\/comments?post=3048"}],"version-history":[{"count":0,"href":"https:\/\/agora.xtec.cat\/ielesvinyes\/wp-json\/wp\/v2\/posts\/3048\/revisions"}],"wp:attachment":[{"href":"https:\/\/agora.xtec.cat\/ielesvinyes\/wp-json\/wp\/v2\/media?parent=3048"}],"wp:term":[{"taxonomy":"category","embeddable":true,"href":"https:\/\/agora.xtec.cat\/ielesvinyes\/wp-json\/wp\/v2\/categories?post=3048"},{"taxonomy":"post_tag","embeddable":true,"href":"https:\/\/agora.xtec.cat\/ielesvinyes\/wp-json\/wp\/v2\/tags?post=3048"}],"curies":[{"name":"wp","href":"https:\/\/api.w.org\/{rel}","templated":true}]}}