{"id":3047,"date":"2012-07-20T09:09:18","date_gmt":"2012-07-20T08:09:18","guid":{"rendered":"http:\/\/ielesvinyes.net\/?p=525"},"modified":"2022-09-28T06:59:54","modified_gmt":"2022-09-28T04:59:54","slug":"525","status":"publish","type":"post","link":"https:\/\/agora.xtec.cat\/ielesvinyes\/general\/525\/","title":{"rendered":"Preparaci\u00f3 del curs 2012-2013"},"content":{"rendered":"<p>En ple per\u00edode de vacances escolars, estem preparant ja el nou curs amb molta il\u2022lusi\u00f3, amb nous reptes i amb nous projectes, dels quals en podreu anar fent el seguiment a trav\u00e9s d&#8217;aquesta p\u00e0gina web.<\/p>\n<p>Abans de comen\u00e7ar per\u00f2, us volem fer arribar unes informacions:<\/p>\n<p><strong>Educaci\u00f3 Secund\u00e0ria<\/strong><\/p>\n<p>\u2022 Comen\u00e7arem les classes el proper dia 12 de setembre. Durant els dies 12, 13 i 14 farem un horari especial: de 9h. a 13:30 h. per tal de fer conjuntament, professorat i alumnat, l\u2019acollida dels nous alumnes.<br \/>\n\u2022 A partir del dia 17 de setembre ja farem l\u2019horari establert. Aprofitem per informar-vos que el departament d\u2019Ensenyament ens ha autoritzat a fer jornada continuada, per tant l\u2019horari lectiu del curs 2012-2013 ser\u00e0 de 8:00 h. a 14:30 h.<br \/>\n\u2022 Us recordem que les dates per recollir els llibres de reutilitzaci\u00f3 s\u00f3n els dies 5 de setembre (1r d\u2019ESO), 6 de setembre (2n d\u2019ESO), 7 de setembre (P-5 i repetidors de 1r d\u2019ESO).<br \/>\n\u2022 L\u2019import del material escolar \u00e9s de 150 \u20ac. Us adjuntem un full amb les instruccions per fer efectiu aquest pagament que, recordem, cal fer abans del 30 de setembre. Recordeu d\u2019entregar al\/la tutor\/a, tan bon punt el tingueu, el comprovant d\u2019aquest pagament, amb el nom i cognoms del vostre fill o filla. En el cas de possibles alumnes repetidors, podeu fer el pagament amb el codi que us fem arribar, doncs l\u2019import \u00e9s el mateix a 1r d\u2019ESO que a 2n.<br \/>\n\u2022 Durant el mes de setembre rebreu un full especificant les sortides que es portaran a terme aquest curs, el seu import, i les instruccions per fer el pagament.<br \/>\n\u2022 A finals d\u2019octubre us convocarem a una reuni\u00f3 de grup-tutoria per informar-vos del funcionament de les classes, del curr\u00edculum que treballarem i per parlar de totes les q\u00fcestions que us puguin interessar.<\/p>\n<p><strong>Educaci\u00f3 infantil<\/strong><\/p>\n<p>\u2022 Inici de curs: Les classes comen\u00e7aran el proper dia 12 de setembre. L\u2019horari ser\u00e0 el mateix del curs anterior:<br \/>\n&#8211; Matins: de 9:00 h. a 12\u201930 h.<br \/>\n&#8211; Tardes: de 15:00 h. a 16\u201930 h.<br \/>\nUs recordem que els nens i nenes de P4 i P5 no fan horari d\u2019adaptaci\u00f3.<br \/>\n\u2022 Menjador: El servei de menjador comen\u00e7ar\u00e0, pels alumnes de P4 i de P5, el dia 12 de setembre. Els alumnes de P3 podran quedar-se a dinar a partir del dilluns dia 17 de setembre, encara que des del Centre, i amb la finalitat d\u2019afavorir una adaptaci\u00f3 tranquil\u2022la i pl\u00e0cida, recomanem que no deixeu els nens i nenes al menjador fins al cap d\u2019uns dies, quan ja estiguin m\u00e9s acostumats a les noves mestres, als companys\/es i als espais.<\/p>\n<p><strong>Informacions diverses<\/strong><br \/>\n\u2022 L\u2019import del material escolar \u00e9s de 100 \u20ac per als socis de l\u2019AMPA, i de 140\u20ac per als no socis. Us adjuntem un full amb les instruccions per fer efectiu aquest pagament que, recordem, cal fer abans del 30 de setembre. Recordeu de lliurar a la tutora, tan bon punt el tingueu, el comprovant de pagament de la quota del material escolar, AMB EL NOM I COGNOMS DEL VOSTRE FILL O FILLA.<br \/>\n\u2022 Durant el mes de setembre rebreu un full especificant les sortides que es portaran a terme aquest curs, el seu import, i les instruccions per fer el pagament.<br \/>\n\u2022 Un cop hagi comen\u00e7at el curs, coneguem els nens i nenes i haguem comen\u00e7at les activitats (cap a finals d\u2019octubre o principis de novembre), us convocarem a una reuni\u00f3 de grup per informar-vos del funcionament de les classes, del curr\u00edculum que treballarem i per parlar de totes les q\u00fcestions que us puguin interessar.<br \/>\n\u2022 Us recordem que la data per recollir els llibres de P5 \u00e9s el dia 7 de setembre.<\/p>\n<p>Bon estiu!<\/p>\n","protected":false},"excerpt":{"rendered":"<p>En ple per\u00edode de vacances escolars, estem preparant ja el nou curs amb molta il\u2022lusi\u00f3, amb nous reptes i amb nous projectes, dels quals en podreu anar fent el seguiment a trav\u00e9s d&#8217;aquesta p\u00e0gina web. Abans de comen\u00e7ar per\u00f2, us volem fer arribar unes informacions: Educaci\u00f3 Secund\u00e0ria \u2022 Comen\u00e7arem les classes el proper dia 12 [&hellip;]<\/p>\n","protected":false},"author":6,"featured_media":0,"comment_status":"open","ping_status":"open","sticky":false,"template":"","format":"standard","meta":{"_bbp_topic_count":0,"_bbp_reply_count":0,"_bbp_total_topic_count":0,"_bbp_total_reply_count":0,"_bbp_voice_count":0,"_bbp_anonymous_reply_count":0,"_bbp_topic_count_hidden":0,"_bbp_reply_count_hidden":0,"_bbp_forum_subforum_count":0,"site-sidebar-layout":"default","site-content-layout":"","ast-site-content-layout":"","site-content-style":"default","site-sidebar-style":"default","ast-global-header-display":"","ast-banner-title-visibility":"","ast-main-header-display":"","ast-hfb-above-header-display":"","ast-hfb-below-header-display":"","ast-hfb-mobile-header-display":"","site-post-title":"","ast-breadcrumbs-content":"","ast-featured-img":"","footer-sml-layout":"","theme-transparent-header-meta":"","adv-header-id-meta":"","stick-header-meta":"","header-above-stick-meta":"","header-main-stick-meta":"","header-below-stick-meta":"","astra-migrate-meta-layouts":"default","ast-page-background-enabled":"default","ast-page-background-meta":{"desktop":{"background-color":"var(--ast-global-color-4)","background-image":"","background-repeat":"repeat","background-position":"center center","background-size":"auto","background-attachment":"scroll","background-type":"","background-media":"","overlay-type":"","overlay-color":"","overlay-opacity":"","overlay-gradient":""},"tablet":{"background-color":"","background-image":"","background-repeat":"repeat","background-position":"center center","background-size":"auto","background-attachment":"scroll","background-type":"","background-media":"","overlay-type":"","overlay-color":"","overlay-opacity":"","overlay-gradient":""},"mobile":{"background-color":"","background-image":"","background-repeat":"repeat","background-position":"center center","background-size":"auto","background-attachment":"scroll","background-type":"","background-media":"","overlay-type":"","overlay-color":"","overlay-opacity":"","overlay-gradient":""}},"ast-content-background-meta":{"desktop":{"background-color":"var(--ast-global-color-5)","background-image":"","background-repeat":"repeat","background-position":"center center","background-size":"auto","background-attachment":"scroll","background-type":"","background-media":"","overlay-type":"","overlay-color":"","overlay-opacity":"","overlay-gradient":""},"tablet":{"background-color":"var(--ast-global-color-5)","background-image":"","background-repeat":"repeat","background-position":"center center","background-size":"auto","background-attachment":"scroll","background-type":"","background-media":"","overlay-type":"","overlay-color":"","overlay-opacity":"","overlay-gradient":""},"mobile":{"background-color":"var(--ast-global-color-5)","background-image":"","background-repeat":"repeat","background-position":"center center","background-size":"auto","background-attachment":"scroll","background-type":"","background-media":"","overlay-type":"","overlay-color":"","overlay-opacity":"","overlay-gradient":""}},"footnotes":""},"categories":[108,1,301],"tags":[],"class_list":["post-3047","post","type-post","status-publish","format-standard","hentry","category-2011-12","category-general","category-secundaria"],"post_mailing_queue_ids":[],"_links":{"self":[{"href":"https:\/\/agora.xtec.cat\/ielesvinyes\/wp-json\/wp\/v2\/posts\/3047","targetHints":{"allow":["GET"]}}],"collection":[{"href":"https:\/\/agora.xtec.cat\/ielesvinyes\/wp-json\/wp\/v2\/posts"}],"about":[{"href":"https:\/\/agora.xtec.cat\/ielesvinyes\/wp-json\/wp\/v2\/types\/post"}],"author":[{"embeddable":true,"href":"https:\/\/agora.xtec.cat\/ielesvinyes\/wp-json\/wp\/v2\/users\/6"}],"replies":[{"embeddable":true,"href":"https:\/\/agora.xtec.cat\/ielesvinyes\/wp-json\/wp\/v2\/comments?post=3047"}],"version-history":[{"count":1,"href":"https:\/\/agora.xtec.cat\/ielesvinyes\/wp-json\/wp\/v2\/posts\/3047\/revisions"}],"predecessor-version":[{"id":7399,"href":"https:\/\/agora.xtec.cat\/ielesvinyes\/wp-json\/wp\/v2\/posts\/3047\/revisions\/7399"}],"wp:attachment":[{"href":"https:\/\/agora.xtec.cat\/ielesvinyes\/wp-json\/wp\/v2\/media?parent=3047"}],"wp:term":[{"taxonomy":"category","embeddable":true,"href":"https:\/\/agora.xtec.cat\/ielesvinyes\/wp-json\/wp\/v2\/categories?post=3047"},{"taxonomy":"post_tag","embeddable":true,"href":"https:\/\/agora.xtec.cat\/ielesvinyes\/wp-json\/wp\/v2\/tags?post=3047"}],"curies":[{"name":"wp","href":"https:\/\/api.w.org\/{rel}","templated":true}]}}