{"id":3044,"date":"2012-05-31T14:59:41","date_gmt":"2012-05-31T13:59:41","guid":{"rendered":"http:\/\/ielesvinyes.net\/?p=474"},"modified":"2022-09-28T06:59:54","modified_gmt":"2022-09-28T04:59:54","slug":"semifinalistes-al-concurs-de-lectura-en-veu-alta","status":"publish","type":"post","link":"https:\/\/agora.xtec.cat\/ielesvinyes\/2011-12\/semifinalistes-al-concurs-de-lectura-en-veu-alta\/","title":{"rendered":"Semifinalistes al concurs de Lectura en Veu Alta"},"content":{"rendered":"<p>L&#8217;alumne Guillem Artigau de 1r d&#8217;ESO del Centre ha quedat semifinalista en el VIII Concurs Nacional Infantil i Juvenil de Lectura en Veu Alta, celebrat a Barcelona.<br \/>\nEl concurs promou el gust per la lectura, la vocalitzaci\u00f3, l&#8217;entonaci\u00f3 i la comprensi\u00f3 lectora.<br \/>\nFelicitem a en Guillem i l&#8217;animem per a que arribi a la final!<\/p>\n<p><object type=\"application\/x-shockwave-flash\" width=\"400\" height=\"300\" data=\"http:\/\/www.flickr.com\/apps\/video\/stewart.swf?v=109786\" classid=\"clsid:D27CDB6E-AE6D-11cf-96B8-444553540000\"><param name=\"flashvars\" value=\"intl_lang=es-us&#038;photo_secret=b6bba791bc&#038;photo_id=7254727776\"><\/param><param name=\"movie\" value=\"http:\/\/www.flickr.com\/apps\/video\/stewart.swf?v=109786\"><\/param><param name=\"bgcolor\" value=\"#000000\"><\/param><param name=\"allowFullScreen\" value=\"true\"><\/param><embed type=\"application\/x-shockwave-flash\" src=\"http:\/\/www.flickr.com\/apps\/video\/stewart.swf?v=109786\" bgcolor=\"#000000\" allowfullscreen=\"true\" flashvars=\"intl_lang=es-us&#038;photo_secret=b6bba791bc&#038;photo_id=7254727776\" height=\"300\" width=\"400\"><\/embed><\/object><\/p>\n","protected":false},"excerpt":{"rendered":"<p>L&#8217;alumne Guillem Artigau de 1r d&#8217;ESO del Centre ha quedat semifinalista en el VIII Concurs Nacional Infantil i Juvenil de Lectura en Veu Alta, celebrat a Barcelona. El concurs promou el gust per la lectura, la vocalitzaci\u00f3, l&#8217;entonaci\u00f3 i la comprensi\u00f3 lectora. Felicitem a en Guillem i l&#8217;animem per a que arribi a la final!<\/p>\n","protected":false},"author":6,"featured_media":0,"comment_status":"open","ping_status":"open","sticky":false,"template":"","format":"standard","meta":{"_bbp_topic_count":0,"_bbp_reply_count":0,"_bbp_total_topic_count":0,"_bbp_total_reply_count":0,"_bbp_voice_count":0,"_bbp_anonymous_reply_count":0,"_bbp_topic_count_hidden":0,"_bbp_reply_count_hidden":0,"_bbp_forum_subforum_count":0,"site-sidebar-layout":"default","site-content-layout":"","ast-site-content-layout":"","site-content-style":"default","site-sidebar-style":"default","ast-global-header-display":"","ast-banner-title-visibility":"","ast-main-header-display":"","ast-hfb-above-header-display":"","ast-hfb-below-header-display":"","ast-hfb-mobile-header-display":"","site-post-title":"","ast-breadcrumbs-content":"","ast-featured-img":"","footer-sml-layout":"","theme-transparent-header-meta":"","adv-header-id-meta":"","stick-header-meta":"","header-above-stick-meta":"","header-main-stick-meta":"","header-below-stick-meta":"","astra-migrate-meta-layouts":"default","ast-page-background-enabled":"default","ast-page-background-meta":{"desktop":{"background-color":"var(--ast-global-color-4)","background-image":"","background-repeat":"repeat","background-position":"center center","background-size":"auto","background-attachment":"scroll","background-type":"","background-media":"","overlay-type":"","overlay-color":"","overlay-opacity":"","overlay-gradient":""},"tablet":{"background-color":"","background-image":"","background-repeat":"repeat","background-position":"center center","background-size":"auto","background-attachment":"scroll","background-type":"","background-media":"","overlay-type":"","overlay-color":"","overlay-opacity":"","overlay-gradient":""},"mobile":{"background-color":"","background-image":"","background-repeat":"repeat","background-position":"center center","background-size":"auto","background-attachment":"scroll","background-type":"","background-media":"","overlay-type":"","overlay-color":"","overlay-opacity":"","overlay-gradient":""}},"ast-content-background-meta":{"desktop":{"background-color":"var(--ast-global-color-5)","background-image":"","background-repeat":"repeat","background-position":"center center","background-size":"auto","background-attachment":"scroll","background-type":"","background-media":"","overlay-type":"","overlay-color":"","overlay-opacity":"","overlay-gradient":""},"tablet":{"background-color":"var(--ast-global-color-5)","background-image":"","background-repeat":"repeat","background-position":"center center","background-size":"auto","background-attachment":"scroll","background-type":"","background-media":"","overlay-type":"","overlay-color":"","overlay-opacity":"","overlay-gradient":""},"mobile":{"background-color":"var(--ast-global-color-5)","background-image":"","background-repeat":"repeat","background-position":"center center","background-size":"auto","background-attachment":"scroll","background-type":"","background-media":"","overlay-type":"","overlay-color":"","overlay-opacity":"","overlay-gradient":""}},"footnotes":""},"categories":[108,301],"tags":[277],"class_list":["post-3044","post","type-post","status-publish","format-standard","hentry","category-2011-12","category-secundaria","tag-video"],"post_mailing_queue_ids":[],"_links":{"self":[{"href":"https:\/\/agora.xtec.cat\/ielesvinyes\/wp-json\/wp\/v2\/posts\/3044","targetHints":{"allow":["GET"]}}],"collection":[{"href":"https:\/\/agora.xtec.cat\/ielesvinyes\/wp-json\/wp\/v2\/posts"}],"about":[{"href":"https:\/\/agora.xtec.cat\/ielesvinyes\/wp-json\/wp\/v2\/types\/post"}],"author":[{"embeddable":true,"href":"https:\/\/agora.xtec.cat\/ielesvinyes\/wp-json\/wp\/v2\/users\/6"}],"replies":[{"embeddable":true,"href":"https:\/\/agora.xtec.cat\/ielesvinyes\/wp-json\/wp\/v2\/comments?post=3044"}],"version-history":[{"count":1,"href":"https:\/\/agora.xtec.cat\/ielesvinyes\/wp-json\/wp\/v2\/posts\/3044\/revisions"}],"predecessor-version":[{"id":7404,"href":"https:\/\/agora.xtec.cat\/ielesvinyes\/wp-json\/wp\/v2\/posts\/3044\/revisions\/7404"}],"wp:attachment":[{"href":"https:\/\/agora.xtec.cat\/ielesvinyes\/wp-json\/wp\/v2\/media?parent=3044"}],"wp:term":[{"taxonomy":"category","embeddable":true,"href":"https:\/\/agora.xtec.cat\/ielesvinyes\/wp-json\/wp\/v2\/categories?post=3044"},{"taxonomy":"post_tag","embeddable":true,"href":"https:\/\/agora.xtec.cat\/ielesvinyes\/wp-json\/wp\/v2\/tags?post=3044"}],"curies":[{"name":"wp","href":"https:\/\/api.w.org\/{rel}","templated":true}]}}