{"id":3040,"date":"2012-03-29T11:57:12","date_gmt":"2012-03-29T10:57:12","guid":{"rendered":"http:\/\/ielesvinyes.net\/?p=409"},"modified":"2022-09-28T07:00:05","modified_gmt":"2022-09-28T05:00:05","slug":"jornada-de-vaga-general-29-03-2012","status":"publish","type":"post","link":"https:\/\/agora.xtec.cat\/ielesvinyes\/2011-12\/jornada-de-vaga-general-29-03-2012\/","title":{"rendered":"JORNADA DE VAGA GENERAL &#8211; 29.03.2012"},"content":{"rendered":"<p style=\"text-align: justify;\"><a href=\"http:\/\/agora.xtec.cat\/ielesvinyes\/wp-content\/uploads\/usu1433\/2012\/03\/IMG_552913.jpg\"><img loading=\"lazy\" decoding=\"async\" class=\"aligncenter  wp-image-426\" title=\"VAGA\" src=\"http:\/\/agora.xtec.cat\/ielesvinyes\/wp-content\/uploads\/usu1433\/2012\/03\/IMG_552913-300x225.jpg\" alt=\"\" width=\"497\" height=\"367\" \/><\/a><\/p>\n<p style=\"text-align: justify;\">Benvolgudes fam\u00edlies,<\/p>\n<p style=\"text-align: justify;\">Com sabeu, els sindicats convoquen vaga el dijous 29 de mar\u00e7, en contra de la reforma laboral i les pol\u00edtiques de retallades. Prop d\u2019un miler d\u2019entitats i , en particular, les Federacions d\u2019Associacions de Pares i Mares dels centres p\u00fablics de Catalunya (FAPAC i FAPAES) i d\u2019Espanya (CEAPA) donen suport a aquesta jornada de lluita.<\/p>\n<p style=\"text-align: justify;\">Aquestes organitzacions fan una crida a les fam\u00edlies perqu\u00e8 el dia 29 no porteu els vostres fills i filles a l\u2019escola, per manifestar la nostra preocupaci\u00f3 sobre la situaci\u00f3 laboral, les repercussions de la reforma laboral, i les pol\u00edtiques de retallades en el futur dels nostres fills i filles.<\/p>\n<p style=\"text-align: justify;\">Com sabeu, l\u2019educaci\u00f3, en tots els seus nivells, pateix per la falta d\u2019inversi\u00f3 p\u00fablica, que en deteriora greument la qualitat i que l\u2019encareix en molts casos. S\u00f3n exemples clars, la pujada de taxes universit\u00e0ries, la reducci\u00f3 del pressupost i la plantilla de professors\/es dels centres educatius, increment d\u2019alumnes per aula, disminuci\u00f3 de projectes educatius, o la falta de finan\u00e7ament a les llars d\u2019infants.<\/p>\n<p style=\"text-align: justify;\">Per aquests motius, el nostre claustre de professors\/es se suma a la convocat\u00f2ria de vaga del proper dia 29 de mar\u00e7. Se suspendran aix\u00ed totes les activitats lectives previstes, ja que tots els tutors, tutores, mestres i professorat en general, tant d\u2019Infantil com de Secund\u00e0ria, han decidit sumar-se a la vaga. Hi ha tamb\u00e9 personal no docent: servei de menjador, consergeria,&#8230; que ha decidit afegir-se a la convocat\u00f2ria. No obstant, el Centre restar\u00e0 obert oferint serveis m\u00ednims per part de l\u2019equip directiu.<\/p>\n<p style=\"text-align: justify;\">Aprofitem l\u2019ocasi\u00f3 per saludar-vos.<br \/>\nAtentament,<\/p>\n<p style=\"text-align: justify;\">Equip docent<br \/>\nIE Les Vinyes<\/p>\n<p style=\"text-align: justify;\">\u00a0<\/p>\n","protected":false},"excerpt":{"rendered":"<p>Benvolgudes fam\u00edlies, Com sabeu, els sindicats convoquen vaga el dijous 29 de mar\u00e7, en contra de la reforma laboral i les pol\u00edtiques de retallades. Prop d\u2019un miler d\u2019entitats i , en particular, les Federacions d\u2019Associacions de Pares i Mares dels centres p\u00fablics de Catalunya (FAPAC i FAPAES) i d\u2019Espanya (CEAPA) donen suport a aquesta jornada [&hellip;]<\/p>\n","protected":false},"author":6,"featured_media":0,"comment_status":"open","ping_status":"open","sticky":false,"template":"","format":"standard","meta":{"_bbp_topic_count":0,"_bbp_reply_count":0,"_bbp_total_topic_count":0,"_bbp_total_reply_count":0,"_bbp_voice_count":0,"_bbp_anonymous_reply_count":0,"_bbp_topic_count_hidden":0,"_bbp_reply_count_hidden":0,"_bbp_forum_subforum_count":0,"site-sidebar-layout":"default","site-content-layout":"","ast-site-content-layout":"","site-content-style":"default","site-sidebar-style":"default","ast-global-header-display":"","ast-banner-title-visibility":"","ast-main-header-display":"","ast-hfb-above-header-display":"","ast-hfb-below-header-display":"","ast-hfb-mobile-header-display":"","site-post-title":"","ast-breadcrumbs-content":"","ast-featured-img":"","footer-sml-layout":"","theme-transparent-header-meta":"","adv-header-id-meta":"","stick-header-meta":"","header-above-stick-meta":"","header-main-stick-meta":"","header-below-stick-meta":"","astra-migrate-meta-layouts":"default","ast-page-background-enabled":"default","ast-page-background-meta":{"desktop":{"background-color":"var(--ast-global-color-4)","background-image":"","background-repeat":"repeat","background-position":"center center","background-size":"auto","background-attachment":"scroll","background-type":"","background-media":"","overlay-type":"","overlay-color":"","overlay-opacity":"","overlay-gradient":""},"tablet":{"background-color":"","background-image":"","background-repeat":"repeat","background-position":"center center","background-size":"auto","background-attachment":"scroll","background-type":"","background-media":"","overlay-type":"","overlay-color":"","overlay-opacity":"","overlay-gradient":""},"mobile":{"background-color":"","background-image":"","background-repeat":"repeat","background-position":"center center","background-size":"auto","background-attachment":"scroll","background-type":"","background-media":"","overlay-type":"","overlay-color":"","overlay-opacity":"","overlay-gradient":""}},"ast-content-background-meta":{"desktop":{"background-color":"var(--ast-global-color-5)","background-image":"","background-repeat":"repeat","background-position":"center center","background-size":"auto","background-attachment":"scroll","background-type":"","background-media":"","overlay-type":"","overlay-color":"","overlay-opacity":"","overlay-gradient":""},"tablet":{"background-color":"var(--ast-global-color-5)","background-image":"","background-repeat":"repeat","background-position":"center center","background-size":"auto","background-attachment":"scroll","background-type":"","background-media":"","overlay-type":"","overlay-color":"","overlay-opacity":"","overlay-gradient":""},"mobile":{"background-color":"var(--ast-global-color-5)","background-image":"","background-repeat":"repeat","background-position":"center center","background-size":"auto","background-attachment":"scroll","background-type":"","background-media":"","overlay-type":"","overlay-color":"","overlay-opacity":"","overlay-gradient":""}},"footnotes":""},"categories":[108],"tags":[],"class_list":["post-3040","post","type-post","status-publish","format-standard","hentry","category-2011-12"],"post_mailing_queue_ids":[],"_links":{"self":[{"href":"https:\/\/agora.xtec.cat\/ielesvinyes\/wp-json\/wp\/v2\/posts\/3040","targetHints":{"allow":["GET"]}}],"collection":[{"href":"https:\/\/agora.xtec.cat\/ielesvinyes\/wp-json\/wp\/v2\/posts"}],"about":[{"href":"https:\/\/agora.xtec.cat\/ielesvinyes\/wp-json\/wp\/v2\/types\/post"}],"author":[{"embeddable":true,"href":"https:\/\/agora.xtec.cat\/ielesvinyes\/wp-json\/wp\/v2\/users\/6"}],"replies":[{"embeddable":true,"href":"https:\/\/agora.xtec.cat\/ielesvinyes\/wp-json\/wp\/v2\/comments?post=3040"}],"version-history":[{"count":1,"href":"https:\/\/agora.xtec.cat\/ielesvinyes\/wp-json\/wp\/v2\/posts\/3040\/revisions"}],"predecessor-version":[{"id":7413,"href":"https:\/\/agora.xtec.cat\/ielesvinyes\/wp-json\/wp\/v2\/posts\/3040\/revisions\/7413"}],"wp:attachment":[{"href":"https:\/\/agora.xtec.cat\/ielesvinyes\/wp-json\/wp\/v2\/media?parent=3040"}],"wp:term":[{"taxonomy":"category","embeddable":true,"href":"https:\/\/agora.xtec.cat\/ielesvinyes\/wp-json\/wp\/v2\/categories?post=3040"},{"taxonomy":"post_tag","embeddable":true,"href":"https:\/\/agora.xtec.cat\/ielesvinyes\/wp-json\/wp\/v2\/tags?post=3040"}],"curies":[{"name":"wp","href":"https:\/\/api.w.org\/{rel}","templated":true}]}}