{"id":3039,"date":"2012-03-26T17:59:39","date_gmt":"2012-03-26T16:59:39","guid":{"rendered":"http:\/\/ielesvinyes.net\/?p=407"},"modified":"2022-09-28T07:00:05","modified_gmt":"2022-09-28T05:00:05","slug":"els-alumnes-de-1r-deso-premiats","status":"publish","type":"post","link":"https:\/\/agora.xtec.cat\/ielesvinyes\/general\/els-alumnes-de-1r-deso-premiats\/","title":{"rendered":"Els alumnes de 1r d&#039;ESO PREMIATS"},"content":{"rendered":"<p style=\"text-align: justify;\"><a href=\"http:\/\/agora.xtec.cat\/ielesvinyes\/wp-content\/uploads\/usu1433\/2012\/03\/Concurs-boscos-0.jpg\"><img loading=\"lazy\" decoding=\"async\" class=\"alignleft size-large wp-image-415\" title=\"Entrega de premis\" src=\"http:\/\/agora.xtec.cat\/ielesvinyes\/wp-content\/uploads\/usu1433\/2012\/03\/Concurs-boscos-0-1024x682.jpg\" alt=\"\" width=\"640\" height=\"426\" \/><\/a><a href=\"http:\/\/agora.xtec.cat\/ielesvinyes\/wp-content\/uploads\/usu1433\/2012\/03\/Concurs-boscos-0.jpg\"><br \/>\n<\/a>Els alumnes de 1r d\u2019ESO de l\u2019Institut Escola han estat seleccionats i premiats com a finalistes en el <strong>I Concurs de Gesti\u00f3 Forestal<\/strong> que organitza el Departament d\u2019Agricultura, Ramaderia, Pesca, Alimentaci\u00f3 i Medi Natural de la Generalitat de Catalunya.<\/p>\n<p style=\"text-align: justify;\">\u00a0Durant el <a href=\"https:\/\/sites.google.com\/a\/ielesvinyes.net\/herbari_virtual\/\" target=\"_blank\" rel=\"noopener\">projecte de l\u2019herbari virtual<\/a>, els alumnes de 1r d\u2019 ESO varen treballar com gestionar adequadament els valors econ\u00f2mics, socials i ambientals dels Boscos per tal de garantir el seu manteniment i futur. Partint que el 2011 va ser <a href=\"http:\/\/www.un.org\/en\/events\/iyof2011\/\" target=\"_blank\" rel=\"noopener\">l\u2019any Internacional dels Boscos<\/a>, els alumnes varen estudiar i reflexionar sobre els valors esmentats i presentaren el seu treball al concurs que organitzava el Departament.<\/p>\n<p style=\"text-align: justify;\">\u00a0L\u2019acte d\u2019entrega dels premis va tenir lloc el passat dimarts 20 de mar\u00e7 a la Seu del Departament a Barcelona. Hi van assistir els delegats, dos companys representants de les classes i dos professors. L\u2019acte va estar presidit pel Conseller del Departament, el Sr. Josep Maria Pelegr\u00ed.<\/p>\n<p style=\"text-align: justify;\">Els alumnes van rebre un diploma i un llibre sobre els Boscos a Catalunya de mans del Conseller, i van ser premiats a participar tots en una sortida que organitzar\u00e0 el Departament properament per con\u00e8ixer la gesti\u00f3 forestal dels boscos de forma activa.<\/p>\n<p style=\"text-align: justify;\">Felicitem, doncs, a l\u2019alumnat pel seu \u00e8xit i els encoratgem a seguir treballant de forma tan satisfact\u00f2ria i aconseguir m\u00e9s premis per la bona feina!!<\/p>\n<p><object width=\"400\" height=\"300\" classid=\"clsid:d27cdb6e-ae6d-11cf-96b8-444553540000\" codebase=\"http:\/\/download.macromedia.com\/pub\/shockwave\/cabs\/flash\/swflash.cab#version=6,0,40,0\"><param name=\"flashvars\" value=\"offsite=true&amp;lang=es-us&amp;page_show_url=%2Fphotos%2Fielesvinyes%2Fsets%2F72157628249565623%2Fshow%2F&amp;page_show_back_url=%2Fphotos%2Fielesvinyes%2Fsets%2F72157628249565623%2F&amp;set_id=72157628249565623&amp;jump_to=\" \/><param name=\"allowFullScreen\" value=\"true\" \/><param name=\"src\" value=\"http:\/\/www.flickr.com\/apps\/slideshow\/show.swf?v=109615\" \/><param name=\"allowfullscreen\" value=\"true\" \/><embed width=\"400\" height=\"300\" type=\"application\/x-shockwave-flash\" src=\"http:\/\/www.flickr.com\/apps\/slideshow\/show.swf?v=109615\" flashvars=\"offsite=true&amp;lang=es-us&amp;page_show_url=%2Fphotos%2Fielesvinyes%2Fsets%2F72157628249565623%2Fshow%2F&amp;page_show_back_url=%2Fphotos%2Fielesvinyes%2Fsets%2F72157628249565623%2F&amp;set_id=72157628249565623&amp;jump_to=\" allowFullScreen=\"true\" allowfullscreen=\"true\" \/><\/object><\/p>\n<p><a href=\"http:\/\/eso.ielesvinyes.net\/tag\/herbari-virtual\/\" target=\"_blank\" rel=\"noopener\">+ informaci\u00f3 sobre el Projecte<\/a><\/p>\n<div id=\"-chrome-auto-translate-plugin-dialog\" style=\"opacity: 1 !important; background-image: initial !important; background-attachment: initial !important; background-origin: initial !important; background-clip: initial !important; background-color: transparent !important; position: absolute !important; top: 0px; left: 0px; overflow-x: visible !important; overflow-y: visible !important; z-index: 999999 !important; text-align: left !important; display: none; background-position: initial initial !important; background-repeat: initial initial !important; padding: 0px !important; margin: 0px !important;\">undefined<\/div>\n","protected":false},"excerpt":{"rendered":"<p>Els alumnes de 1r d\u2019ESO de l\u2019Institut Escola han estat seleccionats i premiats com a finalistes en el I Concurs de Gesti\u00f3 Forestal que organitza el Departament d\u2019Agricultura, Ramaderia, Pesca, Alimentaci\u00f3 i Medi Natural de la Generalitat de Catalunya. \u00a0Durant el projecte de l\u2019herbari virtual, els alumnes de 1r d\u2019 ESO varen treballar com gestionar [&hellip;]<\/p>\n","protected":false},"author":6,"featured_media":0,"comment_status":"open","ping_status":"open","sticky":false,"template":"","format":"standard","meta":{"_bbp_topic_count":0,"_bbp_reply_count":0,"_bbp_total_topic_count":0,"_bbp_total_reply_count":0,"_bbp_voice_count":0,"_bbp_anonymous_reply_count":0,"_bbp_topic_count_hidden":0,"_bbp_reply_count_hidden":0,"_bbp_forum_subforum_count":0,"site-sidebar-layout":"default","site-content-layout":"","ast-site-content-layout":"","site-content-style":"default","site-sidebar-style":"default","ast-global-header-display":"","ast-banner-title-visibility":"","ast-main-header-display":"","ast-hfb-above-header-display":"","ast-hfb-below-header-display":"","ast-hfb-mobile-header-display":"","site-post-title":"","ast-breadcrumbs-content":"","ast-featured-img":"","footer-sml-layout":"","theme-transparent-header-meta":"","adv-header-id-meta":"","stick-header-meta":"","header-above-stick-meta":"","header-main-stick-meta":"","header-below-stick-meta":"","astra-migrate-meta-layouts":"default","ast-page-background-enabled":"default","ast-page-background-meta":{"desktop":{"background-color":"var(--ast-global-color-4)","background-image":"","background-repeat":"repeat","background-position":"center center","background-size":"auto","background-attachment":"scroll","background-type":"","background-media":"","overlay-type":"","overlay-color":"","overlay-opacity":"","overlay-gradient":""},"tablet":{"background-color":"","background-image":"","background-repeat":"repeat","background-position":"center center","background-size":"auto","background-attachment":"scroll","background-type":"","background-media":"","overlay-type":"","overlay-color":"","overlay-opacity":"","overlay-gradient":""},"mobile":{"background-color":"","background-image":"","background-repeat":"repeat","background-position":"center center","background-size":"auto","background-attachment":"scroll","background-type":"","background-media":"","overlay-type":"","overlay-color":"","overlay-opacity":"","overlay-gradient":""}},"ast-content-background-meta":{"desktop":{"background-color":"var(--ast-global-color-5)","background-image":"","background-repeat":"repeat","background-position":"center center","background-size":"auto","background-attachment":"scroll","background-type":"","background-media":"","overlay-type":"","overlay-color":"","overlay-opacity":"","overlay-gradient":""},"tablet":{"background-color":"var(--ast-global-color-5)","background-image":"","background-repeat":"repeat","background-position":"center center","background-size":"auto","background-attachment":"scroll","background-type":"","background-media":"","overlay-type":"","overlay-color":"","overlay-opacity":"","overlay-gradient":""},"mobile":{"background-color":"var(--ast-global-color-5)","background-image":"","background-repeat":"repeat","background-position":"center center","background-size":"auto","background-attachment":"scroll","background-type":"","background-media":"","overlay-type":"","overlay-color":"","overlay-opacity":"","overlay-gradient":""}},"footnotes":""},"categories":[108,1,301],"tags":[217,253],"class_list":["post-3039","post","type-post","status-publish","format-standard","hentry","category-2011-12","category-general","category-secundaria","tag-herbari-virtual","tag-projecte2011"],"post_mailing_queue_ids":[],"_links":{"self":[{"href":"https:\/\/agora.xtec.cat\/ielesvinyes\/wp-json\/wp\/v2\/posts\/3039","targetHints":{"allow":["GET"]}}],"collection":[{"href":"https:\/\/agora.xtec.cat\/ielesvinyes\/wp-json\/wp\/v2\/posts"}],"about":[{"href":"https:\/\/agora.xtec.cat\/ielesvinyes\/wp-json\/wp\/v2\/types\/post"}],"author":[{"embeddable":true,"href":"https:\/\/agora.xtec.cat\/ielesvinyes\/wp-json\/wp\/v2\/users\/6"}],"replies":[{"embeddable":true,"href":"https:\/\/agora.xtec.cat\/ielesvinyes\/wp-json\/wp\/v2\/comments?post=3039"}],"version-history":[{"count":1,"href":"https:\/\/agora.xtec.cat\/ielesvinyes\/wp-json\/wp\/v2\/posts\/3039\/revisions"}],"predecessor-version":[{"id":7414,"href":"https:\/\/agora.xtec.cat\/ielesvinyes\/wp-json\/wp\/v2\/posts\/3039\/revisions\/7414"}],"wp:attachment":[{"href":"https:\/\/agora.xtec.cat\/ielesvinyes\/wp-json\/wp\/v2\/media?parent=3039"}],"wp:term":[{"taxonomy":"category","embeddable":true,"href":"https:\/\/agora.xtec.cat\/ielesvinyes\/wp-json\/wp\/v2\/categories?post=3039"},{"taxonomy":"post_tag","embeddable":true,"href":"https:\/\/agora.xtec.cat\/ielesvinyes\/wp-json\/wp\/v2\/tags?post=3039"}],"curies":[{"name":"wp","href":"https:\/\/api.w.org\/{rel}","templated":true}]}}