{"id":3038,"date":"2012-03-25T12:45:21","date_gmt":"2012-03-25T11:45:21","guid":{"rendered":"http:\/\/ielesvinyes.net\/?p=399"},"modified":"2022-09-28T07:00:05","modified_gmt":"2022-09-28T05:00:05","slug":"inici-del-projecte-trimestral-a-leso","status":"publish","type":"post","link":"https:\/\/agora.xtec.cat\/ielesvinyes\/2011-12\/inici-del-projecte-trimestral-a-leso\/","title":{"rendered":"Inici del projecte trimestral a l&#039;ESO"},"content":{"rendered":"<p><iframe loading=\"lazy\" src=\"https:\/\/docs.google.com\/presentation\/embed?id=1X5z__Rqtxxjcmu5nM7hpYJV6nH9z126U365AJVDiBbw&#038;start=true&#038;loop=false&#038;delayms=3000\" frameborder=\"0\" width=\"480\" height=\"389\" allowfullscreen=\"true\" mozallowfullscreen=\"true\" webkitallowfullscreen=\"true\"><\/iframe><\/p>\n<p>Els alumnes de l&#8217;ESO hem comen\u00e7at el nostre gran projecte trimestral. Un projecte que vol donar resposta a una pregunta complexa: \u00a0<strong>Quina pot ser la contribuci\u00f3\u00a0de l\u2019energia sostenible\u00a0a l&#8217;assoliment dels\u00a0Objectius del Mil\u00b7lenni?<\/strong><\/p>\n<p>Una pregunta que ens far\u00e0 mobilitzar tots els aprenentatges fets al llarg del trimestre en les diferents mat\u00e8ries. Una resposta que s&#8217;articular\u00e0 en dues produccions: <strong><span style=\"color: #008000;\">una exposici\u00f3 col\u00b7lectiva i un petit curtmetratge.<\/span><\/strong><\/p>\n<p>Una setmana intensa, doncs, que ens ha servit per a con\u00e8ixer i aprendre els 8 objectius de desenvolupament del\u00a0Mil\u00b7lenni, escoltar els experts convidats, planificar el treball, organitzar els grups, iniciar la preparaci\u00f3 de l&#8217;exposici\u00f3 a les aules i al taller i fer la preproducci\u00f3 del\u00a0curtmetratge. <a href=\"http:\/\/www.flickr.com\/photos\/ielesvinyes\/sets\/72157629612902461\/with\/6857180554\/\" target=\"_blank\" rel=\"noopener\">Setze grups que han treballat de valent<\/a>!<\/p>\n<p>I seguim, per a poder oferir a tota la comunitat educativa el resultat del treball col\u00b7lectiu, tal com ja vam fer en el projecte del primer trimestre, <a href=\"https:\/\/sites.google.com\/a\/ielesvinyes.net\/herbari_virtual\/\" target=\"_blank\" rel=\"noopener\">l&#8217;herbari virtual<\/a>.<\/p>\n<p>&nbsp;<\/p>\n<div id=\"-chrome-auto-translate-plugin-dialog\" style=\"opacity: 1 !important; background-image: initial !important; background-attachment: initial !important; background-origin: initial !important; background-clip: initial !important; background-color: transparent !important; position: absolute !important; top: 0px; left: 0px; overflow-x: visible !important; overflow-y: visible !important; z-index: 999999 !important; text-align: left !important; display: none; background-position: initial initial !important; background-repeat: initial initial !important; padding: 0px !important; margin: 0px !important;\">\n<div style=\"max-width: 300px !important; color: #fafafa !important; opacity: 0.8 !important; border-color: #000000 !important; border-width: 0px !important; -webkit-border-radius: 10px !important; background-color: #363636 !important; font-size: 16px !important; padding: 8px !important; overflow: visible !important; background-image: -webkit-gradient(linear, left top, right bottom, color-stop(0%, #000), color-stop(50%, #363636), color-stop(100%, #000)); z-index: 999999 !important; text-align: left  !important;\"><\/div>\n<p><img decoding=\"async\" style=\"position: absolute !important; z-index: -1 !important; right: 1px !important; top: -20px !important; cursor: pointer !important; -webkit-border-radius: 20px; background-color: rgba(200, 200, 200, 0.3) !important; padding: 3px 5px 0 !important; margin: 0 !important;\" onclick=\"document.location.href='http:\/\/translate.google.com\/';\" src=\"http:\/\/www.google.com\/uds\/css\/small-logo.png\" alt=\"\" \/><\/div>\n","protected":false},"excerpt":{"rendered":"<p>Els alumnes de l&#8217;ESO hem comen\u00e7at el nostre gran projecte trimestral. Un projecte que vol donar resposta a una pregunta complexa: \u00a0Quina pot ser la contribuci\u00f3\u00a0de l\u2019energia sostenible\u00a0a l&#8217;assoliment dels\u00a0Objectius del Mil\u00b7lenni? Una pregunta que ens far\u00e0 mobilitzar tots els aprenentatges fets al llarg del trimestre en les diferents mat\u00e8ries. Una resposta que s&#8217;articular\u00e0 en [&hellip;]<\/p>\n","protected":false},"author":1,"featured_media":0,"comment_status":"open","ping_status":"open","sticky":false,"template":"","format":"standard","meta":{"_bbp_topic_count":0,"_bbp_reply_count":0,"_bbp_total_topic_count":0,"_bbp_total_reply_count":0,"_bbp_voice_count":0,"_bbp_anonymous_reply_count":0,"_bbp_topic_count_hidden":0,"_bbp_reply_count_hidden":0,"_bbp_forum_subforum_count":0,"site-sidebar-layout":"default","site-content-layout":"","ast-site-content-layout":"","site-content-style":"default","site-sidebar-style":"default","ast-global-header-display":"","ast-banner-title-visibility":"","ast-main-header-display":"","ast-hfb-above-header-display":"","ast-hfb-below-header-display":"","ast-hfb-mobile-header-display":"","site-post-title":"","ast-breadcrumbs-content":"","ast-featured-img":"","footer-sml-layout":"","theme-transparent-header-meta":"","adv-header-id-meta":"","stick-header-meta":"","header-above-stick-meta":"","header-main-stick-meta":"","header-below-stick-meta":"","astra-migrate-meta-layouts":"default","ast-page-background-enabled":"default","ast-page-background-meta":{"desktop":{"background-color":"var(--ast-global-color-4)","background-image":"","background-repeat":"repeat","background-position":"center center","background-size":"auto","background-attachment":"scroll","background-type":"","background-media":"","overlay-type":"","overlay-color":"","overlay-opacity":"","overlay-gradient":""},"tablet":{"background-color":"","background-image":"","background-repeat":"repeat","background-position":"center center","background-size":"auto","background-attachment":"scroll","background-type":"","background-media":"","overlay-type":"","overlay-color":"","overlay-opacity":"","overlay-gradient":""},"mobile":{"background-color":"","background-image":"","background-repeat":"repeat","background-position":"center center","background-size":"auto","background-attachment":"scroll","background-type":"","background-media":"","overlay-type":"","overlay-color":"","overlay-opacity":"","overlay-gradient":""}},"ast-content-background-meta":{"desktop":{"background-color":"var(--ast-global-color-5)","background-image":"","background-repeat":"repeat","background-position":"center center","background-size":"auto","background-attachment":"scroll","background-type":"","background-media":"","overlay-type":"","overlay-color":"","overlay-opacity":"","overlay-gradient":""},"tablet":{"background-color":"var(--ast-global-color-5)","background-image":"","background-repeat":"repeat","background-position":"center center","background-size":"auto","background-attachment":"scroll","background-type":"","background-media":"","overlay-type":"","overlay-color":"","overlay-opacity":"","overlay-gradient":""},"mobile":{"background-color":"var(--ast-global-color-5)","background-image":"","background-repeat":"repeat","background-position":"center center","background-size":"auto","background-attachment":"scroll","background-type":"","background-media":"","overlay-type":"","overlay-color":"","overlay-opacity":"","overlay-gradient":""}},"footnotes":""},"categories":[108,301],"tags":[235,250],"class_list":["post-3038","post","type-post","status-publish","format-standard","hentry","category-2011-12","category-secundaria","tag-objectiusdelmillenni","tag-projecte"],"post_mailing_queue_ids":[],"_links":{"self":[{"href":"https:\/\/agora.xtec.cat\/ielesvinyes\/wp-json\/wp\/v2\/posts\/3038","targetHints":{"allow":["GET"]}}],"collection":[{"href":"https:\/\/agora.xtec.cat\/ielesvinyes\/wp-json\/wp\/v2\/posts"}],"about":[{"href":"https:\/\/agora.xtec.cat\/ielesvinyes\/wp-json\/wp\/v2\/types\/post"}],"author":[{"embeddable":true,"href":"https:\/\/agora.xtec.cat\/ielesvinyes\/wp-json\/wp\/v2\/users\/1"}],"replies":[{"embeddable":true,"href":"https:\/\/agora.xtec.cat\/ielesvinyes\/wp-json\/wp\/v2\/comments?post=3038"}],"version-history":[{"count":1,"href":"https:\/\/agora.xtec.cat\/ielesvinyes\/wp-json\/wp\/v2\/posts\/3038\/revisions"}],"predecessor-version":[{"id":7415,"href":"https:\/\/agora.xtec.cat\/ielesvinyes\/wp-json\/wp\/v2\/posts\/3038\/revisions\/7415"}],"wp:attachment":[{"href":"https:\/\/agora.xtec.cat\/ielesvinyes\/wp-json\/wp\/v2\/media?parent=3038"}],"wp:term":[{"taxonomy":"category","embeddable":true,"href":"https:\/\/agora.xtec.cat\/ielesvinyes\/wp-json\/wp\/v2\/categories?post=3038"},{"taxonomy":"post_tag","embeddable":true,"href":"https:\/\/agora.xtec.cat\/ielesvinyes\/wp-json\/wp\/v2\/tags?post=3038"}],"curies":[{"name":"wp","href":"https:\/\/api.w.org\/{rel}","templated":true}]}}