{"id":3036,"date":"2012-03-14T09:02:46","date_gmt":"2012-03-14T08:02:46","guid":{"rendered":"http:\/\/ielesvinyes.net\/?p=360"},"modified":"2022-09-28T07:00:05","modified_gmt":"2022-09-28T05:00:05","slug":"preinscripcions-2012-2013","status":"publish","type":"post","link":"https:\/\/agora.xtec.cat\/ielesvinyes\/general\/preinscripcions-2012-2013\/","title":{"rendered":"Preinscripcions  2012-2013"},"content":{"rendered":"<p style=\"text-align: center;\"><img loading=\"lazy\" decoding=\"async\" class=\"aligncenter\" title=\"Preinscripci\u00f3\" src=\"http:\/\/www20.gencat.cat\/docs\/canaleducacio\/Home\/Preinscripcio\/Preinscripcio%20i%20matricula\/Imatges%20navegadora%20%20Preinscipcio\/Preinscripcio.jpg\" alt=\"\" width=\"497\" height=\"77\" \/><\/p>\n<p>El per\u00edode de presentaci\u00f3 de sol\u2022licituds per al segon cicle d\u2019Educaci\u00f3 Infantil i d\u2019Educaci\u00f3 Secund\u00e0ria ser\u00e0 entre <strong>el 19 i el 30 de mar\u00e7.<\/strong><\/p>\n<p>Podeu aconseguir el full de sol\u2022licitud a:<\/p>\n<p style=\"padding-left: 30px;\">\u00a0&#8211; <a href=\"http:\/\/www20.gencat.cat\/portal\/site\/queestudiar\/menuitem.ef1906fb69d36fe8e85c7273b0c0e1a0\/?vgnextoid=06ff5a9d0af2b210VgnVCM2000009b0c1e0aRCRD&amp;appInstanceName=default\" target=\"_blank\" rel=\"noopener\">www.gencat.cat\/ensenyament<\/a><\/p>\n<p style=\"padding-left: 30px;\">&#8211; al nostre Centre, a partir del 19 de mar\u00e7.<\/p>\n<p>El nostre horari d\u2019atenci\u00f3 \u00e9s:<br \/>\n&#8211; dilluns, dimarts i dijous de\u00a0 09.30h a 13.30h\u00a0 i\u00a0\u00a0de 15.00h a 16.30h<br \/>\n&#8211; dimecres de 09.30h a 13.30h.<\/p>\n<p>Consulteu <a href=\"http:\/\/ielesvinyes.net\/preinscripcio-2013\/\">la pestanyeta de preinscripci\u00f3<\/a> per m\u00e9s informaci\u00f3 (calendari, documentaci\u00f3, v\u00eddeos del Centre,&#8230;.)<\/p>\n","protected":false},"excerpt":{"rendered":"<p>El per\u00edode de presentaci\u00f3 de sol\u2022licituds per al segon cicle d\u2019Educaci\u00f3 Infantil i d\u2019Educaci\u00f3 Secund\u00e0ria ser\u00e0 entre el 19 i el 30 de mar\u00e7. Podeu aconseguir el full de sol\u2022licitud a: \u00a0&#8211; www.gencat.cat\/ensenyament &#8211; al nostre Centre, a partir del 19 de mar\u00e7. El nostre horari d\u2019atenci\u00f3 \u00e9s: &#8211; dilluns, dimarts i dijous de\u00a0 09.30h [&hellip;]<\/p>\n","protected":false},"author":6,"featured_media":0,"comment_status":"open","ping_status":"open","sticky":false,"template":"","format":"standard","meta":{"_bbp_topic_count":0,"_bbp_reply_count":0,"_bbp_total_topic_count":0,"_bbp_total_reply_count":0,"_bbp_voice_count":0,"_bbp_anonymous_reply_count":0,"_bbp_topic_count_hidden":0,"_bbp_reply_count_hidden":0,"_bbp_forum_subforum_count":0,"site-sidebar-layout":"default","site-content-layout":"","ast-site-content-layout":"","site-content-style":"default","site-sidebar-style":"default","ast-global-header-display":"","ast-banner-title-visibility":"","ast-main-header-display":"","ast-hfb-above-header-display":"","ast-hfb-below-header-display":"","ast-hfb-mobile-header-display":"","site-post-title":"","ast-breadcrumbs-content":"","ast-featured-img":"","footer-sml-layout":"","theme-transparent-header-meta":"","adv-header-id-meta":"","stick-header-meta":"","header-above-stick-meta":"","header-main-stick-meta":"","header-below-stick-meta":"","astra-migrate-meta-layouts":"default","ast-page-background-enabled":"default","ast-page-background-meta":{"desktop":{"background-color":"var(--ast-global-color-4)","background-image":"","background-repeat":"repeat","background-position":"center center","background-size":"auto","background-attachment":"scroll","background-type":"","background-media":"","overlay-type":"","overlay-color":"","overlay-opacity":"","overlay-gradient":""},"tablet":{"background-color":"","background-image":"","background-repeat":"repeat","background-position":"center center","background-size":"auto","background-attachment":"scroll","background-type":"","background-media":"","overlay-type":"","overlay-color":"","overlay-opacity":"","overlay-gradient":""},"mobile":{"background-color":"","background-image":"","background-repeat":"repeat","background-position":"center center","background-size":"auto","background-attachment":"scroll","background-type":"","background-media":"","overlay-type":"","overlay-color":"","overlay-opacity":"","overlay-gradient":""}},"ast-content-background-meta":{"desktop":{"background-color":"var(--ast-global-color-5)","background-image":"","background-repeat":"repeat","background-position":"center center","background-size":"auto","background-attachment":"scroll","background-type":"","background-media":"","overlay-type":"","overlay-color":"","overlay-opacity":"","overlay-gradient":""},"tablet":{"background-color":"var(--ast-global-color-5)","background-image":"","background-repeat":"repeat","background-position":"center center","background-size":"auto","background-attachment":"scroll","background-type":"","background-media":"","overlay-type":"","overlay-color":"","overlay-opacity":"","overlay-gradient":""},"mobile":{"background-color":"var(--ast-global-color-5)","background-image":"","background-repeat":"repeat","background-position":"center center","background-size":"auto","background-attachment":"scroll","background-type":"","background-media":"","overlay-type":"","overlay-color":"","overlay-opacity":"","overlay-gradient":""}},"footnotes":""},"categories":[108,1,301],"tags":[308],"class_list":["post-3036","post","type-post","status-publish","format-standard","hentry","category-2011-12","category-general","category-secundaria","tag-preinscripcio"],"post_mailing_queue_ids":[],"_links":{"self":[{"href":"https:\/\/agora.xtec.cat\/ielesvinyes\/wp-json\/wp\/v2\/posts\/3036","targetHints":{"allow":["GET"]}}],"collection":[{"href":"https:\/\/agora.xtec.cat\/ielesvinyes\/wp-json\/wp\/v2\/posts"}],"about":[{"href":"https:\/\/agora.xtec.cat\/ielesvinyes\/wp-json\/wp\/v2\/types\/post"}],"author":[{"embeddable":true,"href":"https:\/\/agora.xtec.cat\/ielesvinyes\/wp-json\/wp\/v2\/users\/6"}],"replies":[{"embeddable":true,"href":"https:\/\/agora.xtec.cat\/ielesvinyes\/wp-json\/wp\/v2\/comments?post=3036"}],"version-history":[{"count":1,"href":"https:\/\/agora.xtec.cat\/ielesvinyes\/wp-json\/wp\/v2\/posts\/3036\/revisions"}],"predecessor-version":[{"id":7417,"href":"https:\/\/agora.xtec.cat\/ielesvinyes\/wp-json\/wp\/v2\/posts\/3036\/revisions\/7417"}],"wp:attachment":[{"href":"https:\/\/agora.xtec.cat\/ielesvinyes\/wp-json\/wp\/v2\/media?parent=3036"}],"wp:term":[{"taxonomy":"category","embeddable":true,"href":"https:\/\/agora.xtec.cat\/ielesvinyes\/wp-json\/wp\/v2\/categories?post=3036"},{"taxonomy":"post_tag","embeddable":true,"href":"https:\/\/agora.xtec.cat\/ielesvinyes\/wp-json\/wp\/v2\/tags?post=3036"}],"curies":[{"name":"wp","href":"https:\/\/api.w.org\/{rel}","templated":true}]}}