{"id":3035,"date":"2012-03-01T19:41:35","date_gmt":"2012-03-01T18:41:35","guid":{"rendered":"http:\/\/ielesvinyes.net\/?p=350"},"modified":"2022-09-28T07:00:05","modified_gmt":"2022-09-28T05:00:05","slug":"portes-obertes","status":"publish","type":"post","link":"https:\/\/agora.xtec.cat\/ielesvinyes\/general\/portes-obertes\/","title":{"rendered":"Portes obertes"},"content":{"rendered":"<p><a href=\"http:\/\/agora.xtec.cat\/ielesvinyes\/wp-content\/uploads\/usu1433\/2012\/03\/entrada.gif\"><img loading=\"lazy\" decoding=\"async\" class=\"alignleft size-full wp-image-351\" title=\"Portes obertes\" src=\"http:\/\/agora.xtec.cat\/ielesvinyes\/wp-content\/uploads\/usu1433\/2012\/03\/entrada.gif\" alt=\"\" width=\"100\" height=\"78\" \/><\/a>El dilluns tenim obertes les portes del centre. Si voleu con\u00e8ixer el nostre Institut Escola, els seus espais i equipaments, el projecte educatiu, l&#8217;equip d&#8217;educaci\u00f3 infantil i educaci\u00f3 secund\u00e0ria i moltes altres coses&#8230; <strong>us hi esperem!<\/strong><\/p>\n<p>Els alumnes de 1r d&#8217;ESO, juntament amb les mestres d&#8217;educaci\u00f3 infantil i d&#8217;educaci\u00f3 secund\u00e0ria, us atendrem i acompanyarem en aquesta visita. Si en voleu fer un tast abans de venir, visiteu <a href=\"http:\/\/eso.ielesvinyes.net\/\" target=\"_blank\" rel=\"noopener\">l&#8217;espai de treball de l&#8217;ESO<\/a>, el <a href=\"http:\/\/infantil.ielesvinyes.net\/\" target=\"_blank\" rel=\"noopener\">bloc d&#8217;educaci\u00f3 infantil<\/a> o la web de <a href=\"http:\/\/biblioteca.ielesvinyes.net\/\" target=\"_blank\" rel=\"noopener\">la biblioteca<\/a>. I tamb\u00e9 <a href=\"http:\/\/www.flickr.com\/photos\/ielesvinyes\/collections\/\" target=\"_blank\" rel=\"noopener\">els \u00e0lbums<\/a> dels nostres alumnes!<\/p>\n<p>Us esperem <strong><span style=\"color: #339966;\">dilluns 5 de mar\u00e7, de 5.30 a 7.30 a l&#8217;Institut Escola Les Vinyes<\/span><\/strong>!<\/p>\n<p>&nbsp;<\/p>\n<div id=\"-chrome-auto-translate-plugin-dialog\" style=\"opacity: 1 !important; background-image: initial !important; background-attachment: initial !important; background-origin: initial !important; background-clip: initial !important; background-color: transparent !important; position: absolute !important; top: 0px; left: 0px; overflow-x: visible !important; overflow-y: visible !important; z-index: 999999 !important; text-align: left !important; display: none; padding: 0px !important; margin: 0px !important;\">\n<div style=\"max-width: 300px !important; color: #fafafa !important; opacity: 0.8 !important; border-color: #000000 !important; border-width: 0px !important; -webkit-border-radius: 10px !important; background-color: #363636 !important; font-size: 16px !important; padding: 8px !important; overflow: visible !important; background-image: -webkit-gradient(linear, left top, right bottom, color-stop(0%, #000), color-stop(50%, #363636), color-stop(100%, #000)); z-index: 999999 !important; text-align: left  !important;\"><\/div>\n<p><img decoding=\"async\" style=\"position: absolute !important; z-index: -1 !important; right: 1px !important; top: -20px !important; cursor: pointer !important; -webkit-border-radius: 20px; background-color: rgba(200, 200, 200, 0.3) !important; padding: 3px 5px 0 !important; margin: 0 !important;\" onclick=\"document.location.href='http:\/\/translate.google.com\/';\" src=\"http:\/\/www.google.com\/uds\/css\/small-logo.png\" alt=\"\" \/><\/p>\n<\/div>\n","protected":false},"excerpt":{"rendered":"<p>El dilluns tenim obertes les portes del centre. Si voleu con\u00e8ixer el nostre Institut Escola, els seus espais i equipaments, el projecte educatiu, l&#8217;equip d&#8217;educaci\u00f3 infantil i educaci\u00f3 secund\u00e0ria i moltes altres coses&#8230; us hi esperem! Els alumnes de 1r d&#8217;ESO, juntament amb les mestres d&#8217;educaci\u00f3 infantil i d&#8217;educaci\u00f3 secund\u00e0ria, us atendrem i acompanyarem en [&hellip;]<\/p>\n","protected":false},"author":1,"featured_media":0,"comment_status":"open","ping_status":"open","sticky":false,"template":"","format":"standard","meta":{"_bbp_topic_count":0,"_bbp_reply_count":0,"_bbp_total_topic_count":0,"_bbp_total_reply_count":0,"_bbp_voice_count":0,"_bbp_anonymous_reply_count":0,"_bbp_topic_count_hidden":0,"_bbp_reply_count_hidden":0,"_bbp_forum_subforum_count":0,"site-sidebar-layout":"default","site-content-layout":"","ast-site-content-layout":"","site-content-style":"default","site-sidebar-style":"default","ast-global-header-display":"","ast-banner-title-visibility":"","ast-main-header-display":"","ast-hfb-above-header-display":"","ast-hfb-below-header-display":"","ast-hfb-mobile-header-display":"","site-post-title":"","ast-breadcrumbs-content":"","ast-featured-img":"","footer-sml-layout":"","theme-transparent-header-meta":"","adv-header-id-meta":"","stick-header-meta":"","header-above-stick-meta":"","header-main-stick-meta":"","header-below-stick-meta":"","astra-migrate-meta-layouts":"default","ast-page-background-enabled":"default","ast-page-background-meta":{"desktop":{"background-color":"var(--ast-global-color-4)","background-image":"","background-repeat":"repeat","background-position":"center center","background-size":"auto","background-attachment":"scroll","background-type":"","background-media":"","overlay-type":"","overlay-color":"","overlay-opacity":"","overlay-gradient":""},"tablet":{"background-color":"","background-image":"","background-repeat":"repeat","background-position":"center center","background-size":"auto","background-attachment":"scroll","background-type":"","background-media":"","overlay-type":"","overlay-color":"","overlay-opacity":"","overlay-gradient":""},"mobile":{"background-color":"","background-image":"","background-repeat":"repeat","background-position":"center center","background-size":"auto","background-attachment":"scroll","background-type":"","background-media":"","overlay-type":"","overlay-color":"","overlay-opacity":"","overlay-gradient":""}},"ast-content-background-meta":{"desktop":{"background-color":"var(--ast-global-color-5)","background-image":"","background-repeat":"repeat","background-position":"center center","background-size":"auto","background-attachment":"scroll","background-type":"","background-media":"","overlay-type":"","overlay-color":"","overlay-opacity":"","overlay-gradient":""},"tablet":{"background-color":"var(--ast-global-color-5)","background-image":"","background-repeat":"repeat","background-position":"center center","background-size":"auto","background-attachment":"scroll","background-type":"","background-media":"","overlay-type":"","overlay-color":"","overlay-opacity":"","overlay-gradient":""},"mobile":{"background-color":"var(--ast-global-color-5)","background-image":"","background-repeat":"repeat","background-position":"center center","background-size":"auto","background-attachment":"scroll","background-type":"","background-media":"","overlay-type":"","overlay-color":"","overlay-opacity":"","overlay-gradient":""}},"footnotes":""},"categories":[108,1,301],"tags":[307],"class_list":["post-3035","post","type-post","status-publish","format-standard","hentry","category-2011-12","category-general","category-secundaria","tag-portes-obertes"],"post_mailing_queue_ids":[],"_links":{"self":[{"href":"https:\/\/agora.xtec.cat\/ielesvinyes\/wp-json\/wp\/v2\/posts\/3035","targetHints":{"allow":["GET"]}}],"collection":[{"href":"https:\/\/agora.xtec.cat\/ielesvinyes\/wp-json\/wp\/v2\/posts"}],"about":[{"href":"https:\/\/agora.xtec.cat\/ielesvinyes\/wp-json\/wp\/v2\/types\/post"}],"author":[{"embeddable":true,"href":"https:\/\/agora.xtec.cat\/ielesvinyes\/wp-json\/wp\/v2\/users\/1"}],"replies":[{"embeddable":true,"href":"https:\/\/agora.xtec.cat\/ielesvinyes\/wp-json\/wp\/v2\/comments?post=3035"}],"version-history":[{"count":1,"href":"https:\/\/agora.xtec.cat\/ielesvinyes\/wp-json\/wp\/v2\/posts\/3035\/revisions"}],"predecessor-version":[{"id":7418,"href":"https:\/\/agora.xtec.cat\/ielesvinyes\/wp-json\/wp\/v2\/posts\/3035\/revisions\/7418"}],"wp:attachment":[{"href":"https:\/\/agora.xtec.cat\/ielesvinyes\/wp-json\/wp\/v2\/media?parent=3035"}],"wp:term":[{"taxonomy":"category","embeddable":true,"href":"https:\/\/agora.xtec.cat\/ielesvinyes\/wp-json\/wp\/v2\/categories?post=3035"},{"taxonomy":"post_tag","embeddable":true,"href":"https:\/\/agora.xtec.cat\/ielesvinyes\/wp-json\/wp\/v2\/tags?post=3035"}],"curies":[{"name":"wp","href":"https:\/\/api.w.org\/{rel}","templated":true}]}}