{"id":3029,"date":"2012-02-15T10:45:26","date_gmt":"2012-02-15T09:45:26","guid":{"rendered":"http:\/\/ielesvinyes.net\/?p=295"},"modified":"2022-09-28T07:00:16","modified_gmt":"2022-09-28T05:00:16","slug":"es-quan-dormo-que-hi-veg-clar","status":"publish","type":"post","link":"https:\/\/agora.xtec.cat\/ielesvinyes\/general\/es-quan-dormo-que-hi-veg-clar\/","title":{"rendered":"\u00c9s quan dormo que hi veg clar!"},"content":{"rendered":"<p>Segueix el carnestoltes a Les Vinyes!<\/p>\n<p>Ja ha arribat la consigna de dem\u00e0, <strong>dijous 16<\/strong>, tal com ens han manat altra vegada <em>els passafestes<\/em>:<\/p>\n<p style=\"text-align: center;\"><strong><span style=\"color: #ff6600;\">Portant ulleres diferents,<\/span><\/strong><br \/>\n<strong><span style=\"color: #ff6600;\">semblareu molt m\u00e9s valents.<\/span><\/strong><\/p>\n<p>Aix\u00ed que haureu de portar unes bones ulleres. Busqueu-les ben divertides i, no ho dubteu, veniu amb elles a Les Vinyes ser\u00e0 molt divertit. Els que ja heu de dur ulleres graduades, us ser\u00e0 f\u00e0cil complir la consigna: ja les teniu! Els altres, ja podeu tremolar!<\/p>\n<p style=\"text-align: center;\"><a href=\"http:\/\/agora.xtec.cat\/ielesvinyes\/wp-content\/uploads\/usu1433\/2012\/02\/ulleres.jpg\"><img loading=\"lazy\" decoding=\"async\" class=\"aligncenter  wp-image-296\" title=\"Ulleres\" src=\"http:\/\/agora.xtec.cat\/ielesvinyes\/wp-content\/uploads\/usu1433\/2012\/02\/ulleres-300x225.jpg\" alt=\"\" width=\"240\" height=\"180\" \/><\/a><\/p>\n<p>Ep i aix\u00f2 no \u00e9s tot: i la truita? I la botiffarra? <strong>Que no veus que dem\u00e0 \u00e9s el dijous gras?<\/strong><\/p>\n<p>Us demanem que <span style=\"color: #008000;\">porteu entrepans de truita, de botifarra d\u2019ou&#8230;<\/span> Que al centre esmorzarem tots junts, fent rotllanes per classe, al pati petit. I, a m\u00e9s a m\u00e9s, farem la rebuda del <strong>Rei Carnestoltes i la lectura del seu preg\u00f3.<\/strong><\/p>\n<p><strong><span style=\"color: #008000;\">Visca la festa!<\/span><\/strong><\/p>\n","protected":false},"excerpt":{"rendered":"<p>Segueix el carnestoltes a Les Vinyes! Ja ha arribat la consigna de dem\u00e0, dijous 16, tal com ens han manat altra vegada els passafestes: Portant ulleres diferents, semblareu molt m\u00e9s valents. Aix\u00ed que haureu de portar unes bones ulleres. Busqueu-les ben divertides i, no ho dubteu, veniu amb elles a Les Vinyes ser\u00e0 molt divertit. [&hellip;]<\/p>\n","protected":false},"author":1,"featured_media":0,"comment_status":"open","ping_status":"open","sticky":false,"template":"","format":"standard","meta":{"_bbp_topic_count":0,"_bbp_reply_count":0,"_bbp_total_topic_count":0,"_bbp_total_reply_count":0,"_bbp_voice_count":0,"_bbp_anonymous_reply_count":0,"_bbp_topic_count_hidden":0,"_bbp_reply_count_hidden":0,"_bbp_forum_subforum_count":0,"site-sidebar-layout":"default","site-content-layout":"","ast-site-content-layout":"","site-content-style":"default","site-sidebar-style":"default","ast-global-header-display":"","ast-banner-title-visibility":"","ast-main-header-display":"","ast-hfb-above-header-display":"","ast-hfb-below-header-display":"","ast-hfb-mobile-header-display":"","site-post-title":"","ast-breadcrumbs-content":"","ast-featured-img":"","footer-sml-layout":"","theme-transparent-header-meta":"","adv-header-id-meta":"","stick-header-meta":"","header-above-stick-meta":"","header-main-stick-meta":"","header-below-stick-meta":"","astra-migrate-meta-layouts":"default","ast-page-background-enabled":"default","ast-page-background-meta":{"desktop":{"background-color":"var(--ast-global-color-4)","background-image":"","background-repeat":"repeat","background-position":"center center","background-size":"auto","background-attachment":"scroll","background-type":"","background-media":"","overlay-type":"","overlay-color":"","overlay-opacity":"","overlay-gradient":""},"tablet":{"background-color":"","background-image":"","background-repeat":"repeat","background-position":"center center","background-size":"auto","background-attachment":"scroll","background-type":"","background-media":"","overlay-type":"","overlay-color":"","overlay-opacity":"","overlay-gradient":""},"mobile":{"background-color":"","background-image":"","background-repeat":"repeat","background-position":"center center","background-size":"auto","background-attachment":"scroll","background-type":"","background-media":"","overlay-type":"","overlay-color":"","overlay-opacity":"","overlay-gradient":""}},"ast-content-background-meta":{"desktop":{"background-color":"var(--ast-global-color-5)","background-image":"","background-repeat":"repeat","background-position":"center center","background-size":"auto","background-attachment":"scroll","background-type":"","background-media":"","overlay-type":"","overlay-color":"","overlay-opacity":"","overlay-gradient":""},"tablet":{"background-color":"var(--ast-global-color-5)","background-image":"","background-repeat":"repeat","background-position":"center center","background-size":"auto","background-attachment":"scroll","background-type":"","background-media":"","overlay-type":"","overlay-color":"","overlay-opacity":"","overlay-gradient":""},"mobile":{"background-color":"var(--ast-global-color-5)","background-image":"","background-repeat":"repeat","background-position":"center center","background-size":"auto","background-attachment":"scroll","background-type":"","background-media":"","overlay-type":"","overlay-color":"","overlay-opacity":"","overlay-gradient":""}},"footnotes":""},"categories":[108,1,301],"tags":[177],"class_list":["post-3029","post","type-post","status-publish","format-standard","hentry","category-2011-12","category-general","category-secundaria","tag-carnestoltes"],"post_mailing_queue_ids":[],"_links":{"self":[{"href":"https:\/\/agora.xtec.cat\/ielesvinyes\/wp-json\/wp\/v2\/posts\/3029","targetHints":{"allow":["GET"]}}],"collection":[{"href":"https:\/\/agora.xtec.cat\/ielesvinyes\/wp-json\/wp\/v2\/posts"}],"about":[{"href":"https:\/\/agora.xtec.cat\/ielesvinyes\/wp-json\/wp\/v2\/types\/post"}],"author":[{"embeddable":true,"href":"https:\/\/agora.xtec.cat\/ielesvinyes\/wp-json\/wp\/v2\/users\/1"}],"replies":[{"embeddable":true,"href":"https:\/\/agora.xtec.cat\/ielesvinyes\/wp-json\/wp\/v2\/comments?post=3029"}],"version-history":[{"count":1,"href":"https:\/\/agora.xtec.cat\/ielesvinyes\/wp-json\/wp\/v2\/posts\/3029\/revisions"}],"predecessor-version":[{"id":7427,"href":"https:\/\/agora.xtec.cat\/ielesvinyes\/wp-json\/wp\/v2\/posts\/3029\/revisions\/7427"}],"wp:attachment":[{"href":"https:\/\/agora.xtec.cat\/ielesvinyes\/wp-json\/wp\/v2\/media?parent=3029"}],"wp:term":[{"taxonomy":"category","embeddable":true,"href":"https:\/\/agora.xtec.cat\/ielesvinyes\/wp-json\/wp\/v2\/categories?post=3029"},{"taxonomy":"post_tag","embeddable":true,"href":"https:\/\/agora.xtec.cat\/ielesvinyes\/wp-json\/wp\/v2\/tags?post=3029"}],"curies":[{"name":"wp","href":"https:\/\/api.w.org\/{rel}","templated":true}]}}