{"id":3027,"date":"2012-02-03T10:48:08","date_gmt":"2012-02-03T09:48:08","guid":{"rendered":"http:\/\/ielesvinyes.net\/?p=252"},"modified":"2012-02-03T10:48:08","modified_gmt":"2012-02-03T09:48:08","slug":"80e-aniversari-de-linstitut-escola","status":"publish","type":"post","link":"https:\/\/agora.xtec.cat\/ielesvinyes\/general\/80e-aniversari-de-linstitut-escola\/","title":{"rendered":"80\u00e8 aniversari de l&#039;Institut Escola"},"content":{"rendered":"<p>Per\u00f2 no del nostre, sin\u00f3 del primer de Catalunya! \ud83d\ude42<\/p>\n<p>Avui fa vuitanta anys, el 3 de febrer de 1932, el Palau del Governador del parc de la Ciutadella de Barcelona acollia, per primera vegada, <strong>una seixantena d&#8217;estudiants<\/strong> de l&#8217;Institut-Escola de la Generalitat de Catalunya. Era la culminaci\u00f3 d&#8217;un proc\u00e9s iniciat mesos abans, l&#8217;octubre de 1931, quan el ministre d&#8217;Instrucci\u00f3 P\u00fablica i Belles Arts, el catal\u00e0 Marcel\u00b7l\u00ed Domingo, autoritzava la Generalitat a organitzar a Barcelona, &#8220;d&#8217;acord amb les especials necessitats i caracter\u00edstiques de la regi\u00f3 catalana, un Institut-Escola de Segon ensenyament amb el car\u00e0cter d&#8217;assaig pedag\u00f2gic&#8221;. Aquell mateix mes, el Govern catal\u00e0 promulgava el decret de creaci\u00f3 del primer centre d&#8217;ensenyament secundari nascut a l&#8217;empara de l&#8217;autonomia pol\u00edtica assolida en l&#8217;\u00e8poca republicana.<\/p>\n<p>L&#8217;Institut-Escola es proposava la formaci\u00f3 integral de l&#8217;alumne, <strong>a partir dels 11 anys<\/strong>, en tots els seus aspectes: desenvolupament de la intel\u00b7lig\u00e8ncia, del sentiment, del car\u00e0cter; en resum, de la seva personalitat. El seu m\u00e8tode pedag\u00f2gic va suposar una veritable revoluci\u00f3 en l&#8217;ensenyament dels anys trenta i algunes de les seves idees, modernes i avan\u00e7ades al seu temps, es concretaven en<strong> el la\u00efcisme real, la supressi\u00f3 de les qualificacions i els llibres de text, la preemin\u00e8ncia de la formaci\u00f3 social i moral, la comprensi\u00f3 de la cultura, el civisme com a \u00e0mbit global, les sortides fora de l&#8217;aula, la introducci\u00f3 de l&#8217;exercici f\u00edsic, la import\u00e0ncia de la m\u00fasica, etc.<\/strong><\/p>\n<p>Malauradament l&#8217;Institut-Escola va tenir una exist\u00e8ncia curta, i l&#8217;aixecament militar del juliol de 1936 i la Guerra Civil posterior en van limitar molt la seva expansi\u00f3. Amb l&#8217;arribada del franquisme es va estroncar aquell projecte de la Generalitat republicana de desplegar un ensenyament p\u00fablic, obligatori, gratu\u00eft i laic, un model que l&#8217;Institut Escola havia experimentat amb \u00e8xit i amb gran satisfacci\u00f3 d&#8217;alumnes i professors.<\/p>\n<p>Els nous 17 Instituts escola que hi ha actualment a Catalunya, volem reprendre aquest esperit. Aix\u00ed doncs, feli\u00e7 aniversari!<\/p>\n<p><a href=\"http:\/\/agora.xtec.cat\/ielesvinyes\/wp-content\/uploads\/usu1433\/2012\/02\/80aniversari_institut_escola.jpg\"><img loading=\"lazy\" decoding=\"async\" class=\"aligncenter size-full wp-image-253\" title=\"80 aniversari de l'Institut Escola\" src=\"http:\/\/agora.xtec.cat\/ielesvinyes\/wp-content\/uploads\/usu1433\/2012\/02\/80aniversari_institut_escola.jpg\" alt=\"\" width=\"175\" height=\"251\" \/><\/a><\/p>\n<div id=\"-chrome-auto-translate-plugin-dialog\" style=\"opacity: 1 !important; background-image: initial !important; background-attachment: initial !important; background-origin: initial !important; background-clip: initial !important; background-color: transparent !important; position: absolute !important; top: 0px; left: 0px; overflow-x: visible !important; overflow-y: visible !important; z-index: 999999 !important; text-align: left !important; display: none; background-position: initial initial !important; background-repeat: initial initial !important; padding: 0px !important; margin: 0px !important;\">\n<div style=\"max-width: 300px !important; color: #fafafa !important; opacity: 0.8 !important; border-color: #000000 !important; border-width: 0px !important; -webkit-border-radius: 10px !important; background-color: #363636 !important; font-size: 16px !important; padding: 8px !important; overflow: visible !important; background-image: -webkit-gradient(linear, left top, right bottom, color-stop(0%, #000), color-stop(50%, #363636), color-stop(100%, #000)); z-index: 999999 !important; text-align: left  !important;\"><\/div>\n<p><img decoding=\"async\" style=\"position: absolute !important; z-index: -1 !important; right: 1px !important; top: -20px !important; cursor: pointer !important; -webkit-border-radius: 20px; background-color: rgba(200, 200, 200, 0.3) !important; padding: 3px 5px 0 !important; margin: 0 !important;\" onclick=\"document.location.href='http:\/\/translate.google.com\/';\" src=\"http:\/\/www.google.com\/uds\/css\/small-logo.png\" alt=\"\" \/><\/p>\n<\/div>\n","protected":false},"excerpt":{"rendered":"<p>Per\u00f2 no del nostre, sin\u00f3 del primer de Catalunya! \ud83d\ude42 Avui fa vuitanta anys, el 3 de febrer de 1932, el Palau del Governador del parc de la Ciutadella de Barcelona acollia, per primera vegada, una seixantena d&#8217;estudiants de l&#8217;Institut-Escola de la Generalitat de Catalunya. Era la culminaci\u00f3 d&#8217;un proc\u00e9s iniciat mesos abans, l&#8217;octubre de [&hellip;]<\/p>\n","protected":false},"author":1,"featured_media":0,"comment_status":"open","ping_status":"open","sticky":false,"template":"","format":"standard","meta":{"_bbp_topic_count":0,"_bbp_reply_count":0,"_bbp_total_topic_count":0,"_bbp_total_reply_count":0,"_bbp_voice_count":0,"_bbp_anonymous_reply_count":0,"_bbp_topic_count_hidden":0,"_bbp_reply_count_hidden":0,"_bbp_forum_subforum_count":0,"site-sidebar-layout":"default","site-content-layout":"","ast-site-content-layout":"","site-content-style":"default","site-sidebar-style":"default","ast-global-header-display":"","ast-banner-title-visibility":"","ast-main-header-display":"","ast-hfb-above-header-display":"","ast-hfb-below-header-display":"","ast-hfb-mobile-header-display":"","site-post-title":"","ast-breadcrumbs-content":"","ast-featured-img":"","footer-sml-layout":"","theme-transparent-header-meta":"","adv-header-id-meta":"","stick-header-meta":"","header-above-stick-meta":"","header-main-stick-meta":"","header-below-stick-meta":"","astra-migrate-meta-layouts":"default","ast-page-background-enabled":"default","ast-page-background-meta":{"desktop":{"background-color":"var(--ast-global-color-4)","background-image":"","background-repeat":"repeat","background-position":"center center","background-size":"auto","background-attachment":"scroll","background-type":"","background-media":"","overlay-type":"","overlay-color":"","overlay-opacity":"","overlay-gradient":""},"tablet":{"background-color":"","background-image":"","background-repeat":"repeat","background-position":"center center","background-size":"auto","background-attachment":"scroll","background-type":"","background-media":"","overlay-type":"","overlay-color":"","overlay-opacity":"","overlay-gradient":""},"mobile":{"background-color":"","background-image":"","background-repeat":"repeat","background-position":"center center","background-size":"auto","background-attachment":"scroll","background-type":"","background-media":"","overlay-type":"","overlay-color":"","overlay-opacity":"","overlay-gradient":""}},"ast-content-background-meta":{"desktop":{"background-color":"var(--ast-global-color-5)","background-image":"","background-repeat":"repeat","background-position":"center center","background-size":"auto","background-attachment":"scroll","background-type":"","background-media":"","overlay-type":"","overlay-color":"","overlay-opacity":"","overlay-gradient":""},"tablet":{"background-color":"var(--ast-global-color-5)","background-image":"","background-repeat":"repeat","background-position":"center center","background-size":"auto","background-attachment":"scroll","background-type":"","background-media":"","overlay-type":"","overlay-color":"","overlay-opacity":"","overlay-gradient":""},"mobile":{"background-color":"var(--ast-global-color-5)","background-image":"","background-repeat":"repeat","background-position":"center center","background-size":"auto","background-attachment":"scroll","background-type":"","background-media":"","overlay-type":"","overlay-color":"","overlay-opacity":"","overlay-gradient":""}},"footnotes":""},"categories":[1,301],"tags":[],"class_list":["post-3027","post","type-post","status-publish","format-standard","hentry","category-general","category-secundaria"],"post_mailing_queue_ids":[],"_links":{"self":[{"href":"https:\/\/agora.xtec.cat\/ielesvinyes\/wp-json\/wp\/v2\/posts\/3027","targetHints":{"allow":["GET"]}}],"collection":[{"href":"https:\/\/agora.xtec.cat\/ielesvinyes\/wp-json\/wp\/v2\/posts"}],"about":[{"href":"https:\/\/agora.xtec.cat\/ielesvinyes\/wp-json\/wp\/v2\/types\/post"}],"author":[{"embeddable":true,"href":"https:\/\/agora.xtec.cat\/ielesvinyes\/wp-json\/wp\/v2\/users\/1"}],"replies":[{"embeddable":true,"href":"https:\/\/agora.xtec.cat\/ielesvinyes\/wp-json\/wp\/v2\/comments?post=3027"}],"version-history":[{"count":0,"href":"https:\/\/agora.xtec.cat\/ielesvinyes\/wp-json\/wp\/v2\/posts\/3027\/revisions"}],"wp:attachment":[{"href":"https:\/\/agora.xtec.cat\/ielesvinyes\/wp-json\/wp\/v2\/media?parent=3027"}],"wp:term":[{"taxonomy":"category","embeddable":true,"href":"https:\/\/agora.xtec.cat\/ielesvinyes\/wp-json\/wp\/v2\/categories?post=3027"},{"taxonomy":"post_tag","embeddable":true,"href":"https:\/\/agora.xtec.cat\/ielesvinyes\/wp-json\/wp\/v2\/tags?post=3027"}],"curies":[{"name":"wp","href":"https:\/\/api.w.org\/{rel}","templated":true}]}}