{"id":2986,"date":"2017-10-14T10:46:19","date_gmt":"2017-10-14T08:46:19","guid":{"rendered":"http:\/\/ielesvinyes.net\/?p=2986"},"modified":"2018-03-15T11:53:12","modified_gmt":"2018-03-15T10:53:12","slug":"portes-obertes-per-a-professionals-de-leducacio","status":"publish","type":"post","link":"https:\/\/agora.xtec.cat\/ielesvinyes\/portada\/portes-obertes-per-a-professionals-de-leducacio\/","title":{"rendered":"Portes obertes per a professionals de l&#039;educaci\u00f3"},"content":{"rendered":"<p><img loading=\"lazy\" decoding=\"async\" class=\"alignleft wp-image-2988 \" src=\"http:\/\/agora.xtec.cat\/ielesvinyes\/wp-content\/uploads\/usu1433\/2017\/10\/31762435143_872f3ae5f3_z-e1507966962396.jpg\" alt=\"\" width=\"612\" height=\"311\" srcset=\"https:\/\/agora.xtec.cat\/ielesvinyes\/wp-content\/uploads\/usu1433\/2017\/10\/31762435143_872f3ae5f3_z-e1507966962396.jpg 563w, https:\/\/agora.xtec.cat\/ielesvinyes\/wp-content\/uploads\/usu1433\/2017\/10\/31762435143_872f3ae5f3_z-e1507966962396-300x152.jpg 300w\" sizes=\"auto, (max-width: 612px) 100vw, 612px\" \/><\/p>\n<p>El <strong>dissabte 18 de novembre<\/strong> tindr\u00e0 lloc al centre una jornada de portes obertes per a professionals de l&#8217;educaci\u00f3 i persones interessades en la proposta educativa de l&#8217;Institut-Escola Les Vinyes.<\/p>\n<p>Per tal de con\u00e8ixer el projecte amb cert nivell de concreci\u00f3 les persones assistents hauran de triar Infantil i prim\u00e0ria o b\u00e9 Secund\u00e0ria.<\/p>\n<h2>Programa de la jornada<\/h2>\n<p>9:30 h a 10.00 h Acollida i presentaci\u00f3 del centre.<br \/>\n10.00 h a 11.00 h Projecte educatiu de l&#8217;Institut-Escola i &#8220;passejada&#8221; pel centre.<br \/>\n11.00 h a 11.30 h Esmorzar de germanor.<br \/>\n11.30 h a 13.00 h Infantil i prim\u00e0ria: Projectes, racons, tallers, ambients i reptes.<br \/>\n11.30 h a 13.00 h Secund\u00e0ria: Projectes d&#8217;\u00e0mbits, Projectes transversals i treball disciplinar.<br \/>\n13.00 h a 13.30 h Torn obert de paraula i tancament.<\/p>\n<p>Les places s\u00f3n limitades i<strong> \u00e9s imprescindible el registre<\/strong> per assistir-hi per raons de preparaci\u00f3 i log\u00edstica. L&#8217;assist\u00e8ncia t\u00e9 un cost simb\u00f2lic de 10 euros.<\/p>\n<p>Podeu formalitzar el vostre registre aqu\u00ed:\u00a0<a href=\"https:\/\/www.eventbrite.es\/e\/entradas-institut-escola-les-vinyes-projecte-educatiu-2017-18-38886083322\" target=\"_blank\" rel=\"noopener\">https:\/\/www.eventbrite.es\/e\/entradas-institut-escola-les-vinyes-projecte-educatiu-2017-18-38886083322<\/a><\/p>\n","protected":false},"excerpt":{"rendered":"<p>El dissabte 18 de novembre tindr\u00e0 lloc al centre una jornada de portes obertes per a professionals de l&#8217;educaci\u00f3 i persones interessades en la proposta educativa de l&#8217;Institut-Escola Les Vinyes. Per tal de con\u00e8ixer el projecte amb cert nivell de concreci\u00f3 les persones assistents hauran de triar Infantil i prim\u00e0ria o b\u00e9 Secund\u00e0ria. Programa de [&hellip;]<\/p>\n","protected":false},"author":6,"featured_media":0,"comment_status":"open","ping_status":"open","sticky":false,"template":"","format":"standard","meta":{"_bbp_topic_count":0,"_bbp_reply_count":0,"_bbp_total_topic_count":0,"_bbp_total_reply_count":0,"_bbp_voice_count":0,"_bbp_anonymous_reply_count":0,"_bbp_topic_count_hidden":0,"_bbp_reply_count_hidden":0,"_bbp_forum_subforum_count":0,"site-sidebar-layout":"default","site-content-layout":"","ast-site-content-layout":"","site-content-style":"default","site-sidebar-style":"default","ast-global-header-display":"","ast-banner-title-visibility":"","ast-main-header-display":"","ast-hfb-above-header-display":"","ast-hfb-below-header-display":"","ast-hfb-mobile-header-display":"","site-post-title":"","ast-breadcrumbs-content":"","ast-featured-img":"","footer-sml-layout":"","theme-transparent-header-meta":"","adv-header-id-meta":"","stick-header-meta":"","header-above-stick-meta":"","header-main-stick-meta":"","header-below-stick-meta":"","astra-migrate-meta-layouts":"default","ast-page-background-enabled":"default","ast-page-background-meta":{"desktop":{"background-color":"var(--ast-global-color-4)","background-image":"","background-repeat":"repeat","background-position":"center center","background-size":"auto","background-attachment":"scroll","background-type":"","background-media":"","overlay-type":"","overlay-color":"","overlay-opacity":"","overlay-gradient":""},"tablet":{"background-color":"","background-image":"","background-repeat":"repeat","background-position":"center center","background-size":"auto","background-attachment":"scroll","background-type":"","background-media":"","overlay-type":"","overlay-color":"","overlay-opacity":"","overlay-gradient":""},"mobile":{"background-color":"","background-image":"","background-repeat":"repeat","background-position":"center center","background-size":"auto","background-attachment":"scroll","background-type":"","background-media":"","overlay-type":"","overlay-color":"","overlay-opacity":"","overlay-gradient":""}},"ast-content-background-meta":{"desktop":{"background-color":"var(--ast-global-color-5)","background-image":"","background-repeat":"repeat","background-position":"center center","background-size":"auto","background-attachment":"scroll","background-type":"","background-media":"","overlay-type":"","overlay-color":"","overlay-opacity":"","overlay-gradient":""},"tablet":{"background-color":"var(--ast-global-color-5)","background-image":"","background-repeat":"repeat","background-position":"center center","background-size":"auto","background-attachment":"scroll","background-type":"","background-media":"","overlay-type":"","overlay-color":"","overlay-opacity":"","overlay-gradient":""},"mobile":{"background-color":"var(--ast-global-color-5)","background-image":"","background-repeat":"repeat","background-position":"center center","background-size":"auto","background-attachment":"scroll","background-type":"","background-media":"","overlay-type":"","overlay-color":"","overlay-opacity":"","overlay-gradient":""}},"footnotes":""},"categories":[369,31,29],"tags":[],"class_list":["post-2986","post","type-post","status-publish","format-standard","hentry","category-2017-18","category-afa","category-portada"],"post_mailing_queue_ids":[],"_links":{"self":[{"href":"https:\/\/agora.xtec.cat\/ielesvinyes\/wp-json\/wp\/v2\/posts\/2986","targetHints":{"allow":["GET"]}}],"collection":[{"href":"https:\/\/agora.xtec.cat\/ielesvinyes\/wp-json\/wp\/v2\/posts"}],"about":[{"href":"https:\/\/agora.xtec.cat\/ielesvinyes\/wp-json\/wp\/v2\/types\/post"}],"author":[{"embeddable":true,"href":"https:\/\/agora.xtec.cat\/ielesvinyes\/wp-json\/wp\/v2\/users\/6"}],"replies":[{"embeddable":true,"href":"https:\/\/agora.xtec.cat\/ielesvinyes\/wp-json\/wp\/v2\/comments?post=2986"}],"version-history":[{"count":1,"href":"https:\/\/agora.xtec.cat\/ielesvinyes\/wp-json\/wp\/v2\/posts\/2986\/revisions"}],"predecessor-version":[{"id":3109,"href":"https:\/\/agora.xtec.cat\/ielesvinyes\/wp-json\/wp\/v2\/posts\/2986\/revisions\/3109"}],"wp:attachment":[{"href":"https:\/\/agora.xtec.cat\/ielesvinyes\/wp-json\/wp\/v2\/media?parent=2986"}],"wp:term":[{"taxonomy":"category","embeddable":true,"href":"https:\/\/agora.xtec.cat\/ielesvinyes\/wp-json\/wp\/v2\/categories?post=2986"},{"taxonomy":"post_tag","embeddable":true,"href":"https:\/\/agora.xtec.cat\/ielesvinyes\/wp-json\/wp\/v2\/tags?post=2986"}],"curies":[{"name":"wp","href":"https:\/\/api.w.org\/{rel}","templated":true}]}}