{"id":2949,"date":"2017-06-01T07:35:58","date_gmt":"2017-06-01T05:35:58","guid":{"rendered":"http:\/\/ielesvinyes.net\/?p=2949"},"modified":"2017-06-01T07:35:58","modified_gmt":"2017-06-01T05:35:58","slug":"filmat","status":"publish","type":"post","link":"https:\/\/agora.xtec.cat\/ielesvinyes\/2016-17\/filmat\/","title":{"rendered":"Filma&#039;t!"},"content":{"rendered":"<p>Alumnes del <strong>Taller de cinema<\/strong> ens han passat aquesta nota de premsa per fer-ne difusi\u00f3. Si us agrada el bon cinema teniu una cita el 12 de juny!<\/p>\n<blockquote><p>Els nois i noies de l&#8217;<strong>Institut Castellbisbal<\/strong> i de l&#8217;<strong>Institut-Escola Les Vinyes<\/strong> hem estat fent uns curtmetratges: Rewind, 180 Graus i Cris\u00e0lide. Unes petites hist\u00f2ries que ens podrien passar a qualsevol de nosaltres.<\/p>\n<p>Ja que \u00e9s un treball amb molta feina darrera no ens semblava adient penjar els curts sense m\u00e9s i hem decidit estrenar-los en pantalla grana <strong><a href=\"http:\/\/www.castellbisbal.cat\/el-municipi-per-temes\/cultura\/els-costals\/\">Els Costals<\/a> (Castellbisbal)<\/strong>. Tot aix\u00f2 passar\u00e0 el dilluns 12 de Juny. A les 18.30 obrirem les portes i a les 19.00 comen\u00e7ar\u00e0 la projecci\u00f3 dels curts.<\/p>\n<p>El Projecte Filma&#8217;t \u00e9s un treball amb molta feina i tenim molt\u00edssimes ganes de donar-lo a con\u00e8ixer!<\/p>\n<p>T&#8217;ho perdr\u00e0s?<\/p>\n<p>&nbsp;<\/p><\/blockquote>\n<p><iframe loading=\"lazy\" style=\"border: 1px solid #CCC; border-width: 1px; margin-bottom: 5px; max-width: 100%;\" src=\"\/\/www.slideshare.net\/slideshow\/embed_code\/key\/ehDLY8voKw2Nc5\" width=\"668\" height=\"714\" frameborder=\"0\" marginwidth=\"0\" marginheight=\"0\" scrolling=\"no\" allowfullscreen=\"allowfullscreen\"> <\/iframe><\/p>\n","protected":false},"excerpt":{"rendered":"<p>Alumnes del Taller de cinema ens han passat aquesta nota de premsa per fer-ne difusi\u00f3. Si us agrada el bon cinema teniu una cita el 12 de juny! Els nois i noies de l&#8217;Institut Castellbisbal i de l&#8217;Institut-Escola Les Vinyes hem estat fent uns curtmetratges: Rewind, 180 Graus i Cris\u00e0lide. Unes petites hist\u00f2ries que ens [&hellip;]<\/p>\n","protected":false},"author":6,"featured_media":0,"comment_status":"open","ping_status":"open","sticky":false,"template":"","format":"standard","meta":{"_bbp_topic_count":0,"_bbp_reply_count":0,"_bbp_total_topic_count":0,"_bbp_total_reply_count":0,"_bbp_voice_count":0,"_bbp_anonymous_reply_count":0,"_bbp_topic_count_hidden":0,"_bbp_reply_count_hidden":0,"_bbp_forum_subforum_count":0,"site-sidebar-layout":"default","site-content-layout":"","ast-site-content-layout":"","site-content-style":"default","site-sidebar-style":"default","ast-global-header-display":"","ast-banner-title-visibility":"","ast-main-header-display":"","ast-hfb-above-header-display":"","ast-hfb-below-header-display":"","ast-hfb-mobile-header-display":"","site-post-title":"","ast-breadcrumbs-content":"","ast-featured-img":"","footer-sml-layout":"","theme-transparent-header-meta":"","adv-header-id-meta":"","stick-header-meta":"","header-above-stick-meta":"","header-main-stick-meta":"","header-below-stick-meta":"","astra-migrate-meta-layouts":"default","ast-page-background-enabled":"default","ast-page-background-meta":{"desktop":{"background-color":"var(--ast-global-color-4)","background-image":"","background-repeat":"repeat","background-position":"center center","background-size":"auto","background-attachment":"scroll","background-type":"","background-media":"","overlay-type":"","overlay-color":"","overlay-opacity":"","overlay-gradient":""},"tablet":{"background-color":"","background-image":"","background-repeat":"repeat","background-position":"center center","background-size":"auto","background-attachment":"scroll","background-type":"","background-media":"","overlay-type":"","overlay-color":"","overlay-opacity":"","overlay-gradient":""},"mobile":{"background-color":"","background-image":"","background-repeat":"repeat","background-position":"center center","background-size":"auto","background-attachment":"scroll","background-type":"","background-media":"","overlay-type":"","overlay-color":"","overlay-opacity":"","overlay-gradient":""}},"ast-content-background-meta":{"desktop":{"background-color":"var(--ast-global-color-5)","background-image":"","background-repeat":"repeat","background-position":"center center","background-size":"auto","background-attachment":"scroll","background-type":"","background-media":"","overlay-type":"","overlay-color":"","overlay-opacity":"","overlay-gradient":""},"tablet":{"background-color":"var(--ast-global-color-5)","background-image":"","background-repeat":"repeat","background-position":"center center","background-size":"auto","background-attachment":"scroll","background-type":"","background-media":"","overlay-type":"","overlay-color":"","overlay-opacity":"","overlay-gradient":""},"mobile":{"background-color":"var(--ast-global-color-5)","background-image":"","background-repeat":"repeat","background-position":"center center","background-size":"auto","background-attachment":"scroll","background-type":"","background-media":"","overlay-type":"","overlay-color":"","overlay-opacity":"","overlay-gradient":""}},"footnotes":""},"categories":[113,301],"tags":[],"class_list":["post-2949","post","type-post","status-publish","format-standard","hentry","category-2016-17","category-secundaria"],"post_mailing_queue_ids":[],"_links":{"self":[{"href":"https:\/\/agora.xtec.cat\/ielesvinyes\/wp-json\/wp\/v2\/posts\/2949","targetHints":{"allow":["GET"]}}],"collection":[{"href":"https:\/\/agora.xtec.cat\/ielesvinyes\/wp-json\/wp\/v2\/posts"}],"about":[{"href":"https:\/\/agora.xtec.cat\/ielesvinyes\/wp-json\/wp\/v2\/types\/post"}],"author":[{"embeddable":true,"href":"https:\/\/agora.xtec.cat\/ielesvinyes\/wp-json\/wp\/v2\/users\/6"}],"replies":[{"embeddable":true,"href":"https:\/\/agora.xtec.cat\/ielesvinyes\/wp-json\/wp\/v2\/comments?post=2949"}],"version-history":[{"count":0,"href":"https:\/\/agora.xtec.cat\/ielesvinyes\/wp-json\/wp\/v2\/posts\/2949\/revisions"}],"wp:attachment":[{"href":"https:\/\/agora.xtec.cat\/ielesvinyes\/wp-json\/wp\/v2\/media?parent=2949"}],"wp:term":[{"taxonomy":"category","embeddable":true,"href":"https:\/\/agora.xtec.cat\/ielesvinyes\/wp-json\/wp\/v2\/categories?post=2949"},{"taxonomy":"post_tag","embeddable":true,"href":"https:\/\/agora.xtec.cat\/ielesvinyes\/wp-json\/wp\/v2\/tags?post=2949"}],"curies":[{"name":"wp","href":"https:\/\/api.w.org\/{rel}","templated":true}]}}